{"id":5154,"date":"2025-06-05T05:16:00","date_gmt":"2025-06-05T05:16:00","guid":{"rendered":"https:\/\/newplace.ch\/?p=5154"},"modified":"2025-05-05T11:20:00","modified_gmt":"2025-05-05T11:20:00","slug":"trennungsprozesse-fair-gestalten","status":"publish","type":"post","link":"https:\/\/newplace.ch\/it\/trennungsprozesse-fair-gestalten\/","title":{"rendered":"Organizzare in modo equo i processi di separazione"},"content":{"rendered":"<p><strong>Opportunit\u00e0 concrete per le aziende e le persone interessate. - Articolo di Abdullah Redzepi e Michael Hasler in s\u00fcdostschweizjobs.ch<\/strong><\/p>\n\n\n\n<p>Le separazioni nella vita professionale sono tra i compiti pi\u00f9 impegnativi - per le aziende, i dirigenti e i dipendenti. Chi organizza consapevolmente questi processi e fornisce un supporto individuale crea fiducia, mantiene il rispetto e apre la porta a nuove opportunit\u00e0 per entrambe le parti.<\/p>\n\n\n\n<p><strong>Mostrare apprezzamento quando si saluta<\/strong><\/p>\n\n\n\n<p>Le separazioni sono parte integrante della vita lavorativa quotidiana, eppure sono associate a emozioni intense. Non riguardano solo i dipendenti licenziati, ma anche il team rimanente e hanno un impatto duraturo sulla cultura aziendale. Un processo di separazione rispettoso e chiaramente strutturato riduce al minimo lo stress emotivo, protegge la fiducia e la stabilit\u00e0 dell'azienda e rafforza il marchio del datore di lavoro. Invece di incertezza e frustrazione, c'\u00e8 spazio per l'apertura, l'equit\u00e0 e la nuova fiducia.<\/p>\n\n\n\n<p><strong>Supporto mirato per i manager<\/strong><\/p>\n\n\n\n<p>I dirigenti sono spesso al centro dei processi di separazione e allo stesso tempo si trovano in bilico tra interessi aziendali e preoccupazioni personali. Senza un supporto adeguato, molti si sentono sopraffatti da questa situazione. Grazie a una formazione mirata, a linee guida chiare e a un coaching individuale, i manager acquisiscono la fiducia necessaria per condurre le discussioni sul licenziamento in modo empatico, rispettoso e conforme alla legge. Chi accompagna i manager in questo percorso non solo rafforza i dipendenti interessati a lungo termine, ma sviluppa anche in modo sostanziale le proprie capacit\u00e0 di leadership.<\/p>\n\n\n\n<p><strong>Sostenere attivamente i dipendenti nel loro riorientamento<\/strong><\/p>\n\n\n\n<p>Per i dipendenti in esubero, la perdita del posto di lavoro rappresenta spesso un profondo sconvolgimento. Le aziende che offrono supporto per il ricollocamento o il nuovo inserimento dimostrano una responsabilit\u00e0 che va oltre il rapporto di lavoro e contribuiscono attivamente a dare forma alla separazione. La consulenza individuale, l'accompagnamento alla candidatura e il coaching per il riorientamento professionale aiutano a ridurre l'incertezza e a sviluppare nuove prospettive. In questo modo, le aziende inviano un forte segnale di apprezzamento e consentono un nuovo inizio coraggioso e sicuro di s\u00e9. Allo stesso tempo, i team rimasti riconoscono che il loro datore di lavoro non solo promette attenzione, ma la vive attivamente.<\/p>\n\n\n\n<p><strong>Comprendere la separazione come opportunit\u00e0 creativa<\/strong><\/p>\n\n\n\n<p>Una separazione organizzata in modo professionale offre a tutte le parti coinvolte l'opportunit\u00e0 di crescere e svilupparsi. Le aziende riaffermano i loro valori e rafforzano la loro reputazione di datore di lavoro responsabile a lungo termine. I manager sviluppano le loro capacit\u00e0 empatiche e imparano a condurre conversazioni difficili in modo costruttivo. E i dipendenti colpiti ricevono il sostegno necessario per trovare nuove strade. Chi vede le separazioni come parte di una vita lavorativa dinamica crea un ambiente in cui il cambiamento non \u00e8 temuto, ma sfruttato come un'opportunit\u00e0.<\/p>\n\n\n\n<p><strong>Conclusione<\/strong><\/p>\n\n\n\n<p>La cultura della separazione \u00e8 la cultura aziendale in azione. Il modo in cui le aziende si comportano nei momenti difficili dimostra se i loro valori sono davvero validi. Una separazione rispettosa e gestita in modo professionale protegge le relazioni, rafforza la motivazione dei team rimanenti e garantisce la redditivit\u00e0 futura dell'azienda. Chi rende visibile la correttezza e l'apprezzamento anche quando si separa, non solo ottiene fedelt\u00e0, ma anche fiducia ben oltre il momento.<\/p>\n\n\n\n<p><\/p>\n\n\n\n<p><\/p>\n\n\n\n<p><strong>Questo potrebbe interessarti anche:<\/strong><\/p>\n\n\n\n<ul class=\"wp-block-list\">\n<li><a href=\"https:\/\/newplace.ch\/it\/loopings\/\">Reti di looping intorno al tema del lavoro con gli over 45<\/a><\/li>\n\n\n\n<li><a href=\"https:\/\/newplace.ch\/it\/survivors-reorganisation\/\">I \"sopravvissuti\" vengono spesso persi durante le misure di riorganizzazione<\/a><\/li>\n\n\n\n<li><a href=\"https:\/\/newplace.ch\/it\/gruende-outplacement-arbeitnehmer\/\">L'outplacement come valore aggiunto per i dipendenti<\/a><\/li>\n<\/ul>\n\n\n\n<p><\/p>","protected":false},"excerpt":{"rendered":"<p>Chancen f\u00fcr Unternehmen und Betroffene realisieren. \u2013 Artikel von Abdullah Redzepi und Michael Hasler in s\u00fcdostschweizjobs.ch Trennungen im Berufsleben geh\u00f6ren zu den anspruchsvollsten Aufgaben \u2013 f\u00fcr Unternehmen, F\u00fchrungskr\u00e4fte und Mitarbeitende. Wer diese Prozesse bewusst gestaltet und eine individuelle Begleitung erm\u00f6glicht, schafft Vertrauen, wahrt den Respekt und \u00f6ffnet die T\u00fcr zu neuen Chancen auf beiden Seiten. [&hellip;]<\/p>\n","protected":false},"author":3,"featured_media":0,"comment_status":"closed","ping_status":"closed","sticky":false,"template":"","format":"standard","meta":{"_acf_changed":false,"footnotes":""},"categories":[1],"tags":[],"class_list":["post-5154","post","type-post","status-publish","format-standard","hentry","category-uncategorized"],"acf":[],"yoast_head":"<!-- This site is optimized with the Yoast SEO plugin v27.5 - https:\/\/yoast.com\/product\/yoast-seo-wordpress\/ -->\n<title>Trennungsprozesse fair gestalten &#8226; newplace<\/title>\n<meta name=\"robots\" content=\"index, follow, max-snippet:-1, max-image-preview:large, max-video-preview:-1\" \/>\n<link rel=\"canonical\" href=\"https:\/\/newplace.ch\/it\/trennungsprozesse-fair-gestalten\/\" \/>\n<meta property=\"og:locale\" content=\"it_IT\" \/>\n<meta property=\"og:type\" content=\"article\" \/>\n<meta property=\"og:title\" content=\"Trennungsprozesse fair gestalten &#8226; newplace\" \/>\n<meta property=\"og:description\" content=\"Chancen f\u00fcr Unternehmen und Betroffene realisieren. \u2013 Artikel von Abdullah Redzepi und Michael Hasler in s\u00fcdostschweizjobs.ch Trennungen im Berufsleben geh\u00f6ren zu den anspruchsvollsten Aufgaben \u2013 f\u00fcr Unternehmen, F\u00fchrungskr\u00e4fte und Mitarbeitende. Wer diese Prozesse bewusst gestaltet und eine individuelle Begleitung erm\u00f6glicht, schafft Vertrauen, wahrt den Respekt und \u00f6ffnet die T\u00fcr zu neuen Chancen auf beiden Seiten. [&hellip;]\" \/>\n<meta property=\"og:url\" content=\"https:\/\/newplace.ch\/it\/trennungsprozesse-fair-gestalten\/\" \/>\n<meta property=\"og:site_name\" content=\"newplace\" \/>\n<meta property=\"article:published_time\" content=\"2025-06-05T05:16:00+00:00\" \/>\n<meta name=\"author\" content=\"Eve Kaiser\" \/>\n<meta name=\"twitter:card\" content=\"summary_large_image\" \/>\n<script type=\"application\/ld+json\" class=\"yoast-schema-graph\">{\"@context\":\"https:\\\/\\\/schema.org\",\"@graph\":[{\"@type\":\"Article\",\"@id\":\"https:\\\/\\\/newplace.ch\\\/trennungsprozesse-fair-gestalten\\\/#article\",\"isPartOf\":{\"@id\":\"https:\\\/\\\/newplace.ch\\\/trennungsprozesse-fair-gestalten\\\/\"},\"author\":{\"name\":\"Eve Kaiser\",\"@id\":\"https:\\\/\\\/newplace.ch\\\/#\\\/schema\\\/person\\\/4fb9d1c27d6b96b5b88d45e150fa59aa\"},\"headline\":\"Trennungsprozesse fair gestalten\",\"datePublished\":\"2025-06-05T05:16:00+00:00\",\"mainEntityOfPage\":{\"@id\":\"https:\\\/\\\/newplace.ch\\\/trennungsprozesse-fair-gestalten\\\/\"},\"wordCount\":490,\"publisher\":{\"@id\":\"https:\\\/\\\/newplace.ch\\\/#organization\"},\"articleSection\":[\"Uncategorized\"],\"inLanguage\":\"it-IT\"},{\"@type\":\"WebPage\",\"@id\":\"https:\\\/\\\/newplace.ch\\\/trennungsprozesse-fair-gestalten\\\/\",\"url\":\"https:\\\/\\\/newplace.ch\\\/trennungsprozesse-fair-gestalten\\\/\",\"name\":\"Trennungsprozesse fair gestalten &#8226; newplace\",\"isPartOf\":{\"@id\":\"https:\\\/\\\/newplace.ch\\\/#website\"},\"datePublished\":\"2025-06-05T05:16:00+00:00\",\"breadcrumb\":{\"@id\":\"https:\\\/\\\/newplace.ch\\\/trennungsprozesse-fair-gestalten\\\/#breadcrumb\"},\"inLanguage\":\"it-IT\",\"potentialAction\":[{\"@type\":\"ReadAction\",\"target\":[\"https:\\\/\\\/newplace.ch\\\/trennungsprozesse-fair-gestalten\\\/\"]}]},{\"@type\":\"BreadcrumbList\",\"@id\":\"https:\\\/\\\/newplace.ch\\\/trennungsprozesse-fair-gestalten\\\/#breadcrumb\",\"itemListElement\":[{\"@type\":\"ListItem\",\"position\":1,\"name\":\"Startseite\",\"item\":\"https:\\\/\\\/newplace.ch\\\/\"},{\"@type\":\"ListItem\",\"position\":2,\"name\":\"Trennungsprozesse fair gestalten\"}]},{\"@type\":\"WebSite\",\"@id\":\"https:\\\/\\\/newplace.ch\\\/#website\",\"url\":\"https:\\\/\\\/newplace.ch\\\/\",\"name\":\"newplace\",\"description\":\"\",\"publisher\":{\"@id\":\"https:\\\/\\\/newplace.ch\\\/#organization\"},\"potentialAction\":[{\"@type\":\"SearchAction\",\"target\":{\"@type\":\"EntryPoint\",\"urlTemplate\":\"https:\\\/\\\/newplace.ch\\\/?s={search_term_string}\"},\"query-input\":{\"@type\":\"PropertyValueSpecification\",\"valueRequired\":true,\"valueName\":\"search_term_string\"}}],\"inLanguage\":\"it-IT\"},{\"@type\":\"Organization\",\"@id\":\"https:\\\/\\\/newplace.ch\\\/#organization\",\"name\":\"newplace AG\",\"url\":\"https:\\\/\\\/newplace.ch\\\/\",\"logo\":{\"@type\":\"ImageObject\",\"inLanguage\":\"it-IT\",\"@id\":\"https:\\\/\\\/newplace.ch\\\/#\\\/schema\\\/logo\\\/image\\\/\",\"url\":\"https:\\\/\\\/newplace.ch\\\/wp-content\\\/uploads\\\/2025\\\/02\\\/newplace.svg\",\"contentUrl\":\"https:\\\/\\\/newplace.ch\\\/wp-content\\\/uploads\\\/2025\\\/02\\\/newplace.svg\",\"width\":345,\"height\":120,\"caption\":\"newplace AG\"},\"image\":{\"@id\":\"https:\\\/\\\/newplace.ch\\\/#\\\/schema\\\/logo\\\/image\\\/\"},\"sameAs\":[\"https:\\\/\\\/www.linkedin.com\\\/company\\\/newplace-ag\"]},{\"@type\":\"Person\",\"@id\":\"https:\\\/\\\/newplace.ch\\\/#\\\/schema\\\/person\\\/4fb9d1c27d6b96b5b88d45e150fa59aa\",\"name\":\"Eve Kaiser\",\"image\":{\"@type\":\"ImageObject\",\"inLanguage\":\"it-IT\",\"@id\":\"https:\\\/\\\/secure.gravatar.com\\\/avatar\\\/7c2d6d328de78931d92c8d6e08d766db4ba97f53879eaba54c71747faeed578d?s=96&d=mm&r=g\",\"url\":\"https:\\\/\\\/secure.gravatar.com\\\/avatar\\\/7c2d6d328de78931d92c8d6e08d766db4ba97f53879eaba54c71747faeed578d?s=96&d=mm&r=g\",\"contentUrl\":\"https:\\\/\\\/secure.gravatar.com\\\/avatar\\\/7c2d6d328de78931d92c8d6e08d766db4ba97f53879eaba54c71747faeed578d?s=96&d=mm&r=g\",\"caption\":\"Eve Kaiser\"}}]}<\/script>\n<!-- \/ Yoast SEO plugin. -->","yoast_head_json":{"title":"Trennungsprozesse fair gestalten &#8226; newplace","robots":{"index":"index","follow":"follow","max-snippet":"max-snippet:-1","max-image-preview":"max-image-preview:large","max-video-preview":"max-video-preview:-1"},"canonical":"https:\/\/newplace.ch\/it\/trennungsprozesse-fair-gestalten\/","og_locale":"it_IT","og_type":"article","og_title":"Trennungsprozesse fair gestalten &#8226; newplace","og_description":"Chancen f\u00fcr Unternehmen und Betroffene realisieren. \u2013 Artikel von Abdullah Redzepi und Michael Hasler in s\u00fcdostschweizjobs.ch Trennungen im Berufsleben geh\u00f6ren zu den anspruchsvollsten Aufgaben \u2013 f\u00fcr Unternehmen, F\u00fchrungskr\u00e4fte und Mitarbeitende. Wer diese Prozesse bewusst gestaltet und eine individuelle Begleitung erm\u00f6glicht, schafft Vertrauen, wahrt den Respekt und \u00f6ffnet die T\u00fcr zu neuen Chancen auf beiden Seiten. [&hellip;]","og_url":"https:\/\/newplace.ch\/it\/trennungsprozesse-fair-gestalten\/","og_site_name":"newplace","article_published_time":"2025-06-05T05:16:00+00:00","author":"Eve Kaiser","twitter_card":"summary_large_image","schema":{"@context":"https:\/\/schema.org","@graph":[{"@type":"Article","@id":"https:\/\/newplace.ch\/trennungsprozesse-fair-gestalten\/#article","isPartOf":{"@id":"https:\/\/newplace.ch\/trennungsprozesse-fair-gestalten\/"},"author":{"name":"Eve Kaiser","@id":"https:\/\/newplace.ch\/#\/schema\/person\/4fb9d1c27d6b96b5b88d45e150fa59aa"},"headline":"Trennungsprozesse fair gestalten","datePublished":"2025-06-05T05:16:00+00:00","mainEntityOfPage":{"@id":"https:\/\/newplace.ch\/trennungsprozesse-fair-gestalten\/"},"wordCount":490,"publisher":{"@id":"https:\/\/newplace.ch\/#organization"},"articleSection":["Uncategorized"],"inLanguage":"it-IT"},{"@type":"WebPage","@id":"https:\/\/newplace.ch\/trennungsprozesse-fair-gestalten\/","url":"https:\/\/newplace.ch\/trennungsprozesse-fair-gestalten\/","name":"Trennungsprozesse fair gestalten &#8226; newplace","isPartOf":{"@id":"https:\/\/newplace.ch\/#website"},"datePublished":"2025-06-05T05:16:00+00:00","breadcrumb":{"@id":"https:\/\/newplace.ch\/trennungsprozesse-fair-gestalten\/#breadcrumb"},"inLanguage":"it-IT","potentialAction":[{"@type":"ReadAction","target":["https:\/\/newplace.ch\/trennungsprozesse-fair-gestalten\/"]}]},{"@type":"BreadcrumbList","@id":"https:\/\/newplace.ch\/trennungsprozesse-fair-gestalten\/#breadcrumb","itemListElement":[{"@type":"ListItem","position":1,"name":"Startseite","item":"https:\/\/newplace.ch\/"},{"@type":"ListItem","position":2,"name":"Trennungsprozesse fair gestalten"}]},{"@type":"WebSite","@id":"https:\/\/newplace.ch\/#website","url":"https:\/\/newplace.ch\/","name":"nuovo posto","description":"","publisher":{"@id":"https:\/\/newplace.ch\/#organization"},"potentialAction":[{"@type":"SearchAction","target":{"@type":"EntryPoint","urlTemplate":"https:\/\/newplace.ch\/?s={search_term_string}"},"query-input":{"@type":"PropertyValueSpecification","valueRequired":true,"valueName":"search_term_string"}}],"inLanguage":"it-IT"},{"@type":"Organization","@id":"https:\/\/newplace.ch\/#organization","name":"newplace AG","url":"https:\/\/newplace.ch\/","logo":{"@type":"ImageObject","inLanguage":"it-IT","@id":"https:\/\/newplace.ch\/#\/schema\/logo\/image\/","url":"https:\/\/newplace.ch\/wp-content\/uploads\/2025\/02\/newplace.svg","contentUrl":"https:\/\/newplace.ch\/wp-content\/uploads\/2025\/02\/newplace.svg","width":345,"height":120,"caption":"newplace AG"},"image":{"@id":"https:\/\/newplace.ch\/#\/schema\/logo\/image\/"},"sameAs":["https:\/\/www.linkedin.com\/company\/newplace-ag"]},{"@type":"Person","@id":"https:\/\/newplace.ch\/#\/schema\/person\/4fb9d1c27d6b96b5b88d45e150fa59aa","name":"Eve Kaiser","image":{"@type":"ImageObject","inLanguage":"it-IT","@id":"https:\/\/secure.gravatar.com\/avatar\/7c2d6d328de78931d92c8d6e08d766db4ba97f53879eaba54c71747faeed578d?s=96&d=mm&r=g","url":"https:\/\/secure.gravatar.com\/avatar\/7c2d6d328de78931d92c8d6e08d766db4ba97f53879eaba54c71747faeed578d?s=96&d=mm&r=g","contentUrl":"https:\/\/secure.gravatar.com\/avatar\/7c2d6d328de78931d92c8d6e08d766db4ba97f53879eaba54c71747faeed578d?s=96&d=mm&r=g","caption":"Eve Kaiser"}}]}},"_links":{"self":[{"href":"https:\/\/newplace.ch\/it\/wp-json\/wp\/v2\/posts\/5154","targetHints":{"allow":["GET"]}}],"collection":[{"href":"https:\/\/newplace.ch\/it\/wp-json\/wp\/v2\/posts"}],"about":[{"href":"https:\/\/newplace.ch\/it\/wp-json\/wp\/v2\/types\/post"}],"author":[{"embeddable":true,"href":"https:\/\/newplace.ch\/it\/wp-json\/wp\/v2\/users\/3"}],"replies":[{"embeddable":true,"href":"https:\/\/newplace.ch\/it\/wp-json\/wp\/v2\/comments?post=5154"}],"version-history":[{"count":1,"href":"https:\/\/newplace.ch\/it\/wp-json\/wp\/v2\/posts\/5154\/revisions"}],"predecessor-version":[{"id":5155,"href":"https:\/\/newplace.ch\/it\/wp-json\/wp\/v2\/posts\/5154\/revisions\/5155"}],"wp:attachment":[{"href":"https:\/\/newplace.ch\/it\/wp-json\/wp\/v2\/media?parent=5154"}],"wp:term":[{"taxonomy":"category","embeddable":true,"href":"https:\/\/newplace.ch\/it\/wp-json\/wp\/v2\/categories?post=5154"},{"taxonomy":"post_tag","embeddable":true,"href":"https:\/\/newplace.ch\/it\/wp-json\/wp\/v2\/tags?post=5154"}],"curies":[{"name":"wp","href":"https:\/\/api.w.org\/{rel}","templated":true}]}}