{"id":3501,"date":"2023-05-11T07:11:29","date_gmt":"2023-05-11T07:11:29","guid":{"rendered":"https:\/\/www.newplace.ch\/?p=3501"},"modified":"2025-03-27T13:19:49","modified_gmt":"2025-03-27T13:19:49","slug":"standortbestimmung-wert-persoenliche-berufliche-entwicklung","status":"publish","type":"post","link":"https:\/\/newplace.ch\/it\/standortbestimmung-wert-persoenliche-berufliche-entwicklung\/","title":{"rendered":"Le valutazioni della posizione e il loro valore per lo sviluppo personale e professionale, indipendentemente dall'et\u00e0."},"content":{"rendered":"<div class=\"wpb_text_column wpb_content_element\">\n<div class=\"wpb_wrapper\">\n<p>Trovare un nuovo lavoro sembra essere difficile o addirittura impossibile per molte persone dopo i cinquant'anni: L'et\u00e0 pensionabile si avvicina, i costi non salariali del lavoro aumentano e a volte ci sono pregiudizi sulla mancanza di flessibilit\u00e0 o sul calo di produttivit\u00e0.<\/p>\n<\/div>\n<\/div>\n<div class=\"vc_empty_space\"><\/div>\n<div class=\"wpb_text_column wpb_content_element\">\n<div class=\"wpb_wrapper\">\n<p><a href=\"https:\/\/newplace.ch\/it\/\">nuovo posto<\/a>\u00a0\u00e8 quindi molto interessata a modificare a lungo termine queste condizioni quadro per i lavoratori anziani. Siamo inoltre fermamente convinti che, in considerazione dell'invecchiamento della popolazione e della carenza di manodopera qualificata, sia essenziale mantenere i lavoratori anziani nel loro posto di lavoro e reintegrare i disoccupati over 50 nella vita lavorativa.<\/p>\n<\/div>\n<\/div>\n<div class=\"vc_empty_space\"><\/div>\n<div class=\"wpb_text_column wpb_content_element\">\n<div class=\"wpb_wrapper\">\n<p>Tuttavia, anche l'impegno dei dipendenti \u00e8 essenziale, e questo vale per tutti i dipendenti, indipendentemente dalla loro et\u00e0. L'esperienza dimostra che non appena un lavoro viene assunto con successo, molte persone si riposano e smettono di svilupparsi, in parte perch\u00e9 non sanno dove vogliono andare.<\/p>\n<\/div>\n<\/div>\n<div class=\"vc_empty_space\"><\/div>\n<div class=\"wpb_text_column wpb_content_element\">\n<div class=\"wpb_wrapper\">\n<p>Per evitare questa incertezza e la conseguente stagnazione, valutazioni regolari - non solo a partire dai 50 anni - possono apportare un enorme valore aggiunto, sia a livello personale che professionale.<\/p>\n<\/div>\n<\/div>\n<div class=\"vc_empty_space\"><\/div>\n<div class=\"wpb_text_column wpb_content_element\">\n<div class=\"wpb_wrapper\">\n<p>In un assessment, i dipendenti possono scoprire di pi\u00f9 sul loro potenziale, riflettere sulla loro carriera e ottenere nuovi impulsi. Il processo di newplace prevede che gli obiettivi vengano definiti in un incontro iniziale, che costituir\u00e0 la base per la progettazione del programma, l'ambito e il contenuto dell'assessment personalizzato.<\/p>\n<\/div>\n<\/div>\n<div class=\"vc_empty_space\"><\/div>\n<div class=\"wpb_text_column wpb_content_element\">\n<div class=\"wpb_wrapper\">\n<p>Non importa quindi a quale et\u00e0 si svolga la valutazione per la prima volta: \u00e8 importante analizzare regolarmente i propri punti di forza e il proprio potenziale, soprattutto con l'avanzare dell'et\u00e0 e dell'esperienza.<\/p>\n<\/div>\n<\/div>\n<div class=\"vc_empty_space\"><\/div>\n<div class=\"wpb_text_column wpb_content_element\">\n<div class=\"wpb_wrapper\">\n<p>Contattateci se avete domande o se avete bisogno di discutere i temi dell'occupabilit\u00e0, della carriera 50+, del riorientamento professionale - saremo lieti di ascoltarvi!<\/p>\n<\/div>\n<\/div>\n<div class=\"vc_empty_space\"><\/div>\n<div class=\"wpb_text_column wpb_content_element\">\n<div class=\"wpb_wrapper\">\n<p><strong>Questo potrebbe interessarti anche:<\/strong><\/p>\n<ul>\n<li><a href=\"https:\/\/newplace.ch\/it\/loopings\/\">Reti di looping intorno al tema del lavoro con gli over 45<\/a><\/li>\n<li><a href=\"https:\/\/newplace.ch\/it\/survivors-reorganisation\/\">I \"sopravvissuti\" vengono spesso persi durante le misure di riorganizzazione<\/a><\/li>\n<li><a href=\"https:\/\/newplace.ch\/it\/gruende-outplacement-arbeitnehmer\/\">L'outplacement come valore aggiunto per i dipendenti<\/a><\/li>\n<\/ul>\n<\/div>\n<\/div>\n<div class=\"vc_empty_space\"><\/div>","protected":false},"excerpt":{"rendered":"<p>Trovare un nuovo lavoro sembra essere difficile o addirittura impossibile per molti ultracinquantenni: un'analisi della posizione pu\u00f2 aiutare.<\/p>","protected":false},"author":3,"featured_media":3502,"comment_status":"open","ping_status":"open","sticky":false,"template":"","format":"standard","meta":{"_acf_changed":false,"footnotes":""},"categories":[10,11],"tags":[],"class_list":["post-3501","post","type-post","status-publish","format-standard","has-post-thumbnail","hentry","category-hr-welt","category-newplace"],"acf":[],"yoast_head":"<!-- This site is optimized with the Yoast SEO plugin v24.7 - https:\/\/yoast.com\/wordpress\/plugins\/seo\/ -->\n<title>Standortbestimmung und ihr Wert f\u00fcr die eigene Entwicklung<\/title>\n<meta name=\"description\" content=\"Standortbestimmungen und ihr Wert f\u00fcr die pers\u00f6nliche und berufliche Entwicklung - unabh\u00e4ngig vom Alter\" \/>\n<meta name=\"robots\" content=\"index, follow, max-snippet:-1, max-image-preview:large, max-video-preview:-1\" \/>\n<link rel=\"canonical\" href=\"https:\/\/newplace.ch\/it\/standortbestimmung-wert-persoenliche-berufliche-entwicklung\/\" \/>\n<meta property=\"og:locale\" content=\"it_IT\" \/>\n<meta property=\"og:type\" content=\"article\" \/>\n<meta property=\"og:title\" content=\"Standortbestimmung und ihr Wert f\u00fcr die eigene Entwicklung\" \/>\n<meta property=\"og:description\" content=\"Standortbestimmungen und ihr Wert f\u00fcr die pers\u00f6nliche und berufliche Entwicklung - unabh\u00e4ngig vom Alter\" \/>\n<meta property=\"og:url\" content=\"https:\/\/newplace.ch\/it\/standortbestimmung-wert-persoenliche-berufliche-entwicklung\/\" \/>\n<meta property=\"og:site_name\" content=\"newplace\" \/>\n<meta property=\"article:published_time\" content=\"2023-05-11T07:11:29+00:00\" \/>\n<meta property=\"article:modified_time\" content=\"2025-03-27T13:19:49+00:00\" \/>\n<meta name=\"author\" content=\"Eve Kaiser\" \/>\n<meta name=\"twitter:card\" content=\"summary_large_image\" \/>\n<script type=\"application\/ld+json\" class=\"yoast-schema-graph\">{\"@context\":\"https:\/\/schema.org\",\"@graph\":[{\"@type\":\"Article\",\"@id\":\"https:\/\/newplace.ch\/standortbestimmung-wert-persoenliche-berufliche-entwicklung\/#article\",\"isPartOf\":{\"@id\":\"https:\/\/newplace.ch\/standortbestimmung-wert-persoenliche-berufliche-entwicklung\/\"},\"author\":{\"name\":\"Eve Kaiser\",\"@id\":\"https:\/\/newplace.ch\/#\/schema\/person\/4fb9d1c27d6b96b5b88d45e150fa59aa\"},\"headline\":\"Standortbestimmungen und ihr Wert f\u00fcr die pers\u00f6nliche und berufliche Entwicklung &#8211; unabh\u00e4ngig vom Alter\",\"datePublished\":\"2023-05-11T07:11:29+00:00\",\"dateModified\":\"2025-03-27T13:19:49+00:00\",\"mainEntityOfPage\":{\"@id\":\"https:\/\/newplace.ch\/standortbestimmung-wert-persoenliche-berufliche-entwicklung\/\"},\"wordCount\":333,\"commentCount\":0,\"publisher\":{\"@id\":\"https:\/\/newplace.ch\/#organization\"},\"image\":{\"@id\":\"https:\/\/newplace.ch\/standortbestimmung-wert-persoenliche-berufliche-entwicklung\/#primaryimage\"},\"thumbnailUrl\":\"\",\"articleSection\":[\"aus der HR-Welt\",\"von newplace\"],\"inLanguage\":\"it-IT\",\"potentialAction\":[{\"@type\":\"CommentAction\",\"name\":\"Comment\",\"target\":[\"https:\/\/newplace.ch\/standortbestimmung-wert-persoenliche-berufliche-entwicklung\/#respond\"]}]},{\"@type\":\"WebPage\",\"@id\":\"https:\/\/newplace.ch\/standortbestimmung-wert-persoenliche-berufliche-entwicklung\/\",\"url\":\"https:\/\/newplace.ch\/standortbestimmung-wert-persoenliche-berufliche-entwicklung\/\",\"name\":\"Standortbestimmung und ihr Wert f\u00fcr die eigene Entwicklung\",\"isPartOf\":{\"@id\":\"https:\/\/newplace.ch\/#website\"},\"primaryImageOfPage\":{\"@id\":\"https:\/\/newplace.ch\/standortbestimmung-wert-persoenliche-berufliche-entwicklung\/#primaryimage\"},\"image\":{\"@id\":\"https:\/\/newplace.ch\/standortbestimmung-wert-persoenliche-berufliche-entwicklung\/#primaryimage\"},\"thumbnailUrl\":\"\",\"datePublished\":\"2023-05-11T07:11:29+00:00\",\"dateModified\":\"2025-03-27T13:19:49+00:00\",\"description\":\"Standortbestimmungen und ihr Wert f\u00fcr die pers\u00f6nliche und berufliche Entwicklung - unabh\u00e4ngig vom Alter\",\"breadcrumb\":{\"@id\":\"https:\/\/newplace.ch\/standortbestimmung-wert-persoenliche-berufliche-entwicklung\/#breadcrumb\"},\"inLanguage\":\"it-IT\",\"potentialAction\":[{\"@type\":\"ReadAction\",\"target\":[\"https:\/\/newplace.ch\/standortbestimmung-wert-persoenliche-berufliche-entwicklung\/\"]}]},{\"@type\":\"ImageObject\",\"inLanguage\":\"it-IT\",\"@id\":\"https:\/\/newplace.ch\/standortbestimmung-wert-persoenliche-berufliche-entwicklung\/#primaryimage\",\"url\":\"\",\"contentUrl\":\"\"},{\"@type\":\"BreadcrumbList\",\"@id\":\"https:\/\/newplace.ch\/standortbestimmung-wert-persoenliche-berufliche-entwicklung\/#breadcrumb\",\"itemListElement\":[{\"@type\":\"ListItem\",\"position\":1,\"name\":\"Startseite\",\"item\":\"https:\/\/newplace.ch\/\"},{\"@type\":\"ListItem\",\"position\":2,\"name\":\"Standortbestimmungen und ihr Wert f\u00fcr die pers\u00f6nliche und berufliche Entwicklung &#8211; unabh\u00e4ngig vom Alter\"}]},{\"@type\":\"WebSite\",\"@id\":\"https:\/\/newplace.ch\/#website\",\"url\":\"https:\/\/newplace.ch\/\",\"name\":\"newplace\",\"description\":\"\",\"publisher\":{\"@id\":\"https:\/\/newplace.ch\/#organization\"},\"potentialAction\":[{\"@type\":\"SearchAction\",\"target\":{\"@type\":\"EntryPoint\",\"urlTemplate\":\"https:\/\/newplace.ch\/?s={search_term_string}\"},\"query-input\":{\"@type\":\"PropertyValueSpecification\",\"valueRequired\":true,\"valueName\":\"search_term_string\"}}],\"inLanguage\":\"it-IT\"},{\"@type\":\"Organization\",\"@id\":\"https:\/\/newplace.ch\/#organization\",\"name\":\"newplace AG\",\"url\":\"https:\/\/newplace.ch\/\",\"logo\":{\"@type\":\"ImageObject\",\"inLanguage\":\"it-IT\",\"@id\":\"https:\/\/newplace.ch\/#\/schema\/logo\/image\/\",\"url\":\"https:\/\/newplace.ch\/wp-content\/uploads\/2025\/02\/newplace.svg\",\"contentUrl\":\"https:\/\/newplace.ch\/wp-content\/uploads\/2025\/02\/newplace.svg\",\"width\":345,\"height\":120,\"caption\":\"newplace AG\"},\"image\":{\"@id\":\"https:\/\/newplace.ch\/#\/schema\/logo\/image\/\"},\"sameAs\":[\"https:\/\/www.linkedin.com\/company\/newplace-ag\"]},{\"@type\":\"Person\",\"@id\":\"https:\/\/newplace.ch\/#\/schema\/person\/4fb9d1c27d6b96b5b88d45e150fa59aa\",\"name\":\"Eve Kaiser\",\"image\":{\"@type\":\"ImageObject\",\"inLanguage\":\"it-IT\",\"@id\":\"https:\/\/newplace.ch\/#\/schema\/person\/image\/\",\"url\":\"https:\/\/secure.gravatar.com\/avatar\/7c2d6d328de78931d92c8d6e08d766db4ba97f53879eaba54c71747faeed578d?s=96&d=mm&r=g\",\"contentUrl\":\"https:\/\/secure.gravatar.com\/avatar\/7c2d6d328de78931d92c8d6e08d766db4ba97f53879eaba54c71747faeed578d?s=96&d=mm&r=g\",\"caption\":\"Eve Kaiser\"}}]}<\/script>\n<!-- \/ Yoast SEO plugin. -->","yoast_head_json":{"title":"Standortbestimmung und ihr Wert f\u00fcr die eigene Entwicklung","description":"Standortbestimmungen und ihr Wert f\u00fcr die pers\u00f6nliche und berufliche Entwicklung - unabh\u00e4ngig vom Alter","robots":{"index":"index","follow":"follow","max-snippet":"max-snippet:-1","max-image-preview":"max-image-preview:large","max-video-preview":"max-video-preview:-1"},"canonical":"https:\/\/newplace.ch\/it\/standortbestimmung-wert-persoenliche-berufliche-entwicklung\/","og_locale":"it_IT","og_type":"article","og_title":"Standortbestimmung und ihr Wert f\u00fcr die eigene Entwicklung","og_description":"Standortbestimmungen und ihr Wert f\u00fcr die pers\u00f6nliche und berufliche Entwicklung - unabh\u00e4ngig vom Alter","og_url":"https:\/\/newplace.ch\/it\/standortbestimmung-wert-persoenliche-berufliche-entwicklung\/","og_site_name":"newplace","article_published_time":"2023-05-11T07:11:29+00:00","article_modified_time":"2025-03-27T13:19:49+00:00","author":"Eve Kaiser","twitter_card":"summary_large_image","schema":{"@context":"https:\/\/schema.org","@graph":[{"@type":"Article","@id":"https:\/\/newplace.ch\/standortbestimmung-wert-persoenliche-berufliche-entwicklung\/#article","isPartOf":{"@id":"https:\/\/newplace.ch\/standortbestimmung-wert-persoenliche-berufliche-entwicklung\/"},"author":{"name":"Eve Kaiser","@id":"https:\/\/newplace.ch\/#\/schema\/person\/4fb9d1c27d6b96b5b88d45e150fa59aa"},"headline":"Standortbestimmungen und ihr Wert f\u00fcr die pers\u00f6nliche und berufliche Entwicklung &#8211; unabh\u00e4ngig vom Alter","datePublished":"2023-05-11T07:11:29+00:00","dateModified":"2025-03-27T13:19:49+00:00","mainEntityOfPage":{"@id":"https:\/\/newplace.ch\/standortbestimmung-wert-persoenliche-berufliche-entwicklung\/"},"wordCount":333,"commentCount":0,"publisher":{"@id":"https:\/\/newplace.ch\/#organization"},"image":{"@id":"https:\/\/newplace.ch\/standortbestimmung-wert-persoenliche-berufliche-entwicklung\/#primaryimage"},"thumbnailUrl":"","articleSection":["aus der HR-Welt","von newplace"],"inLanguage":"it-IT","potentialAction":[{"@type":"CommentAction","name":"Comment","target":["https:\/\/newplace.ch\/standortbestimmung-wert-persoenliche-berufliche-entwicklung\/#respond"]}]},{"@type":"WebPage","@id":"https:\/\/newplace.ch\/standortbestimmung-wert-persoenliche-berufliche-entwicklung\/","url":"https:\/\/newplace.ch\/standortbestimmung-wert-persoenliche-berufliche-entwicklung\/","name":"Standortbestimmung und ihr Wert f\u00fcr die eigene Entwicklung","isPartOf":{"@id":"https:\/\/newplace.ch\/#website"},"primaryImageOfPage":{"@id":"https:\/\/newplace.ch\/standortbestimmung-wert-persoenliche-berufliche-entwicklung\/#primaryimage"},"image":{"@id":"https:\/\/newplace.ch\/standortbestimmung-wert-persoenliche-berufliche-entwicklung\/#primaryimage"},"thumbnailUrl":"","datePublished":"2023-05-11T07:11:29+00:00","dateModified":"2025-03-27T13:19:49+00:00","description":"Standortbestimmungen und ihr Wert f\u00fcr die pers\u00f6nliche und berufliche Entwicklung - unabh\u00e4ngig vom Alter","breadcrumb":{"@id":"https:\/\/newplace.ch\/standortbestimmung-wert-persoenliche-berufliche-entwicklung\/#breadcrumb"},"inLanguage":"it-IT","potentialAction":[{"@type":"ReadAction","target":["https:\/\/newplace.ch\/standortbestimmung-wert-persoenliche-berufliche-entwicklung\/"]}]},{"@type":"ImageObject","inLanguage":"it-IT","@id":"https:\/\/newplace.ch\/standortbestimmung-wert-persoenliche-berufliche-entwicklung\/#primaryimage","url":"","contentUrl":""},{"@type":"BreadcrumbList","@id":"https:\/\/newplace.ch\/standortbestimmung-wert-persoenliche-berufliche-entwicklung\/#breadcrumb","itemListElement":[{"@type":"ListItem","position":1,"name":"Startseite","item":"https:\/\/newplace.ch\/"},{"@type":"ListItem","position":2,"name":"Standortbestimmungen und ihr Wert f\u00fcr die pers\u00f6nliche und berufliche Entwicklung &#8211; unabh\u00e4ngig vom Alter"}]},{"@type":"WebSite","@id":"https:\/\/newplace.ch\/#website","url":"https:\/\/newplace.ch\/","name":"nuovo posto","description":"","publisher":{"@id":"https:\/\/newplace.ch\/#organization"},"potentialAction":[{"@type":"SearchAction","target":{"@type":"EntryPoint","urlTemplate":"https:\/\/newplace.ch\/?s={search_term_string}"},"query-input":{"@type":"PropertyValueSpecification","valueRequired":true,"valueName":"search_term_string"}}],"inLanguage":"it-IT"},{"@type":"Organization","@id":"https:\/\/newplace.ch\/#organization","name":"newplace AG","url":"https:\/\/newplace.ch\/","logo":{"@type":"ImageObject","inLanguage":"it-IT","@id":"https:\/\/newplace.ch\/#\/schema\/logo\/image\/","url":"https:\/\/newplace.ch\/wp-content\/uploads\/2025\/02\/newplace.svg","contentUrl":"https:\/\/newplace.ch\/wp-content\/uploads\/2025\/02\/newplace.svg","width":345,"height":120,"caption":"newplace AG"},"image":{"@id":"https:\/\/newplace.ch\/#\/schema\/logo\/image\/"},"sameAs":["https:\/\/www.linkedin.com\/company\/newplace-ag"]},{"@type":"Person","@id":"https:\/\/newplace.ch\/#\/schema\/person\/4fb9d1c27d6b96b5b88d45e150fa59aa","name":"Eve Kaiser","image":{"@type":"ImageObject","inLanguage":"it-IT","@id":"https:\/\/newplace.ch\/#\/schema\/person\/image\/","url":"https:\/\/secure.gravatar.com\/avatar\/7c2d6d328de78931d92c8d6e08d766db4ba97f53879eaba54c71747faeed578d?s=96&d=mm&r=g","contentUrl":"https:\/\/secure.gravatar.com\/avatar\/7c2d6d328de78931d92c8d6e08d766db4ba97f53879eaba54c71747faeed578d?s=96&d=mm&r=g","caption":"Eve Kaiser"}}]}},"_links":{"self":[{"href":"https:\/\/newplace.ch\/it\/wp-json\/wp\/v2\/posts\/3501","targetHints":{"allow":["GET"]}}],"collection":[{"href":"https:\/\/newplace.ch\/it\/wp-json\/wp\/v2\/posts"}],"about":[{"href":"https:\/\/newplace.ch\/it\/wp-json\/wp\/v2\/types\/post"}],"author":[{"embeddable":true,"href":"https:\/\/newplace.ch\/it\/wp-json\/wp\/v2\/users\/3"}],"replies":[{"embeddable":true,"href":"https:\/\/newplace.ch\/it\/wp-json\/wp\/v2\/comments?post=3501"}],"version-history":[{"count":1,"href":"https:\/\/newplace.ch\/it\/wp-json\/wp\/v2\/posts\/3501\/revisions"}],"predecessor-version":[{"id":4983,"href":"https:\/\/newplace.ch\/it\/wp-json\/wp\/v2\/posts\/3501\/revisions\/4983"}],"wp:featuredmedia":[{"embeddable":true,"href":"https:\/\/newplace.ch\/it\/wp-json\/"}],"wp:attachment":[{"href":"https:\/\/newplace.ch\/it\/wp-json\/wp\/v2\/media?parent=3501"}],"wp:term":[{"taxonomy":"category","embeddable":true,"href":"https:\/\/newplace.ch\/it\/wp-json\/wp\/v2\/categories?post=3501"},{"taxonomy":"post_tag","embeddable":true,"href":"https:\/\/newplace.ch\/it\/wp-json\/wp\/v2\/tags?post=3501"}],"curies":[{"name":"wp","href":"https:\/\/api.w.org\/{rel}","templated":true}]}}