{"id":3420,"date":"2023-02-01T08:05:49","date_gmt":"2023-02-01T08:05:49","guid":{"rendered":"https:\/\/www.newplace.ch\/?p=3420"},"modified":"2025-03-27T13:21:25","modified_gmt":"2025-03-27T13:21:25","slug":"stellenabbau-50-plus-reorganisationen","status":"publish","type":"post","link":"https:\/\/newplace.ch\/it\/stellenabbau-50-plus-reorganisationen\/","title":{"rendered":"Aumentano i tagli di posti di lavoro per gli over 50 nel corso delle riorganizzazioni"},"content":{"rendered":"<div class=\"wpb_text_column wpb_content_element\">\n<div class=\"wpb_wrapper\">\n<p>Negli ultimi sei mesi, molte aziende hanno annunciato sempre pi\u00f9 spesso tagli di posti di lavoro. Questi sono in corso di attuazione in molti luoghi, mentre le aziende vengono riorganizzate allo stesso tempo. Gli attuali tagli occupazionali non sono necessariamente dovuti alla mancanza di opportunit\u00e0 di lavoro. Nel corso delle loro riorganizzazioni, le aziende sono alla ricerca di nuove figure che possano arricchire il loro team ed eventualmente apportare altre competenze all'azienda.<\/p>\n<\/div>\n<\/div>\n<div class=\"vc_empty_space\"><\/div>\n<div class=\"wpb_text_column wpb_content_element\">\n<div class=\"wpb_wrapper\">\n<p>Il tasso di disoccupazione, che ha raggiunto il punto pi\u00f9 basso lo scorso anno, \u00e8 quindi destinato a salire ancora. Le nostre osservazioni nella vita lavorativa di tutti i giorni mostrano che molte delle persone colpite da licenziamento hanno pi\u00f9 di 50 anni. Questo pu\u00f2 spaventare le persone colpite, poich\u00e9 trovare un nuovo lavoro dopo i 50 anni sembra difficile o addirittura impossibile per la maggior parte delle persone: l'et\u00e0 della pensione si avvicina, i costi non salariali del lavoro aumentano e a volte ci sono pregiudizi sulla mancanza di flessibilit\u00e0 o sul calo della produttivit\u00e0.<\/p>\n<\/div>\n<\/div>\n<div class=\"vc_empty_space\"><\/div>\n<div class=\"wpb_text_column wpb_content_element\">\n<div class=\"wpb_wrapper\">\n<p>Per noi \u00e8 importante contrastare questi luoghi comuni e condizioni generali prevalenti. Come lo mettiamo in pratica? newplace AG offre tirocini con coaching individuale e workshop per fornire il miglior supporto possibile alle persone colpite e consentire loro un rapido reinserimento.<\/p>\n<\/div>\n<\/div>\n<div class=\"vc_empty_space\"><\/div>\n<div class=\"wpb_text_column wpb_content_element\">\n<div class=\"wpb_wrapper\">\n<p>Siamo fermamente convinti che, alla luce dell'invecchiamento della popolazione e della carenza di manodopera qualificata, sia essenziale mantenere i dipendenti pi\u00f9 anziani nel loro posto di lavoro e reintegrare le persone in cerca di occupazione di et\u00e0 superiore ai 50 anni nella vita lavorativa. L'aumento della perdita di posti di lavoro non deve cambiare questa situazione e stiamo lavorando su questo punto insieme al nostro partner di servizio.\u00a0<a href=\"https:\/\/newplace.ch\/it\/arbeitsmarkt-50-plus\/\">focus50plus<\/a>\u00a0e sono coinvolti nella\u00a0<a href=\"https:\/\/newplace.ch\/it\/loopings\/\">Iniziativa Loopings<\/a>.<\/p>\n<\/div>\n<\/div>\n<div class=\"vc_empty_space\"><\/div>\n<div class=\"wpb_text_column wpb_content_element\">\n<div class=\"wpb_wrapper\">\n<p><strong>Questo potrebbe interessarti anche:<\/strong><\/p>\n<ul>\n<li><a href=\"https:\/\/newplace.ch\/it\/loopings\/\">Reti di looping intorno al tema del lavoro con gli over 45<\/a><\/li>\n<li><a href=\"https:\/\/newplace.ch\/it\/survivors-reorganisation\/\">I \"sopravvissuti\" vengono spesso persi durante le misure di riorganizzazione<\/a><\/li>\n<li><a href=\"https:\/\/newplace.ch\/it\/gruende-outplacement-arbeitnehmer\/\">L'outplacement come valore aggiunto per i dipendenti<\/a><\/li>\n<\/ul>\n<\/div>\n<\/div>","protected":false},"excerpt":{"rendered":"<p>Molte aziende hanno annunciato un aumento dei tagli occupazionali. Tuttavia, gli attuali tagli occupazionali non sono necessariamente dovuti alla mancanza di opportunit\u00e0 di lavoro. <\/p>","protected":false},"author":3,"featured_media":3421,"comment_status":"open","ping_status":"open","sticky":false,"template":"","format":"standard","meta":{"_acf_changed":false,"footnotes":""},"categories":[11],"tags":[],"class_list":["post-3420","post","type-post","status-publish","format-standard","has-post-thumbnail","hentry","category-newplace"],"acf":[],"yoast_head":"<!-- This site is optimized with the Yoast SEO plugin v24.7 - https:\/\/yoast.com\/wordpress\/plugins\/seo\/ -->\n<title>Zunehmender Stellenabbau &#8226; Reorganisationen<\/title>\n<meta name=\"description\" content=\"Der Stellenabbau d\u00fcrfte die Arbeitslosenquote wieder ansteigen lassen - insbesondere bei Menschen im Alter 50plus.\" \/>\n<meta name=\"robots\" content=\"index, follow, max-snippet:-1, max-image-preview:large, max-video-preview:-1\" \/>\n<link rel=\"canonical\" href=\"https:\/\/newplace.ch\/it\/stellenabbau-50-plus-reorganisationen\/\" \/>\n<meta property=\"og:locale\" content=\"it_IT\" \/>\n<meta property=\"og:type\" content=\"article\" \/>\n<meta property=\"og:title\" content=\"Zunehmender Stellenabbau &#8226; Reorganisationen\" \/>\n<meta property=\"og:description\" content=\"Der Stellenabbau d\u00fcrfte die Arbeitslosenquote wieder ansteigen lassen - insbesondere bei Menschen im Alter 50plus.\" \/>\n<meta property=\"og:url\" content=\"https:\/\/newplace.ch\/it\/stellenabbau-50-plus-reorganisationen\/\" \/>\n<meta property=\"og:site_name\" content=\"newplace\" \/>\n<meta property=\"article:published_time\" content=\"2023-02-01T08:05:49+00:00\" \/>\n<meta property=\"article:modified_time\" content=\"2025-03-27T13:21:25+00:00\" \/>\n<meta name=\"author\" content=\"Eve Kaiser\" \/>\n<meta name=\"twitter:card\" content=\"summary_large_image\" \/>\n<script type=\"application\/ld+json\" class=\"yoast-schema-graph\">{\"@context\":\"https:\/\/schema.org\",\"@graph\":[{\"@type\":\"Article\",\"@id\":\"https:\/\/newplace.ch\/stellenabbau-50-plus-reorganisationen\/#article\",\"isPartOf\":{\"@id\":\"https:\/\/newplace.ch\/stellenabbau-50-plus-reorganisationen\/\"},\"author\":{\"name\":\"Eve Kaiser\",\"@id\":\"https:\/\/newplace.ch\/#\/schema\/person\/4fb9d1c27d6b96b5b88d45e150fa59aa\"},\"headline\":\"Zunehmender Stellenabbau bei 50+ im Zuge von Reorganisationen\",\"datePublished\":\"2023-02-01T08:05:49+00:00\",\"dateModified\":\"2025-03-27T13:21:25+00:00\",\"mainEntityOfPage\":{\"@id\":\"https:\/\/newplace.ch\/stellenabbau-50-plus-reorganisationen\/\"},\"wordCount\":294,\"commentCount\":0,\"publisher\":{\"@id\":\"https:\/\/newplace.ch\/#organization\"},\"image\":{\"@id\":\"https:\/\/newplace.ch\/stellenabbau-50-plus-reorganisationen\/#primaryimage\"},\"thumbnailUrl\":\"\",\"articleSection\":[\"von newplace\"],\"inLanguage\":\"it-IT\",\"potentialAction\":[{\"@type\":\"CommentAction\",\"name\":\"Comment\",\"target\":[\"https:\/\/newplace.ch\/stellenabbau-50-plus-reorganisationen\/#respond\"]}]},{\"@type\":\"WebPage\",\"@id\":\"https:\/\/newplace.ch\/stellenabbau-50-plus-reorganisationen\/\",\"url\":\"https:\/\/newplace.ch\/stellenabbau-50-plus-reorganisationen\/\",\"name\":\"Zunehmender Stellenabbau &#8226; Reorganisationen\",\"isPartOf\":{\"@id\":\"https:\/\/newplace.ch\/#website\"},\"primaryImageOfPage\":{\"@id\":\"https:\/\/newplace.ch\/stellenabbau-50-plus-reorganisationen\/#primaryimage\"},\"image\":{\"@id\":\"https:\/\/newplace.ch\/stellenabbau-50-plus-reorganisationen\/#primaryimage\"},\"thumbnailUrl\":\"\",\"datePublished\":\"2023-02-01T08:05:49+00:00\",\"dateModified\":\"2025-03-27T13:21:25+00:00\",\"description\":\"Der Stellenabbau d\u00fcrfte die Arbeitslosenquote wieder ansteigen lassen - insbesondere bei Menschen im Alter 50plus.\",\"breadcrumb\":{\"@id\":\"https:\/\/newplace.ch\/stellenabbau-50-plus-reorganisationen\/#breadcrumb\"},\"inLanguage\":\"it-IT\",\"potentialAction\":[{\"@type\":\"ReadAction\",\"target\":[\"https:\/\/newplace.ch\/stellenabbau-50-plus-reorganisationen\/\"]}]},{\"@type\":\"ImageObject\",\"inLanguage\":\"it-IT\",\"@id\":\"https:\/\/newplace.ch\/stellenabbau-50-plus-reorganisationen\/#primaryimage\",\"url\":\"\",\"contentUrl\":\"\"},{\"@type\":\"BreadcrumbList\",\"@id\":\"https:\/\/newplace.ch\/stellenabbau-50-plus-reorganisationen\/#breadcrumb\",\"itemListElement\":[{\"@type\":\"ListItem\",\"position\":1,\"name\":\"Startseite\",\"item\":\"https:\/\/newplace.ch\/\"},{\"@type\":\"ListItem\",\"position\":2,\"name\":\"Zunehmender Stellenabbau bei 50+ im Zuge von Reorganisationen\"}]},{\"@type\":\"WebSite\",\"@id\":\"https:\/\/newplace.ch\/#website\",\"url\":\"https:\/\/newplace.ch\/\",\"name\":\"newplace\",\"description\":\"\",\"publisher\":{\"@id\":\"https:\/\/newplace.ch\/#organization\"},\"potentialAction\":[{\"@type\":\"SearchAction\",\"target\":{\"@type\":\"EntryPoint\",\"urlTemplate\":\"https:\/\/newplace.ch\/?s={search_term_string}\"},\"query-input\":{\"@type\":\"PropertyValueSpecification\",\"valueRequired\":true,\"valueName\":\"search_term_string\"}}],\"inLanguage\":\"it-IT\"},{\"@type\":\"Organization\",\"@id\":\"https:\/\/newplace.ch\/#organization\",\"name\":\"newplace AG\",\"url\":\"https:\/\/newplace.ch\/\",\"logo\":{\"@type\":\"ImageObject\",\"inLanguage\":\"it-IT\",\"@id\":\"https:\/\/newplace.ch\/#\/schema\/logo\/image\/\",\"url\":\"https:\/\/newplace.ch\/wp-content\/uploads\/2025\/02\/newplace.svg\",\"contentUrl\":\"https:\/\/newplace.ch\/wp-content\/uploads\/2025\/02\/newplace.svg\",\"width\":345,\"height\":120,\"caption\":\"newplace AG\"},\"image\":{\"@id\":\"https:\/\/newplace.ch\/#\/schema\/logo\/image\/\"},\"sameAs\":[\"https:\/\/www.linkedin.com\/company\/newplace-ag\"]},{\"@type\":\"Person\",\"@id\":\"https:\/\/newplace.ch\/#\/schema\/person\/4fb9d1c27d6b96b5b88d45e150fa59aa\",\"name\":\"Eve Kaiser\",\"image\":{\"@type\":\"ImageObject\",\"inLanguage\":\"it-IT\",\"@id\":\"https:\/\/newplace.ch\/#\/schema\/person\/image\/\",\"url\":\"https:\/\/secure.gravatar.com\/avatar\/7c2d6d328de78931d92c8d6e08d766db4ba97f53879eaba54c71747faeed578d?s=96&d=mm&r=g\",\"contentUrl\":\"https:\/\/secure.gravatar.com\/avatar\/7c2d6d328de78931d92c8d6e08d766db4ba97f53879eaba54c71747faeed578d?s=96&d=mm&r=g\",\"caption\":\"Eve Kaiser\"}}]}<\/script>\n<!-- \/ Yoast SEO plugin. -->","yoast_head_json":{"title":"Zunehmender Stellenabbau &#8226; Reorganisationen","description":"Der Stellenabbau d\u00fcrfte die Arbeitslosenquote wieder ansteigen lassen - insbesondere bei Menschen im Alter 50plus.","robots":{"index":"index","follow":"follow","max-snippet":"max-snippet:-1","max-image-preview":"max-image-preview:large","max-video-preview":"max-video-preview:-1"},"canonical":"https:\/\/newplace.ch\/it\/stellenabbau-50-plus-reorganisationen\/","og_locale":"it_IT","og_type":"article","og_title":"Zunehmender Stellenabbau &#8226; Reorganisationen","og_description":"Der Stellenabbau d\u00fcrfte die Arbeitslosenquote wieder ansteigen lassen - insbesondere bei Menschen im Alter 50plus.","og_url":"https:\/\/newplace.ch\/it\/stellenabbau-50-plus-reorganisationen\/","og_site_name":"newplace","article_published_time":"2023-02-01T08:05:49+00:00","article_modified_time":"2025-03-27T13:21:25+00:00","author":"Eve Kaiser","twitter_card":"summary_large_image","schema":{"@context":"https:\/\/schema.org","@graph":[{"@type":"Article","@id":"https:\/\/newplace.ch\/stellenabbau-50-plus-reorganisationen\/#article","isPartOf":{"@id":"https:\/\/newplace.ch\/stellenabbau-50-plus-reorganisationen\/"},"author":{"name":"Eve Kaiser","@id":"https:\/\/newplace.ch\/#\/schema\/person\/4fb9d1c27d6b96b5b88d45e150fa59aa"},"headline":"Zunehmender Stellenabbau bei 50+ im Zuge von Reorganisationen","datePublished":"2023-02-01T08:05:49+00:00","dateModified":"2025-03-27T13:21:25+00:00","mainEntityOfPage":{"@id":"https:\/\/newplace.ch\/stellenabbau-50-plus-reorganisationen\/"},"wordCount":294,"commentCount":0,"publisher":{"@id":"https:\/\/newplace.ch\/#organization"},"image":{"@id":"https:\/\/newplace.ch\/stellenabbau-50-plus-reorganisationen\/#primaryimage"},"thumbnailUrl":"","articleSection":["von newplace"],"inLanguage":"it-IT","potentialAction":[{"@type":"CommentAction","name":"Comment","target":["https:\/\/newplace.ch\/stellenabbau-50-plus-reorganisationen\/#respond"]}]},{"@type":"WebPage","@id":"https:\/\/newplace.ch\/stellenabbau-50-plus-reorganisationen\/","url":"https:\/\/newplace.ch\/stellenabbau-50-plus-reorganisationen\/","name":"Zunehmender Stellenabbau &#8226; Reorganisationen","isPartOf":{"@id":"https:\/\/newplace.ch\/#website"},"primaryImageOfPage":{"@id":"https:\/\/newplace.ch\/stellenabbau-50-plus-reorganisationen\/#primaryimage"},"image":{"@id":"https:\/\/newplace.ch\/stellenabbau-50-plus-reorganisationen\/#primaryimage"},"thumbnailUrl":"","datePublished":"2023-02-01T08:05:49+00:00","dateModified":"2025-03-27T13:21:25+00:00","description":"Der Stellenabbau d\u00fcrfte die Arbeitslosenquote wieder ansteigen lassen - insbesondere bei Menschen im Alter 50plus.","breadcrumb":{"@id":"https:\/\/newplace.ch\/stellenabbau-50-plus-reorganisationen\/#breadcrumb"},"inLanguage":"it-IT","potentialAction":[{"@type":"ReadAction","target":["https:\/\/newplace.ch\/stellenabbau-50-plus-reorganisationen\/"]}]},{"@type":"ImageObject","inLanguage":"it-IT","@id":"https:\/\/newplace.ch\/stellenabbau-50-plus-reorganisationen\/#primaryimage","url":"","contentUrl":""},{"@type":"BreadcrumbList","@id":"https:\/\/newplace.ch\/stellenabbau-50-plus-reorganisationen\/#breadcrumb","itemListElement":[{"@type":"ListItem","position":1,"name":"Startseite","item":"https:\/\/newplace.ch\/"},{"@type":"ListItem","position":2,"name":"Zunehmender Stellenabbau bei 50+ im Zuge von Reorganisationen"}]},{"@type":"WebSite","@id":"https:\/\/newplace.ch\/#website","url":"https:\/\/newplace.ch\/","name":"nuovo posto","description":"","publisher":{"@id":"https:\/\/newplace.ch\/#organization"},"potentialAction":[{"@type":"SearchAction","target":{"@type":"EntryPoint","urlTemplate":"https:\/\/newplace.ch\/?s={search_term_string}"},"query-input":{"@type":"PropertyValueSpecification","valueRequired":true,"valueName":"search_term_string"}}],"inLanguage":"it-IT"},{"@type":"Organization","@id":"https:\/\/newplace.ch\/#organization","name":"newplace AG","url":"https:\/\/newplace.ch\/","logo":{"@type":"ImageObject","inLanguage":"it-IT","@id":"https:\/\/newplace.ch\/#\/schema\/logo\/image\/","url":"https:\/\/newplace.ch\/wp-content\/uploads\/2025\/02\/newplace.svg","contentUrl":"https:\/\/newplace.ch\/wp-content\/uploads\/2025\/02\/newplace.svg","width":345,"height":120,"caption":"newplace AG"},"image":{"@id":"https:\/\/newplace.ch\/#\/schema\/logo\/image\/"},"sameAs":["https:\/\/www.linkedin.com\/company\/newplace-ag"]},{"@type":"Person","@id":"https:\/\/newplace.ch\/#\/schema\/person\/4fb9d1c27d6b96b5b88d45e150fa59aa","name":"Eve Kaiser","image":{"@type":"ImageObject","inLanguage":"it-IT","@id":"https:\/\/newplace.ch\/#\/schema\/person\/image\/","url":"https:\/\/secure.gravatar.com\/avatar\/7c2d6d328de78931d92c8d6e08d766db4ba97f53879eaba54c71747faeed578d?s=96&d=mm&r=g","contentUrl":"https:\/\/secure.gravatar.com\/avatar\/7c2d6d328de78931d92c8d6e08d766db4ba97f53879eaba54c71747faeed578d?s=96&d=mm&r=g","caption":"Eve Kaiser"}}]}},"_links":{"self":[{"href":"https:\/\/newplace.ch\/it\/wp-json\/wp\/v2\/posts\/3420","targetHints":{"allow":["GET"]}}],"collection":[{"href":"https:\/\/newplace.ch\/it\/wp-json\/wp\/v2\/posts"}],"about":[{"href":"https:\/\/newplace.ch\/it\/wp-json\/wp\/v2\/types\/post"}],"author":[{"embeddable":true,"href":"https:\/\/newplace.ch\/it\/wp-json\/wp\/v2\/users\/3"}],"replies":[{"embeddable":true,"href":"https:\/\/newplace.ch\/it\/wp-json\/wp\/v2\/comments?post=3420"}],"version-history":[{"count":1,"href":"https:\/\/newplace.ch\/it\/wp-json\/wp\/v2\/posts\/3420\/revisions"}],"predecessor-version":[{"id":4989,"href":"https:\/\/newplace.ch\/it\/wp-json\/wp\/v2\/posts\/3420\/revisions\/4989"}],"wp:featuredmedia":[{"embeddable":true,"href":"https:\/\/newplace.ch\/it\/wp-json\/"}],"wp:attachment":[{"href":"https:\/\/newplace.ch\/it\/wp-json\/wp\/v2\/media?parent=3420"}],"wp:term":[{"taxonomy":"category","embeddable":true,"href":"https:\/\/newplace.ch\/it\/wp-json\/wp\/v2\/categories?post=3420"},{"taxonomy":"post_tag","embeddable":true,"href":"https:\/\/newplace.ch\/it\/wp-json\/wp\/v2\/tags?post=3420"}],"curies":[{"name":"wp","href":"https:\/\/api.w.org\/{rel}","templated":true}]}}