{"id":3352,"date":"2022-11-22T09:49:32","date_gmt":"2022-11-22T09:49:32","guid":{"rendered":"https:\/\/www.newplace.ch\/?p=3352"},"modified":"2025-03-27T13:33:45","modified_gmt":"2025-03-27T13:33:45","slug":"arbeitsmarkt-50-plus","status":"publish","type":"post","link":"https:\/\/newplace.ch\/it\/arbeitsmarkt-50-plus\/","title":{"rendered":"Il mercato del lavoro con 50+: portiamo avanti il cambiamento"},"content":{"rendered":"<div class=\"wpb_text_column wpb_content_element\">\n<div class=\"wpb_wrapper\">\n<h2>Entrare nel mercato del lavoro a pi\u00f9 di 50 anni?<\/h2>\n<p>Trovare un nuovo lavoro sembra essere difficile o addirittura impossibile per molte persone dopo i cinquant'anni: L'et\u00e0 pensionabile si avvicina, i costi non salariali del lavoro sono sempre pi\u00f9 alti e a volte ci sono pregiudizi sulla mancanza di flessibilit\u00e0 o sul calo di produttivit\u00e0. Il\u00a0<a href=\"https:\/\/newplace.ch\/it\/\">newplace AG<\/a>\u00a0\u00e8 quindi molto interessata a modificare a lungo termine queste condizioni quadro per i lavoratori anziani. Siamo inoltre fermamente convinti che, in considerazione dell'invecchiamento della popolazione e della carenza di manodopera qualificata, sia essenziale mantenere i lavoratori anziani nel loro posto di lavoro e reintegrare i disoccupati over 50 nella vita lavorativa.<\/p>\n<\/div>\n<\/div>\n<div class=\"vc_empty_space\"><\/div>\n<div class=\"wpb_text_column wpb_content_element\">\n<div class=\"wpb_wrapper\">\n<h2>La colpa \u00e8 solo dell'annata?<\/h2>\n<p>L'et\u00e0 non \u00e8 un criterio sufficiente per spiegare la difficolt\u00e0 di reinserimento nella vita lavorativa. Tuttavia, per reinserirsi con successo nel mondo del lavoro, \u00e8 essenziale avere un dossier di candidatura completo e ordinato sulla propria carriera fino ad oggi e sapere esattamente quali sono i propri punti di forza e di debolezza. I nostri strumenti sono adatti a questo scopo\u00a0<a href=\"https:\/\/newplace.ch\/it\/outplacement-arbeitnehmende\/#standortbestimmung\">Posizionamento<\/a>\u00a0e la vostra occupabilit\u00e0 - siamo a vostra disposizione per aiutarvi ad orientarvi e a trovare un nuovo punto d'appoggio in questo campo di tensione costante!<\/p>\n<\/div>\n<\/div>\n<div class=\"vc_empty_space\"><\/div>\n<div class=\"wpb_text_column wpb_content_element\">\n<div class=\"wpb_wrapper\">\n<p>In collaborazione con i nostri partner di servizio, siamo lieti di\u00a0<a href=\"https:\/\/loopings.ch\/\">Anelli<\/a>\u00a0e\u00a0<a href=\"https:\/\/www.focus50plus.ch\/de\">focus50 plus<\/a>\u00a0per portare avanti grandi cambiamenti in questo settore del mercato del lavoro: Insieme possiamo fare grandi cose!<\/p>\n<\/div>\n<\/div>\n<div class=\"vc_empty_space\"><\/div>\n<div class=\"wpb_text_column wpb_content_element\">\n<div class=\"wpb_wrapper\">\n<p>Per saperne di pi\u00f9 sulle nostre partnership con Loopings e focus50plus\u00a0<a href=\"https:\/\/newplace.ch\/it\/loopings\/\">qui<\/a>\u00a0e\u00a0<a href=\"https:\/\/www.linkedin.com\/posts\/newplace-ag_wir-sind-focus50plus-activity-6998594313169305600-UaqJ?utm_source=share&amp;utm_medium=member_desktop\">Profilo LinkedIn<\/a>.<\/p>\n<\/div>\n<\/div>\n<div class=\"vc_empty_space\"><\/div>\n<div class=\"wpb_text_column wpb_content_element\">\n<div class=\"wpb_wrapper\">\n<p><strong>Questo potrebbe interessarti anche:<\/strong><\/p>\n<ul>\n<li><a href=\"https:\/\/newplace.ch\/it\/loopings\/\">Reti di looping intorno al tema del lavoro con gli over 45<\/a><\/li>\n<li><a href=\"https:\/\/newplace.ch\/it\/survivors-reorganisation\/\">I \"sopravvissuti\" vengono spesso persi durante le misure di riorganizzazione<\/a><\/li>\n<li><a href=\"https:\/\/newplace.ch\/it\/gruende-outplacement-arbeitnehmer\/\">L'outplacement come valore aggiunto per i dipendenti<\/a><\/li>\n<\/ul>\n<\/div>\n<\/div>","protected":false},"excerpt":{"rendered":"<p>Se state cercando un nuovo lavoro a pi\u00f9 di 50 anni, non \u00e8 facile nel mercato del lavoro di oggi. Ma con una preparazione competente, il riorientamento e il riposizionamento possono avere successo. <\/p>","protected":false},"author":6,"featured_media":3355,"comment_status":"open","ping_status":"open","sticky":false,"template":"","format":"standard","meta":{"_acf_changed":false,"footnotes":""},"categories":[11],"tags":[],"class_list":["post-3352","post","type-post","status-publish","format-standard","has-post-thumbnail","hentry","category-newplace"],"acf":[],"yoast_head":"<!-- This site is optimized with the Yoast SEO plugin v24.7 - https:\/\/yoast.com\/wordpress\/plugins\/seo\/ -->\n<title>Arbeitsmarkt 50 plus &#8226; gemeinsam ver\u00e4ndern wir<\/title>\n<meta name=\"description\" content=\"Trotz vielf\u00e4ltiger Potenziale ist eine Neuorientierung oder ein Wiedereinstieg im Arbeitsmarkt mit 50 plus mit Herausforderungen verbunden.\" \/>\n<meta name=\"robots\" content=\"index, follow, max-snippet:-1, max-image-preview:large, max-video-preview:-1\" \/>\n<link rel=\"canonical\" href=\"https:\/\/newplace.ch\/it\/arbeitsmarkt-50-plus\/\" \/>\n<meta property=\"og:locale\" content=\"it_IT\" \/>\n<meta property=\"og:type\" content=\"article\" \/>\n<meta property=\"og:title\" content=\"Arbeitsmarkt 50 plus &#8226; gemeinsam ver\u00e4ndern wir\" \/>\n<meta property=\"og:description\" content=\"Trotz vielf\u00e4ltiger Potenziale ist eine Neuorientierung oder ein Wiedereinstieg im Arbeitsmarkt mit 50 plus mit Herausforderungen verbunden.\" \/>\n<meta property=\"og:url\" content=\"https:\/\/newplace.ch\/it\/arbeitsmarkt-50-plus\/\" \/>\n<meta property=\"og:site_name\" content=\"newplace\" \/>\n<meta property=\"article:published_time\" content=\"2022-11-22T09:49:32+00:00\" \/>\n<meta property=\"article:modified_time\" content=\"2025-03-27T13:33:45+00:00\" \/>\n<meta name=\"author\" content=\"Cornelia Steffen\" \/>\n<meta name=\"twitter:card\" content=\"summary_large_image\" \/>\n<script type=\"application\/ld+json\" class=\"yoast-schema-graph\">{\"@context\":\"https:\/\/schema.org\",\"@graph\":[{\"@type\":\"Article\",\"@id\":\"https:\/\/newplace.ch\/arbeitsmarkt-50-plus\/#article\",\"isPartOf\":{\"@id\":\"https:\/\/newplace.ch\/arbeitsmarkt-50-plus\/\"},\"author\":{\"name\":\"Cornelia Steffen\",\"@id\":\"https:\/\/newplace.ch\/#\/schema\/person\/f60d3b078c64d17e55733cd5e71a8430\"},\"headline\":\"Arbeitsmarkt mit 50 plus: Wir bewirken Ver\u00e4nderung\",\"datePublished\":\"2022-11-22T09:49:32+00:00\",\"dateModified\":\"2025-03-27T13:33:45+00:00\",\"mainEntityOfPage\":{\"@id\":\"https:\/\/newplace.ch\/arbeitsmarkt-50-plus\/\"},\"wordCount\":274,\"commentCount\":0,\"publisher\":{\"@id\":\"https:\/\/newplace.ch\/#organization\"},\"image\":{\"@id\":\"https:\/\/newplace.ch\/arbeitsmarkt-50-plus\/#primaryimage\"},\"thumbnailUrl\":\"\",\"articleSection\":[\"von newplace\"],\"inLanguage\":\"it-IT\",\"potentialAction\":[{\"@type\":\"CommentAction\",\"name\":\"Comment\",\"target\":[\"https:\/\/newplace.ch\/arbeitsmarkt-50-plus\/#respond\"]}]},{\"@type\":\"WebPage\",\"@id\":\"https:\/\/newplace.ch\/arbeitsmarkt-50-plus\/\",\"url\":\"https:\/\/newplace.ch\/arbeitsmarkt-50-plus\/\",\"name\":\"Arbeitsmarkt 50 plus &#8226; gemeinsam ver\u00e4ndern wir\",\"isPartOf\":{\"@id\":\"https:\/\/newplace.ch\/#website\"},\"primaryImageOfPage\":{\"@id\":\"https:\/\/newplace.ch\/arbeitsmarkt-50-plus\/#primaryimage\"},\"image\":{\"@id\":\"https:\/\/newplace.ch\/arbeitsmarkt-50-plus\/#primaryimage\"},\"thumbnailUrl\":\"\",\"datePublished\":\"2022-11-22T09:49:32+00:00\",\"dateModified\":\"2025-03-27T13:33:45+00:00\",\"description\":\"Trotz vielf\u00e4ltiger Potenziale ist eine Neuorientierung oder ein Wiedereinstieg im Arbeitsmarkt mit 50 plus mit Herausforderungen verbunden.\",\"breadcrumb\":{\"@id\":\"https:\/\/newplace.ch\/arbeitsmarkt-50-plus\/#breadcrumb\"},\"inLanguage\":\"it-IT\",\"potentialAction\":[{\"@type\":\"ReadAction\",\"target\":[\"https:\/\/newplace.ch\/arbeitsmarkt-50-plus\/\"]}]},{\"@type\":\"ImageObject\",\"inLanguage\":\"it-IT\",\"@id\":\"https:\/\/newplace.ch\/arbeitsmarkt-50-plus\/#primaryimage\",\"url\":\"\",\"contentUrl\":\"\"},{\"@type\":\"BreadcrumbList\",\"@id\":\"https:\/\/newplace.ch\/arbeitsmarkt-50-plus\/#breadcrumb\",\"itemListElement\":[{\"@type\":\"ListItem\",\"position\":1,\"name\":\"Startseite\",\"item\":\"https:\/\/newplace.ch\/\"},{\"@type\":\"ListItem\",\"position\":2,\"name\":\"Arbeitsmarkt mit 50 plus: Wir bewirken Ver\u00e4nderung\"}]},{\"@type\":\"WebSite\",\"@id\":\"https:\/\/newplace.ch\/#website\",\"url\":\"https:\/\/newplace.ch\/\",\"name\":\"newplace\",\"description\":\"\",\"publisher\":{\"@id\":\"https:\/\/newplace.ch\/#organization\"},\"potentialAction\":[{\"@type\":\"SearchAction\",\"target\":{\"@type\":\"EntryPoint\",\"urlTemplate\":\"https:\/\/newplace.ch\/?s={search_term_string}\"},\"query-input\":{\"@type\":\"PropertyValueSpecification\",\"valueRequired\":true,\"valueName\":\"search_term_string\"}}],\"inLanguage\":\"it-IT\"},{\"@type\":\"Organization\",\"@id\":\"https:\/\/newplace.ch\/#organization\",\"name\":\"newplace AG\",\"url\":\"https:\/\/newplace.ch\/\",\"logo\":{\"@type\":\"ImageObject\",\"inLanguage\":\"it-IT\",\"@id\":\"https:\/\/newplace.ch\/#\/schema\/logo\/image\/\",\"url\":\"https:\/\/newplace.ch\/wp-content\/uploads\/2025\/02\/newplace.svg\",\"contentUrl\":\"https:\/\/newplace.ch\/wp-content\/uploads\/2025\/02\/newplace.svg\",\"width\":345,\"height\":120,\"caption\":\"newplace AG\"},\"image\":{\"@id\":\"https:\/\/newplace.ch\/#\/schema\/logo\/image\/\"},\"sameAs\":[\"https:\/\/www.linkedin.com\/company\/newplace-ag\"]},{\"@type\":\"Person\",\"@id\":\"https:\/\/newplace.ch\/#\/schema\/person\/f60d3b078c64d17e55733cd5e71a8430\",\"name\":\"Cornelia Steffen\",\"image\":{\"@type\":\"ImageObject\",\"inLanguage\":\"it-IT\",\"@id\":\"https:\/\/newplace.ch\/#\/schema\/person\/image\/\",\"url\":\"https:\/\/secure.gravatar.com\/avatar\/aebe96983ca916db533ec4d57d4b633cd240f4c19f0c5662c1baea7faa9666e1?s=96&d=mm&r=g\",\"contentUrl\":\"https:\/\/secure.gravatar.com\/avatar\/aebe96983ca916db533ec4d57d4b633cd240f4c19f0c5662c1baea7faa9666e1?s=96&d=mm&r=g\",\"caption\":\"Cornelia Steffen\"}}]}<\/script>\n<!-- \/ Yoast SEO plugin. -->","yoast_head_json":{"title":"Arbeitsmarkt 50 plus &#8226; gemeinsam ver\u00e4ndern wir","description":"Trotz vielf\u00e4ltiger Potenziale ist eine Neuorientierung oder ein Wiedereinstieg im Arbeitsmarkt mit 50 plus mit Herausforderungen verbunden.","robots":{"index":"index","follow":"follow","max-snippet":"max-snippet:-1","max-image-preview":"max-image-preview:large","max-video-preview":"max-video-preview:-1"},"canonical":"https:\/\/newplace.ch\/it\/arbeitsmarkt-50-plus\/","og_locale":"it_IT","og_type":"article","og_title":"Arbeitsmarkt 50 plus &#8226; gemeinsam ver\u00e4ndern wir","og_description":"Trotz vielf\u00e4ltiger Potenziale ist eine Neuorientierung oder ein Wiedereinstieg im Arbeitsmarkt mit 50 plus mit Herausforderungen verbunden.","og_url":"https:\/\/newplace.ch\/it\/arbeitsmarkt-50-plus\/","og_site_name":"newplace","article_published_time":"2022-11-22T09:49:32+00:00","article_modified_time":"2025-03-27T13:33:45+00:00","author":"Cornelia Steffen","twitter_card":"summary_large_image","schema":{"@context":"https:\/\/schema.org","@graph":[{"@type":"Article","@id":"https:\/\/newplace.ch\/arbeitsmarkt-50-plus\/#article","isPartOf":{"@id":"https:\/\/newplace.ch\/arbeitsmarkt-50-plus\/"},"author":{"name":"Cornelia Steffen","@id":"https:\/\/newplace.ch\/#\/schema\/person\/f60d3b078c64d17e55733cd5e71a8430"},"headline":"Arbeitsmarkt mit 50 plus: Wir bewirken Ver\u00e4nderung","datePublished":"2022-11-22T09:49:32+00:00","dateModified":"2025-03-27T13:33:45+00:00","mainEntityOfPage":{"@id":"https:\/\/newplace.ch\/arbeitsmarkt-50-plus\/"},"wordCount":274,"commentCount":0,"publisher":{"@id":"https:\/\/newplace.ch\/#organization"},"image":{"@id":"https:\/\/newplace.ch\/arbeitsmarkt-50-plus\/#primaryimage"},"thumbnailUrl":"","articleSection":["von newplace"],"inLanguage":"it-IT","potentialAction":[{"@type":"CommentAction","name":"Comment","target":["https:\/\/newplace.ch\/arbeitsmarkt-50-plus\/#respond"]}]},{"@type":"WebPage","@id":"https:\/\/newplace.ch\/arbeitsmarkt-50-plus\/","url":"https:\/\/newplace.ch\/arbeitsmarkt-50-plus\/","name":"Arbeitsmarkt 50 plus &#8226; gemeinsam ver\u00e4ndern wir","isPartOf":{"@id":"https:\/\/newplace.ch\/#website"},"primaryImageOfPage":{"@id":"https:\/\/newplace.ch\/arbeitsmarkt-50-plus\/#primaryimage"},"image":{"@id":"https:\/\/newplace.ch\/arbeitsmarkt-50-plus\/#primaryimage"},"thumbnailUrl":"","datePublished":"2022-11-22T09:49:32+00:00","dateModified":"2025-03-27T13:33:45+00:00","description":"Trotz vielf\u00e4ltiger Potenziale ist eine Neuorientierung oder ein Wiedereinstieg im Arbeitsmarkt mit 50 plus mit Herausforderungen verbunden.","breadcrumb":{"@id":"https:\/\/newplace.ch\/arbeitsmarkt-50-plus\/#breadcrumb"},"inLanguage":"it-IT","potentialAction":[{"@type":"ReadAction","target":["https:\/\/newplace.ch\/arbeitsmarkt-50-plus\/"]}]},{"@type":"ImageObject","inLanguage":"it-IT","@id":"https:\/\/newplace.ch\/arbeitsmarkt-50-plus\/#primaryimage","url":"","contentUrl":""},{"@type":"BreadcrumbList","@id":"https:\/\/newplace.ch\/arbeitsmarkt-50-plus\/#breadcrumb","itemListElement":[{"@type":"ListItem","position":1,"name":"Startseite","item":"https:\/\/newplace.ch\/"},{"@type":"ListItem","position":2,"name":"Arbeitsmarkt mit 50 plus: Wir bewirken Ver\u00e4nderung"}]},{"@type":"WebSite","@id":"https:\/\/newplace.ch\/#website","url":"https:\/\/newplace.ch\/","name":"nuovo posto","description":"","publisher":{"@id":"https:\/\/newplace.ch\/#organization"},"potentialAction":[{"@type":"SearchAction","target":{"@type":"EntryPoint","urlTemplate":"https:\/\/newplace.ch\/?s={search_term_string}"},"query-input":{"@type":"PropertyValueSpecification","valueRequired":true,"valueName":"search_term_string"}}],"inLanguage":"it-IT"},{"@type":"Organization","@id":"https:\/\/newplace.ch\/#organization","name":"newplace AG","url":"https:\/\/newplace.ch\/","logo":{"@type":"ImageObject","inLanguage":"it-IT","@id":"https:\/\/newplace.ch\/#\/schema\/logo\/image\/","url":"https:\/\/newplace.ch\/wp-content\/uploads\/2025\/02\/newplace.svg","contentUrl":"https:\/\/newplace.ch\/wp-content\/uploads\/2025\/02\/newplace.svg","width":345,"height":120,"caption":"newplace AG"},"image":{"@id":"https:\/\/newplace.ch\/#\/schema\/logo\/image\/"},"sameAs":["https:\/\/www.linkedin.com\/company\/newplace-ag"]},{"@type":"Person","@id":"https:\/\/newplace.ch\/#\/schema\/person\/f60d3b078c64d17e55733cd5e71a8430","name":"Cornelia Steffen","image":{"@type":"ImageObject","inLanguage":"it-IT","@id":"https:\/\/newplace.ch\/#\/schema\/person\/image\/","url":"https:\/\/secure.gravatar.com\/avatar\/aebe96983ca916db533ec4d57d4b633cd240f4c19f0c5662c1baea7faa9666e1?s=96&d=mm&r=g","contentUrl":"https:\/\/secure.gravatar.com\/avatar\/aebe96983ca916db533ec4d57d4b633cd240f4c19f0c5662c1baea7faa9666e1?s=96&d=mm&r=g","caption":"Cornelia Steffen"}}]}},"_links":{"self":[{"href":"https:\/\/newplace.ch\/it\/wp-json\/wp\/v2\/posts\/3352","targetHints":{"allow":["GET"]}}],"collection":[{"href":"https:\/\/newplace.ch\/it\/wp-json\/wp\/v2\/posts"}],"about":[{"href":"https:\/\/newplace.ch\/it\/wp-json\/wp\/v2\/types\/post"}],"author":[{"embeddable":true,"href":"https:\/\/newplace.ch\/it\/wp-json\/wp\/v2\/users\/6"}],"replies":[{"embeddable":true,"href":"https:\/\/newplace.ch\/it\/wp-json\/wp\/v2\/comments?post=3352"}],"version-history":[{"count":1,"href":"https:\/\/newplace.ch\/it\/wp-json\/wp\/v2\/posts\/3352\/revisions"}],"predecessor-version":[{"id":4990,"href":"https:\/\/newplace.ch\/it\/wp-json\/wp\/v2\/posts\/3352\/revisions\/4990"}],"wp:featuredmedia":[{"embeddable":true,"href":"https:\/\/newplace.ch\/it\/wp-json\/"}],"wp:attachment":[{"href":"https:\/\/newplace.ch\/it\/wp-json\/wp\/v2\/media?parent=3352"}],"wp:term":[{"taxonomy":"category","embeddable":true,"href":"https:\/\/newplace.ch\/it\/wp-json\/wp\/v2\/categories?post=3352"},{"taxonomy":"post_tag","embeddable":true,"href":"https:\/\/newplace.ch\/it\/wp-json\/wp\/v2\/tags?post=3352"}],"curies":[{"name":"wp","href":"https:\/\/api.w.org\/{rel}","templated":true}]}}