{"id":3205,"date":"2022-07-07T10:48:51","date_gmt":"2022-07-07T10:48:51","guid":{"rendered":"https:\/\/www.newplace.ch\/?p=3205"},"modified":"2025-03-27T13:33:45","modified_gmt":"2025-03-27T13:33:45","slug":"gute-fuehrung","status":"publish","type":"post","link":"https:\/\/newplace.ch\/it\/gute-fuehrung\/","title":{"rendered":"Che cos'\u00e8 una buona leadership?"},"content":{"rendered":"<div class=\"wpb_text_column wpb_content_element\">\n<div class=\"wpb_wrapper\">\n<p>Ci viene ripetutamente chiesto cosa sia una buona leadership. \u00c8 possibile fare una dichiarazione generale? Per farla breve: Noi pensiamo di s\u00ec. Una buona leadership pu\u00f2 essere definita e misurata.<\/p>\n<p>In definitiva, la leadership \u00e8 definita dall'influenza che una persona esercita e quindi si tratta sempre dell'impatto che si ottiene. I manager che hanno un effetto molto positivo sul benessere e sulle prestazioni dei dipendenti possono certamente essere definiti \"buoni\" manager. Tra le altre cose, influenzano i seguenti fattori: basso turnover del personale, meno giorni di malattia, relativamente pochi casi di burnout, aumento della creativit\u00e0 e della risoluzione dei problemi e un alto livello di resilienza tra i dipendenti e i manager. Un altro fattore \u00e8, ovviamente, il rendimento effettivo dei dipendenti e il successo economico dell'azienda.<\/p>\n<\/div>\n<\/div>\n<div class=\"vc_empty_space\"><\/div>\n<div class=\"wpb_text_column wpb_content_element\">\n<div class=\"wpb_wrapper\">\n<h2>L'intero ciclo di vita dei dipendenti conta<\/h2>\n<\/div>\n<\/div>\n<div class=\"wpb_text_column wpb_content_element\">\n<div class=\"wpb_wrapper\">\n<p>In Newplace ci occupiamo di\u00a0<a href=\"https:\/\/newplace.ch\/it\/outplacement-unternehmen\/\">Ricollocamento<\/a>\u00a0e, in questo contesto, come si comportano i manager quando si tratta di licenziare. Il modo in cui viene gestita una separazione \u00e8 la prova definitiva di un leader o di una cultura di leadership incentrata sulle persone e che le apprezza. Se un licenziamento o una riorganizzazione imminente vengono discussi in modo proattivo e trasparente con i dipendenti e questi ultimi vengono coinvolti nel processo, \u00e8 pi\u00f9 facile per tutti i soggetti coinvolti vedere delle opportunit\u00e0 in questa situazione ed essere in grado di aprire nuove strade. Il modo in cui ci si comporta con i dipendenti in questa fase difficile ha un forte impatto esterno. Anche i dipendenti che rimangono nell'organizzazione guardano con attenzione al modo in cui il dipendente viene trattato come persona.<\/p>\n<p>Uno stile di gestione incentrato sulle persone e che le apprezza \u00e8 profondamente radicato in un'organizzazione ed \u00e8 evidente in tutta l'organizzazione.\u00a0<a href=\"https:\/\/pcg.ch\/pcg-lifecycle\/\" target=\"_blank\" rel=\"noopener\">Ciclo di vita del dipendente<\/a>dal processo di assunzione, all'inserimento e allo sviluppo dei dipendenti, fino a qualsiasi cambiamento necessario nell'organizzazione.\u00a0<a title=\"https:\/\/tdc7fce4b.emailsys1a.net\/c\/53\/5540451\/6229\/0\/10590539\/8621\/268121\/99b0e20c51.html\" href=\"https:\/\/newplace.ch\/it\/trennung-im-guten\/\">Separazioni.<\/a><\/p>\n<\/div>\n<\/div>\n<div class=\"vc_empty_space\"><\/div>\n<div class=\"wpb_text_column wpb_content_element\">\n<div class=\"wpb_wrapper\">\n<h2>Una buona leadership ha fattori e comportamenti chiari<\/h2>\n<\/div>\n<\/div>\n<div class=\"wpb_text_column wpb_content_element\">\n<div class=\"wpb_wrapper\">\n<p>La psicologia positiva (Martin Seligmann) ha dato origine al campo della leadership positiva. Molti studi hanno analizzato cosa serve alle persone e alle aziende per prosperare. Il Dr. Markus Ebner e il suo team hanno sviluppato il modello PERMA-Lead e hanno anche condotto studi scientificamente validi per dimostrare che cos'\u00e8 una buona leadership e quali sono i 5 fattori che contribuiscono principalmente a rendere una persona un \"leader positivo\":<\/p>\n<\/div>\n<\/div>\n<div class=\"vc_empty_space\"><\/div>\n<div class=\"wpb_text_column wpb_content_element\">\n<div class=\"wpb_wrapper\">\n<h3><strong>Emozioni positive<\/strong>\u00a0il manager consente di suscitare emozioni positive tra i dipendenti<\/h3>\n<h3><strong>Impegno<\/strong>\u00a0Il manager promuove l'impegno individuale<\/h3>\n<h3><strong>Relazioni<\/strong>\u00a0crea relazioni sostenibili<\/h3>\n<h3><strong>Significato<\/strong>\u00a0trasmette il significato del lavoro<\/h3>\n<h3><strong>Realizzazione<\/strong>\u00a0Rende visibili i risultati ottenuti<\/h3>\n<\/div>\n<\/div>\n<div class=\"vc_empty_space\"><\/div>\n<div class=\"wpb_text_column wpb_content_element\">\n<div class=\"wpb_wrapper\">\n<p>Studi condotti su un'ampia gamma di settori, paesi e culture hanno dimostrato che sono questi 5 fattori a permettere a un team di dare il meglio di s\u00e9.<\/p>\n<\/div>\n<\/div>\n<div class=\"vc_empty_space\"><\/div>\n<div class=\"wpb_text_column wpb_content_element\">\n<div class=\"wpb_wrapper\">\n<h2>Misurare, stabilire e rafforzare una buona leadership<\/h2>\n<\/div>\n<\/div>\n<div class=\"wpb_text_column wpb_content_element\">\n<div class=\"wpb_wrapper\">\n<p>Con la nostra societ\u00e0 sorella\u00a0<a href=\"https:\/\/parrtner.ch\/\" target=\"_blank\" rel=\"noopener\">Parrtner AG<\/a>\u00a0lavoriamo molto intensamente con gli strumenti di attitudine e leadership della leadership positiva (PERMA-Lead) e rafforziamo i manager nel guidare i loro team in modo positivo nel senso sopra indicato. Se desiderate saperne di pi\u00f9, vi preghiamo di contattare\u00a0<a href=\"https:\/\/parrtner.ch\/christian.herbst\" target=\"_blank\" rel=\"noopener\">Christian A. Herbst<\/a>.<\/p>\n<p>In sintesi, si pu\u00f2 affermare che \u00e8 possibile definire una buona leadership e ricavare e apprendere comportamenti chiari utilizzando i 5 fattori di leadership PERMA.<\/p>\n<p>Uno stile di gestione incentrato sulle persone e che le apprezza \u00e8 profondamente radicato in un'organizzazione ed \u00e8 evidente in tutta l'organizzazione.\u00a0<a title=\"https:\/\/tdc7fce4b.emailsys1a.net\/c\/53\/5540451\/6229\/0\/10590571\/9393\/268123\/25aaf0e476.html\" contenteditable=\"false\" href=\"https:\/\/www.pcg.ch\/\">Ciclo di vita del dipendente<\/a>\u00a0e porta a prestazioni elevate.<\/p>\n<\/div>\n<\/div>\n<div class=\"vc_empty_space\"><\/div>\n<div class=\"wpb_text_column wpb_content_element\">\n<div class=\"wpb_wrapper\">\n<p><strong>Questo potrebbe interessarti anche:<\/strong><\/p>\n<ul>\n<li><a href=\"https:\/\/newplace.ch\/it\/kuendigung-fair-gestalten\/\">Tutti gli addii sono difficili<\/a><\/li>\n<li><a href=\"https:\/\/newplace.ch\/it\/trennung-im-beruflichen-umfeld\/\">Perch\u00e9 la separazione \u00e8 cos\u00ec difficile?<\/a><\/li>\n<li><a href=\"https:\/\/newplace.ch\/it\/gruende-outplacement-arbeitgeber\/\">L'outplacement come valore aggiunto per i datori di lavoro<\/a><\/li>\n<\/ul>\n<\/div>\n<\/div>","protected":false},"excerpt":{"rendered":"<p>\u00c8 possibile fare una dichiarazione generale? Per farla breve: Noi pensiamo di s\u00ec. Una buona leadership pu\u00f2 essere definita e misurata. <\/p>","protected":false},"author":6,"featured_media":3217,"comment_status":"open","ping_status":"open","sticky":false,"template":"","format":"standard","meta":{"_acf_changed":false,"footnotes":""},"categories":[11],"tags":[],"class_list":["post-3205","post","type-post","status-publish","format-standard","has-post-thumbnail","hentry","category-newplace"],"acf":[],"yoast_head":"<!-- This site is optimized with the Yoast SEO plugin v24.7 - https:\/\/yoast.com\/wordpress\/plugins\/seo\/ -->\n<title>Was ist gute F\u00fchrung?<\/title>\n<meta name=\"description\" content=\"F\u00fchrungskr\u00e4fte, welche eine sehr positive Wirkung auf das Wohlbefinden und die Leistung der Mitarbeitenden haben.\" \/>\n<meta name=\"robots\" content=\"index, follow, max-snippet:-1, max-image-preview:large, max-video-preview:-1\" \/>\n<link rel=\"canonical\" href=\"https:\/\/newplace.ch\/it\/gute-fuehrung\/\" \/>\n<meta property=\"og:locale\" content=\"it_IT\" \/>\n<meta property=\"og:type\" content=\"article\" \/>\n<meta property=\"og:title\" content=\"Was ist gute F\u00fchrung?\" \/>\n<meta property=\"og:description\" content=\"F\u00fchrungskr\u00e4fte, welche eine sehr positive Wirkung auf das Wohlbefinden und die Leistung der Mitarbeitenden haben.\" \/>\n<meta property=\"og:url\" content=\"https:\/\/newplace.ch\/it\/gute-fuehrung\/\" \/>\n<meta property=\"og:site_name\" content=\"newplace\" \/>\n<meta property=\"article:published_time\" content=\"2022-07-07T10:48:51+00:00\" \/>\n<meta property=\"article:modified_time\" content=\"2025-03-27T13:33:45+00:00\" \/>\n<meta name=\"author\" content=\"Cornelia Steffen\" \/>\n<meta name=\"twitter:card\" content=\"summary_large_image\" \/>\n<script type=\"application\/ld+json\" class=\"yoast-schema-graph\">{\"@context\":\"https:\/\/schema.org\",\"@graph\":[{\"@type\":\"Article\",\"@id\":\"https:\/\/newplace.ch\/gute-fuehrung\/#article\",\"isPartOf\":{\"@id\":\"https:\/\/newplace.ch\/gute-fuehrung\/\"},\"author\":{\"name\":\"Cornelia Steffen\",\"@id\":\"https:\/\/newplace.ch\/#\/schema\/person\/f60d3b078c64d17e55733cd5e71a8430\"},\"headline\":\"Was ist gute F\u00fchrung?\",\"datePublished\":\"2022-07-07T10:48:51+00:00\",\"dateModified\":\"2025-03-27T13:33:45+00:00\",\"mainEntityOfPage\":{\"@id\":\"https:\/\/newplace.ch\/gute-fuehrung\/\"},\"wordCount\":581,\"commentCount\":0,\"publisher\":{\"@id\":\"https:\/\/newplace.ch\/#organization\"},\"image\":{\"@id\":\"https:\/\/newplace.ch\/gute-fuehrung\/#primaryimage\"},\"thumbnailUrl\":\"\",\"articleSection\":[\"von newplace\"],\"inLanguage\":\"it-IT\",\"potentialAction\":[{\"@type\":\"CommentAction\",\"name\":\"Comment\",\"target\":[\"https:\/\/newplace.ch\/gute-fuehrung\/#respond\"]}]},{\"@type\":\"WebPage\",\"@id\":\"https:\/\/newplace.ch\/gute-fuehrung\/\",\"url\":\"https:\/\/newplace.ch\/gute-fuehrung\/\",\"name\":\"Was ist gute F\u00fchrung?\",\"isPartOf\":{\"@id\":\"https:\/\/newplace.ch\/#website\"},\"primaryImageOfPage\":{\"@id\":\"https:\/\/newplace.ch\/gute-fuehrung\/#primaryimage\"},\"image\":{\"@id\":\"https:\/\/newplace.ch\/gute-fuehrung\/#primaryimage\"},\"thumbnailUrl\":\"\",\"datePublished\":\"2022-07-07T10:48:51+00:00\",\"dateModified\":\"2025-03-27T13:33:45+00:00\",\"description\":\"F\u00fchrungskr\u00e4fte, welche eine sehr positive Wirkung auf das Wohlbefinden und die Leistung der Mitarbeitenden haben.\",\"breadcrumb\":{\"@id\":\"https:\/\/newplace.ch\/gute-fuehrung\/#breadcrumb\"},\"inLanguage\":\"it-IT\",\"potentialAction\":[{\"@type\":\"ReadAction\",\"target\":[\"https:\/\/newplace.ch\/gute-fuehrung\/\"]}]},{\"@type\":\"ImageObject\",\"inLanguage\":\"it-IT\",\"@id\":\"https:\/\/newplace.ch\/gute-fuehrung\/#primaryimage\",\"url\":\"\",\"contentUrl\":\"\"},{\"@type\":\"BreadcrumbList\",\"@id\":\"https:\/\/newplace.ch\/gute-fuehrung\/#breadcrumb\",\"itemListElement\":[{\"@type\":\"ListItem\",\"position\":1,\"name\":\"Startseite\",\"item\":\"https:\/\/newplace.ch\/\"},{\"@type\":\"ListItem\",\"position\":2,\"name\":\"Was ist gute F\u00fchrung?\"}]},{\"@type\":\"WebSite\",\"@id\":\"https:\/\/newplace.ch\/#website\",\"url\":\"https:\/\/newplace.ch\/\",\"name\":\"newplace\",\"description\":\"\",\"publisher\":{\"@id\":\"https:\/\/newplace.ch\/#organization\"},\"potentialAction\":[{\"@type\":\"SearchAction\",\"target\":{\"@type\":\"EntryPoint\",\"urlTemplate\":\"https:\/\/newplace.ch\/?s={search_term_string}\"},\"query-input\":{\"@type\":\"PropertyValueSpecification\",\"valueRequired\":true,\"valueName\":\"search_term_string\"}}],\"inLanguage\":\"it-IT\"},{\"@type\":\"Organization\",\"@id\":\"https:\/\/newplace.ch\/#organization\",\"name\":\"newplace AG\",\"url\":\"https:\/\/newplace.ch\/\",\"logo\":{\"@type\":\"ImageObject\",\"inLanguage\":\"it-IT\",\"@id\":\"https:\/\/newplace.ch\/#\/schema\/logo\/image\/\",\"url\":\"https:\/\/newplace.ch\/wp-content\/uploads\/2025\/02\/newplace.svg\",\"contentUrl\":\"https:\/\/newplace.ch\/wp-content\/uploads\/2025\/02\/newplace.svg\",\"width\":345,\"height\":120,\"caption\":\"newplace AG\"},\"image\":{\"@id\":\"https:\/\/newplace.ch\/#\/schema\/logo\/image\/\"},\"sameAs\":[\"https:\/\/www.linkedin.com\/company\/newplace-ag\"]},{\"@type\":\"Person\",\"@id\":\"https:\/\/newplace.ch\/#\/schema\/person\/f60d3b078c64d17e55733cd5e71a8430\",\"name\":\"Cornelia Steffen\",\"image\":{\"@type\":\"ImageObject\",\"inLanguage\":\"it-IT\",\"@id\":\"https:\/\/newplace.ch\/#\/schema\/person\/image\/\",\"url\":\"https:\/\/secure.gravatar.com\/avatar\/aebe96983ca916db533ec4d57d4b633cd240f4c19f0c5662c1baea7faa9666e1?s=96&d=mm&r=g\",\"contentUrl\":\"https:\/\/secure.gravatar.com\/avatar\/aebe96983ca916db533ec4d57d4b633cd240f4c19f0c5662c1baea7faa9666e1?s=96&d=mm&r=g\",\"caption\":\"Cornelia Steffen\"}}]}<\/script>\n<!-- \/ Yoast SEO plugin. -->","yoast_head_json":{"title":"Che cos'\u00e8 una buona leadership?","description":"F\u00fchrungskr\u00e4fte, welche eine sehr positive Wirkung auf das Wohlbefinden und die Leistung der Mitarbeitenden haben.","robots":{"index":"index","follow":"follow","max-snippet":"max-snippet:-1","max-image-preview":"max-image-preview:large","max-video-preview":"max-video-preview:-1"},"canonical":"https:\/\/newplace.ch\/it\/gute-fuehrung\/","og_locale":"it_IT","og_type":"article","og_title":"Was ist gute F\u00fchrung?","og_description":"F\u00fchrungskr\u00e4fte, welche eine sehr positive Wirkung auf das Wohlbefinden und die Leistung der Mitarbeitenden haben.","og_url":"https:\/\/newplace.ch\/it\/gute-fuehrung\/","og_site_name":"newplace","article_published_time":"2022-07-07T10:48:51+00:00","article_modified_time":"2025-03-27T13:33:45+00:00","author":"Cornelia Steffen","twitter_card":"summary_large_image","schema":{"@context":"https:\/\/schema.org","@graph":[{"@type":"Article","@id":"https:\/\/newplace.ch\/gute-fuehrung\/#article","isPartOf":{"@id":"https:\/\/newplace.ch\/gute-fuehrung\/"},"author":{"name":"Cornelia Steffen","@id":"https:\/\/newplace.ch\/#\/schema\/person\/f60d3b078c64d17e55733cd5e71a8430"},"headline":"Was ist gute F\u00fchrung?","datePublished":"2022-07-07T10:48:51+00:00","dateModified":"2025-03-27T13:33:45+00:00","mainEntityOfPage":{"@id":"https:\/\/newplace.ch\/gute-fuehrung\/"},"wordCount":581,"commentCount":0,"publisher":{"@id":"https:\/\/newplace.ch\/#organization"},"image":{"@id":"https:\/\/newplace.ch\/gute-fuehrung\/#primaryimage"},"thumbnailUrl":"","articleSection":["von newplace"],"inLanguage":"it-IT","potentialAction":[{"@type":"CommentAction","name":"Comment","target":["https:\/\/newplace.ch\/gute-fuehrung\/#respond"]}]},{"@type":"WebPage","@id":"https:\/\/newplace.ch\/gute-fuehrung\/","url":"https:\/\/newplace.ch\/gute-fuehrung\/","name":"Che cos'\u00e8 una buona leadership?","isPartOf":{"@id":"https:\/\/newplace.ch\/#website"},"primaryImageOfPage":{"@id":"https:\/\/newplace.ch\/gute-fuehrung\/#primaryimage"},"image":{"@id":"https:\/\/newplace.ch\/gute-fuehrung\/#primaryimage"},"thumbnailUrl":"","datePublished":"2022-07-07T10:48:51+00:00","dateModified":"2025-03-27T13:33:45+00:00","description":"F\u00fchrungskr\u00e4fte, welche eine sehr positive Wirkung auf das Wohlbefinden und die Leistung der Mitarbeitenden haben.","breadcrumb":{"@id":"https:\/\/newplace.ch\/gute-fuehrung\/#breadcrumb"},"inLanguage":"it-IT","potentialAction":[{"@type":"ReadAction","target":["https:\/\/newplace.ch\/gute-fuehrung\/"]}]},{"@type":"ImageObject","inLanguage":"it-IT","@id":"https:\/\/newplace.ch\/gute-fuehrung\/#primaryimage","url":"","contentUrl":""},{"@type":"BreadcrumbList","@id":"https:\/\/newplace.ch\/gute-fuehrung\/#breadcrumb","itemListElement":[{"@type":"ListItem","position":1,"name":"Startseite","item":"https:\/\/newplace.ch\/"},{"@type":"ListItem","position":2,"name":"Was ist gute F\u00fchrung?"}]},{"@type":"WebSite","@id":"https:\/\/newplace.ch\/#website","url":"https:\/\/newplace.ch\/","name":"nuovo posto","description":"","publisher":{"@id":"https:\/\/newplace.ch\/#organization"},"potentialAction":[{"@type":"SearchAction","target":{"@type":"EntryPoint","urlTemplate":"https:\/\/newplace.ch\/?s={search_term_string}"},"query-input":{"@type":"PropertyValueSpecification","valueRequired":true,"valueName":"search_term_string"}}],"inLanguage":"it-IT"},{"@type":"Organization","@id":"https:\/\/newplace.ch\/#organization","name":"newplace AG","url":"https:\/\/newplace.ch\/","logo":{"@type":"ImageObject","inLanguage":"it-IT","@id":"https:\/\/newplace.ch\/#\/schema\/logo\/image\/","url":"https:\/\/newplace.ch\/wp-content\/uploads\/2025\/02\/newplace.svg","contentUrl":"https:\/\/newplace.ch\/wp-content\/uploads\/2025\/02\/newplace.svg","width":345,"height":120,"caption":"newplace AG"},"image":{"@id":"https:\/\/newplace.ch\/#\/schema\/logo\/image\/"},"sameAs":["https:\/\/www.linkedin.com\/company\/newplace-ag"]},{"@type":"Person","@id":"https:\/\/newplace.ch\/#\/schema\/person\/f60d3b078c64d17e55733cd5e71a8430","name":"Cornelia Steffen","image":{"@type":"ImageObject","inLanguage":"it-IT","@id":"https:\/\/newplace.ch\/#\/schema\/person\/image\/","url":"https:\/\/secure.gravatar.com\/avatar\/aebe96983ca916db533ec4d57d4b633cd240f4c19f0c5662c1baea7faa9666e1?s=96&d=mm&r=g","contentUrl":"https:\/\/secure.gravatar.com\/avatar\/aebe96983ca916db533ec4d57d4b633cd240f4c19f0c5662c1baea7faa9666e1?s=96&d=mm&r=g","caption":"Cornelia Steffen"}}]}},"_links":{"self":[{"href":"https:\/\/newplace.ch\/it\/wp-json\/wp\/v2\/posts\/3205","targetHints":{"allow":["GET"]}}],"collection":[{"href":"https:\/\/newplace.ch\/it\/wp-json\/wp\/v2\/posts"}],"about":[{"href":"https:\/\/newplace.ch\/it\/wp-json\/wp\/v2\/types\/post"}],"author":[{"embeddable":true,"href":"https:\/\/newplace.ch\/it\/wp-json\/wp\/v2\/users\/6"}],"replies":[{"embeddable":true,"href":"https:\/\/newplace.ch\/it\/wp-json\/wp\/v2\/comments?post=3205"}],"version-history":[{"count":1,"href":"https:\/\/newplace.ch\/it\/wp-json\/wp\/v2\/posts\/3205\/revisions"}],"predecessor-version":[{"id":4994,"href":"https:\/\/newplace.ch\/it\/wp-json\/wp\/v2\/posts\/3205\/revisions\/4994"}],"wp:featuredmedia":[{"embeddable":true,"href":"https:\/\/newplace.ch\/it\/wp-json\/"}],"wp:attachment":[{"href":"https:\/\/newplace.ch\/it\/wp-json\/wp\/v2\/media?parent=3205"}],"wp:term":[{"taxonomy":"category","embeddable":true,"href":"https:\/\/newplace.ch\/it\/wp-json\/wp\/v2\/categories?post=3205"},{"taxonomy":"post_tag","embeddable":true,"href":"https:\/\/newplace.ch\/it\/wp-json\/wp\/v2\/tags?post=3205"}],"curies":[{"name":"wp","href":"https:\/\/api.w.org\/{rel}","templated":true}]}}