{"id":3128,"date":"2022-02-15T12:34:48","date_gmt":"2022-02-15T12:34:48","guid":{"rendered":"https:\/\/www.newplace.ch\/?p=3128"},"modified":"2025-03-27T13:33:45","modified_gmt":"2025-03-27T13:33:45","slug":"survivors-reorganisation","status":"publish","type":"post","link":"https:\/\/newplace.ch\/it\/survivors-reorganisation\/","title":{"rendered":"I \"sopravvissuti\" sono spesso dimenticati durante le misure di riorganizzazione"},"content":{"rendered":"<div class=\"wpb_text_column wpb_content_element\">\n<div class=\"wpb_wrapper\">\n<p>Le parti interessate alla gestione del licenziamento sono molte, ma di solito l'attenzione si concentra sui diretti interessati, sui manager di linea e sui responsabili delle risorse umane che devono prendere e attuare questa decisione strategica. Ai dipendenti licenziati viene talvolta fornita un'ampia\u00a0<a href=\"https:\/\/newplace.ch\/it\/outplacement-unternehmen\/\" target=\"_blank\" rel=\"noopener\">Programmi di ricollocamento<\/a>\u00a0offerto per il riorientamento.<\/p>\n<p>Tuttavia, i licenziamenti rappresentano un'esperienza drastica anche per i dipendenti rimasti (sopravvissuti). A questi cosiddetti sopravvissuti viene solitamente dedicata troppo poca attenzione. Eppure sono proprio loro a essere cruciali per il futuro successo dell'azienda. I dipendenti impegnati e motivati sono fondamentali, soprattutto in tempi di crisi.<\/p>\n<p>Le conseguenze comuni per i sopravvissuti sono le seguenti:<\/p>\n<p>Sensi di colpa, carichi di lavoro aggiuntivi, disoccupazione anticipata, crolli di carriera, perdita di controllo, aumento della concorrenza e della pressione sulle prestazioni, strategie di sopravvivenza (opportunismo), rassegnazione interiore, ...<\/p>\n<p>Secondo un\u00a0<a href=\"https:\/\/science.apa.at\/power-search\/12153270517096915672\" target=\"_blank\" rel=\"noopener\">un recente studio dell'Universit\u00e0 Johannes Kepler (JKU) di Linz<\/a>\u00a0i tagli al personale stanno causando problemi di salute anche a coloro che non sono stati licenziati. In un anno e mezzo di tagli, il personale rimanente ha registrato un aumento del 2,4% delle prescrizioni di farmaci e del 12,4% dei giorni di malattia a trimestre.<\/p>\n<p>L'effetto della cosiddetta \"malattia del sopravvissuto al licenziamento\", ovvero le reazioni ritardate e a lungo termine a un licenziamento, \u00e8 stato analizzato in diversi studi a partire dagli anni '60. Sorprendentemente, per\u00f2, secondo uno studio di\u00a0<a href=\"https:\/\/www.kienbaum.com\/de\/publikationen\/trennungsmanagement-update-2021\/\" target=\"_blank\" rel=\"noopener\">Studio di Kienbaum<\/a>\u00a0Solo il 29% delle aziende intervistate ha un sistema di gestione della retention per i dipendenti rimanenti.<\/p>\n<\/div>\n<\/div>\n<div class=\"vc_empty_space\"><\/div>\n<div class=\"wpb_text_column wpb_content_element\">\n<div class=\"wpb_wrapper\">\n<h2>Cosa pu\u00f2 fare un'azienda per ridurre le conseguenze negative di una riorganizzazione?<\/h2>\n<\/div>\n<\/div>\n<div class=\"vc_empty_space\"><\/div>\n<div class=\"wpb_text_column wpb_content_element\">\n<div class=\"wpb_wrapper\">\n<p>Cosa \u00e8 importante nel\u00a0<a href=\"https:\/\/newplace.ch\/it\/outplacement-unternehmen\/#phasen\" target=\"_blank\" rel=\"noopener\">Fase di pianificazione delle riorganizzazioni del personale<\/a>effettuare un'analisi delle parti interessate e, sulla base di questa, pianificare e attuare misure per tutte le parti interessate. I sopravvissuti reagiranno in modo molto diverso alla riorganizzazione ed \u00e8 quindi importante definire misure che aiutino a ricostruire la fiducia. L'attenzione dovrebbe essere rivolta in particolare alle seguenti aree:<\/p>\n<p><strong>Leadership:<\/strong>\u00a0I dirigenti devono sforzarsi di essere pi\u00f9 leader che manager e di essere ancora pi\u00f9 presenti e accessibili di quanto non lo fossero gi\u00e0. I seguenti compiti di leadership stanno diventando importanti: comunicare, ascoltare, guidare, apprezzare, coinvolgere e allenare.<\/p>\n<p><strong>Comunicazione:<\/strong>\u00a0La comunicazione non \u00e8 mai troppa quando si fa un ridimensionamento. \u00c8 essenziale sviluppare una solida storia del cambiamento con un gruppo di discussione e comunicare in modo proattivo, rispettoso e apprezzabile.<\/p>\n<p><strong>Ottimizzazione dei lavori e dei processi<\/strong>Il licenziamento di un collega ha solitamente un impatto significativo sul carico di lavoro dei suoi colleghi. \u00c8 quindi importante ottimizzare i posti di lavoro e i processi in una fase iniziale con il coinvolgimento delle persone interessate, anche se il sovraccarico \u00e8 solo temporaneo.<\/p>\n<p><strong>Gestione della retention:<\/strong>\u00a0Le misure molto efficaci includono naturalmente anche strumenti come la retribuzione, la formazione, ecc. per riconoscere le prestazioni individuali nella situazione di crisi e rafforzare la resilienza dei dipendenti.<\/p>\n<p>Conclusione: i \"sopravvissuti\" devono essere l'obiettivo principale di tutte le riorganizzazioni del personale, anche se devono essere lasciate andare \"solo\" alcune persone. Quanto meglio si preparano e si sostengono i cambiamenti, tanto pi\u00f9 rapidamente coloro che restano torneranno al loro livello di produttivit\u00e0 originale e gli effetti sulla salute saranno ridotti.<\/p>\n<\/div>\n<\/div>\n<div class=\"vc_empty_space\"><\/div>\n<div class=\"wpb_text_column wpb_content_element\">\n<div class=\"wpb_wrapper\">\n<p><strong>Questo potrebbe interessarti anche:<\/strong><\/p>\n<ul>\n<li><a href=\"https:\/\/newplace.ch\/it\/gruende-outplacement-arbeitgeber\/\">L'outplacement come valore aggiunto per i datori di lavoro<\/a><\/li>\n<li><a href=\"https:\/\/newplace.ch\/it\/gruende-outplacement-arbeitnehmer\/\">L'outplacement come valore aggiunto per i dipendenti<\/a><\/li>\n<li><a href=\"https:\/\/newplace.ch\/it\/trennung-im-beruflichen-umfeld\/\">Perch\u00e9 la separazione \u00e8 cos\u00ec difficile?<\/a><\/li>\n<\/ul>\n<\/div>\n<\/div>\n<div class=\"vc_empty_space\"><\/div>\n<div class=\"wpb_text_column wpb_content_element\">\n<div class=\"wpb_wrapper\">\n<p>Saremo lieti di presentarvi i servizi di Newplace senza alcun impegno. Non esitate a contattarci!<\/p>\n<\/div>\n<\/div>\n<div class=\"vc_empty_space\"><\/div>\n<div class=\"wpb_text_column wpb_content_element\">\n<div class=\"wpb_wrapper\"><\/div>\n<\/div>","protected":false},"excerpt":{"rendered":"<p>Le parti interessate alla gestione dei licenziamenti sono molte e di solito l'attenzione si concentra sui diretti interessati, i manager di linea e i responsabili delle risorse umane. Tuttavia, i licenziamenti rappresentano un'esperienza drastica anche per i dipendenti rimasti (sopravvissuti). <\/p>","protected":false},"author":6,"featured_media":3145,"comment_status":"open","ping_status":"open","sticky":false,"template":"","format":"standard","meta":{"_acf_changed":false,"footnotes":""},"categories":[11],"tags":[],"class_list":["post-3128","post","type-post","status-publish","format-standard","has-post-thumbnail","hentry","category-newplace"],"acf":[],"yoast_head":"<!-- This site is optimized with the Yoast SEO plugin v27.5 - https:\/\/yoast.com\/product\/yoast-seo-wordpress\/ -->\n<title>Survivors gehen bei Reorganisationsprozessen h\u00e4ufig vergessen<\/title>\n<meta name=\"description\" content=\"Die Survivors werden unterschiedlich auf die Reorganisation reagieren und darum ist es wichtig Massnahmen zu definieren.\" \/>\n<meta name=\"robots\" content=\"index, follow, max-snippet:-1, max-image-preview:large, max-video-preview:-1\" \/>\n<link rel=\"canonical\" href=\"https:\/\/newplace.ch\/it\/survivors-reorganisation\/\" \/>\n<meta property=\"og:locale\" content=\"it_IT\" \/>\n<meta property=\"og:type\" content=\"article\" \/>\n<meta property=\"og:title\" content=\"Survivors gehen bei Reorganisationsprozessen h\u00e4ufig vergessen\" \/>\n<meta property=\"og:description\" content=\"Die Survivors werden unterschiedlich auf die Reorganisation reagieren und darum ist es wichtig Massnahmen zu definieren.\" \/>\n<meta property=\"og:url\" content=\"https:\/\/newplace.ch\/it\/survivors-reorganisation\/\" \/>\n<meta property=\"og:site_name\" content=\"newplace\" \/>\n<meta property=\"article:published_time\" content=\"2022-02-15T12:34:48+00:00\" \/>\n<meta property=\"article:modified_time\" content=\"2025-03-27T13:33:45+00:00\" \/>\n<meta name=\"author\" content=\"Cornelia Steffen\" \/>\n<meta name=\"twitter:card\" content=\"summary_large_image\" \/>\n<script type=\"application\/ld+json\" class=\"yoast-schema-graph\">{\"@context\":\"https:\\\/\\\/schema.org\",\"@graph\":[{\"@type\":\"Article\",\"@id\":\"https:\\\/\\\/newplace.ch\\\/survivors-reorganisation\\\/#article\",\"isPartOf\":{\"@id\":\"https:\\\/\\\/newplace.ch\\\/survivors-reorganisation\\\/\"},\"author\":{\"name\":\"Cornelia Steffen\",\"@id\":\"https:\\\/\\\/newplace.ch\\\/#\\\/schema\\\/person\\\/f60d3b078c64d17e55733cd5e71a8430\"},\"headline\":\"&#8222;Survivors&#8220; gehen bei Reorganisations-Massnahmen h\u00e4ufig vergessen\",\"datePublished\":\"2022-02-15T12:34:48+00:00\",\"dateModified\":\"2025-03-27T13:33:45+00:00\",\"mainEntityOfPage\":{\"@id\":\"https:\\\/\\\/newplace.ch\\\/survivors-reorganisation\\\/\"},\"wordCount\":516,\"commentCount\":0,\"publisher\":{\"@id\":\"https:\\\/\\\/newplace.ch\\\/#organization\"},\"image\":{\"@id\":\"https:\\\/\\\/newplace.ch\\\/survivors-reorganisation\\\/#primaryimage\"},\"thumbnailUrl\":\"\",\"articleSection\":[\"von newplace\"],\"inLanguage\":\"it-IT\",\"potentialAction\":[{\"@type\":\"CommentAction\",\"name\":\"Comment\",\"target\":[\"https:\\\/\\\/newplace.ch\\\/survivors-reorganisation\\\/#respond\"]}]},{\"@type\":\"WebPage\",\"@id\":\"https:\\\/\\\/newplace.ch\\\/survivors-reorganisation\\\/\",\"url\":\"https:\\\/\\\/newplace.ch\\\/survivors-reorganisation\\\/\",\"name\":\"Survivors gehen bei Reorganisationsprozessen h\u00e4ufig vergessen\",\"isPartOf\":{\"@id\":\"https:\\\/\\\/newplace.ch\\\/#website\"},\"primaryImageOfPage\":{\"@id\":\"https:\\\/\\\/newplace.ch\\\/survivors-reorganisation\\\/#primaryimage\"},\"image\":{\"@id\":\"https:\\\/\\\/newplace.ch\\\/survivors-reorganisation\\\/#primaryimage\"},\"thumbnailUrl\":\"\",\"datePublished\":\"2022-02-15T12:34:48+00:00\",\"dateModified\":\"2025-03-27T13:33:45+00:00\",\"description\":\"Die Survivors werden unterschiedlich auf die Reorganisation reagieren und darum ist es wichtig Massnahmen zu definieren.\",\"breadcrumb\":{\"@id\":\"https:\\\/\\\/newplace.ch\\\/survivors-reorganisation\\\/#breadcrumb\"},\"inLanguage\":\"it-IT\",\"potentialAction\":[{\"@type\":\"ReadAction\",\"target\":[\"https:\\\/\\\/newplace.ch\\\/survivors-reorganisation\\\/\"]}]},{\"@type\":\"ImageObject\",\"inLanguage\":\"it-IT\",\"@id\":\"https:\\\/\\\/newplace.ch\\\/survivors-reorganisation\\\/#primaryimage\",\"url\":\"\",\"contentUrl\":\"\"},{\"@type\":\"BreadcrumbList\",\"@id\":\"https:\\\/\\\/newplace.ch\\\/survivors-reorganisation\\\/#breadcrumb\",\"itemListElement\":[{\"@type\":\"ListItem\",\"position\":1,\"name\":\"Startseite\",\"item\":\"https:\\\/\\\/newplace.ch\\\/\"},{\"@type\":\"ListItem\",\"position\":2,\"name\":\"&#8222;Survivors&#8220; gehen bei Reorganisations-Massnahmen h\u00e4ufig vergessen\"}]},{\"@type\":\"WebSite\",\"@id\":\"https:\\\/\\\/newplace.ch\\\/#website\",\"url\":\"https:\\\/\\\/newplace.ch\\\/\",\"name\":\"newplace\",\"description\":\"\",\"publisher\":{\"@id\":\"https:\\\/\\\/newplace.ch\\\/#organization\"},\"potentialAction\":[{\"@type\":\"SearchAction\",\"target\":{\"@type\":\"EntryPoint\",\"urlTemplate\":\"https:\\\/\\\/newplace.ch\\\/?s={search_term_string}\"},\"query-input\":{\"@type\":\"PropertyValueSpecification\",\"valueRequired\":true,\"valueName\":\"search_term_string\"}}],\"inLanguage\":\"it-IT\"},{\"@type\":\"Organization\",\"@id\":\"https:\\\/\\\/newplace.ch\\\/#organization\",\"name\":\"newplace AG\",\"url\":\"https:\\\/\\\/newplace.ch\\\/\",\"logo\":{\"@type\":\"ImageObject\",\"inLanguage\":\"it-IT\",\"@id\":\"https:\\\/\\\/newplace.ch\\\/#\\\/schema\\\/logo\\\/image\\\/\",\"url\":\"https:\\\/\\\/newplace.ch\\\/wp-content\\\/uploads\\\/2025\\\/02\\\/newplace.svg\",\"contentUrl\":\"https:\\\/\\\/newplace.ch\\\/wp-content\\\/uploads\\\/2025\\\/02\\\/newplace.svg\",\"width\":345,\"height\":120,\"caption\":\"newplace AG\"},\"image\":{\"@id\":\"https:\\\/\\\/newplace.ch\\\/#\\\/schema\\\/logo\\\/image\\\/\"},\"sameAs\":[\"https:\\\/\\\/www.linkedin.com\\\/company\\\/newplace-ag\"]},{\"@type\":\"Person\",\"@id\":\"https:\\\/\\\/newplace.ch\\\/#\\\/schema\\\/person\\\/f60d3b078c64d17e55733cd5e71a8430\",\"name\":\"Cornelia Steffen\",\"image\":{\"@type\":\"ImageObject\",\"inLanguage\":\"it-IT\",\"@id\":\"https:\\\/\\\/secure.gravatar.com\\\/avatar\\\/aebe96983ca916db533ec4d57d4b633cd240f4c19f0c5662c1baea7faa9666e1?s=96&d=mm&r=g\",\"url\":\"https:\\\/\\\/secure.gravatar.com\\\/avatar\\\/aebe96983ca916db533ec4d57d4b633cd240f4c19f0c5662c1baea7faa9666e1?s=96&d=mm&r=g\",\"contentUrl\":\"https:\\\/\\\/secure.gravatar.com\\\/avatar\\\/aebe96983ca916db533ec4d57d4b633cd240f4c19f0c5662c1baea7faa9666e1?s=96&d=mm&r=g\",\"caption\":\"Cornelia Steffen\"}}]}<\/script>\n<!-- \/ Yoast SEO plugin. -->","yoast_head_json":{"title":"Survivors gehen bei Reorganisationsprozessen h\u00e4ufig vergessen","description":"Die Survivors werden unterschiedlich auf die Reorganisation reagieren und darum ist es wichtig Massnahmen zu definieren.","robots":{"index":"index","follow":"follow","max-snippet":"max-snippet:-1","max-image-preview":"max-image-preview:large","max-video-preview":"max-video-preview:-1"},"canonical":"https:\/\/newplace.ch\/it\/survivors-reorganisation\/","og_locale":"it_IT","og_type":"article","og_title":"Survivors gehen bei Reorganisationsprozessen h\u00e4ufig vergessen","og_description":"Die Survivors werden unterschiedlich auf die Reorganisation reagieren und darum ist es wichtig Massnahmen zu definieren.","og_url":"https:\/\/newplace.ch\/it\/survivors-reorganisation\/","og_site_name":"newplace","article_published_time":"2022-02-15T12:34:48+00:00","article_modified_time":"2025-03-27T13:33:45+00:00","author":"Cornelia Steffen","twitter_card":"summary_large_image","schema":{"@context":"https:\/\/schema.org","@graph":[{"@type":"Article","@id":"https:\/\/newplace.ch\/survivors-reorganisation\/#article","isPartOf":{"@id":"https:\/\/newplace.ch\/survivors-reorganisation\/"},"author":{"name":"Cornelia Steffen","@id":"https:\/\/newplace.ch\/#\/schema\/person\/f60d3b078c64d17e55733cd5e71a8430"},"headline":"&#8222;Survivors&#8220; gehen bei Reorganisations-Massnahmen h\u00e4ufig vergessen","datePublished":"2022-02-15T12:34:48+00:00","dateModified":"2025-03-27T13:33:45+00:00","mainEntityOfPage":{"@id":"https:\/\/newplace.ch\/survivors-reorganisation\/"},"wordCount":516,"commentCount":0,"publisher":{"@id":"https:\/\/newplace.ch\/#organization"},"image":{"@id":"https:\/\/newplace.ch\/survivors-reorganisation\/#primaryimage"},"thumbnailUrl":"","articleSection":["von newplace"],"inLanguage":"it-IT","potentialAction":[{"@type":"CommentAction","name":"Comment","target":["https:\/\/newplace.ch\/survivors-reorganisation\/#respond"]}]},{"@type":"WebPage","@id":"https:\/\/newplace.ch\/survivors-reorganisation\/","url":"https:\/\/newplace.ch\/survivors-reorganisation\/","name":"Survivors gehen bei Reorganisationsprozessen h\u00e4ufig vergessen","isPartOf":{"@id":"https:\/\/newplace.ch\/#website"},"primaryImageOfPage":{"@id":"https:\/\/newplace.ch\/survivors-reorganisation\/#primaryimage"},"image":{"@id":"https:\/\/newplace.ch\/survivors-reorganisation\/#primaryimage"},"thumbnailUrl":"","datePublished":"2022-02-15T12:34:48+00:00","dateModified":"2025-03-27T13:33:45+00:00","description":"Die Survivors werden unterschiedlich auf die Reorganisation reagieren und darum ist es wichtig Massnahmen zu definieren.","breadcrumb":{"@id":"https:\/\/newplace.ch\/survivors-reorganisation\/#breadcrumb"},"inLanguage":"it-IT","potentialAction":[{"@type":"ReadAction","target":["https:\/\/newplace.ch\/survivors-reorganisation\/"]}]},{"@type":"ImageObject","inLanguage":"it-IT","@id":"https:\/\/newplace.ch\/survivors-reorganisation\/#primaryimage","url":"","contentUrl":""},{"@type":"BreadcrumbList","@id":"https:\/\/newplace.ch\/survivors-reorganisation\/#breadcrumb","itemListElement":[{"@type":"ListItem","position":1,"name":"Startseite","item":"https:\/\/newplace.ch\/"},{"@type":"ListItem","position":2,"name":"&#8222;Survivors&#8220; gehen bei Reorganisations-Massnahmen h\u00e4ufig vergessen"}]},{"@type":"WebSite","@id":"https:\/\/newplace.ch\/#website","url":"https:\/\/newplace.ch\/","name":"nuovo posto","description":"","publisher":{"@id":"https:\/\/newplace.ch\/#organization"},"potentialAction":[{"@type":"SearchAction","target":{"@type":"EntryPoint","urlTemplate":"https:\/\/newplace.ch\/?s={search_term_string}"},"query-input":{"@type":"PropertyValueSpecification","valueRequired":true,"valueName":"search_term_string"}}],"inLanguage":"it-IT"},{"@type":"Organization","@id":"https:\/\/newplace.ch\/#organization","name":"newplace AG","url":"https:\/\/newplace.ch\/","logo":{"@type":"ImageObject","inLanguage":"it-IT","@id":"https:\/\/newplace.ch\/#\/schema\/logo\/image\/","url":"https:\/\/newplace.ch\/wp-content\/uploads\/2025\/02\/newplace.svg","contentUrl":"https:\/\/newplace.ch\/wp-content\/uploads\/2025\/02\/newplace.svg","width":345,"height":120,"caption":"newplace AG"},"image":{"@id":"https:\/\/newplace.ch\/#\/schema\/logo\/image\/"},"sameAs":["https:\/\/www.linkedin.com\/company\/newplace-ag"]},{"@type":"Person","@id":"https:\/\/newplace.ch\/#\/schema\/person\/f60d3b078c64d17e55733cd5e71a8430","name":"Cornelia Steffen","image":{"@type":"ImageObject","inLanguage":"it-IT","@id":"https:\/\/secure.gravatar.com\/avatar\/aebe96983ca916db533ec4d57d4b633cd240f4c19f0c5662c1baea7faa9666e1?s=96&d=mm&r=g","url":"https:\/\/secure.gravatar.com\/avatar\/aebe96983ca916db533ec4d57d4b633cd240f4c19f0c5662c1baea7faa9666e1?s=96&d=mm&r=g","contentUrl":"https:\/\/secure.gravatar.com\/avatar\/aebe96983ca916db533ec4d57d4b633cd240f4c19f0c5662c1baea7faa9666e1?s=96&d=mm&r=g","caption":"Cornelia Steffen"}}]}},"_links":{"self":[{"href":"https:\/\/newplace.ch\/it\/wp-json\/wp\/v2\/posts\/3128","targetHints":{"allow":["GET"]}}],"collection":[{"href":"https:\/\/newplace.ch\/it\/wp-json\/wp\/v2\/posts"}],"about":[{"href":"https:\/\/newplace.ch\/it\/wp-json\/wp\/v2\/types\/post"}],"author":[{"embeddable":true,"href":"https:\/\/newplace.ch\/it\/wp-json\/wp\/v2\/users\/6"}],"replies":[{"embeddable":true,"href":"https:\/\/newplace.ch\/it\/wp-json\/wp\/v2\/comments?post=3128"}],"version-history":[{"count":1,"href":"https:\/\/newplace.ch\/it\/wp-json\/wp\/v2\/posts\/3128\/revisions"}],"predecessor-version":[{"id":4997,"href":"https:\/\/newplace.ch\/it\/wp-json\/wp\/v2\/posts\/3128\/revisions\/4997"}],"wp:featuredmedia":[{"embeddable":true,"href":"https:\/\/newplace.ch\/it\/wp-json\/"}],"wp:attachment":[{"href":"https:\/\/newplace.ch\/it\/wp-json\/wp\/v2\/media?parent=3128"}],"wp:term":[{"taxonomy":"category","embeddable":true,"href":"https:\/\/newplace.ch\/it\/wp-json\/wp\/v2\/categories?post=3128"},{"taxonomy":"post_tag","embeddable":true,"href":"https:\/\/newplace.ch\/it\/wp-json\/wp\/v2\/tags?post=3128"}],"curies":[{"name":"wp","href":"https:\/\/api.w.org\/{rel}","templated":true}]}}