{"id":2768,"date":"2021-07-06T07:59:16","date_gmt":"2021-07-06T07:59:16","guid":{"rendered":"https:\/\/www.newplace.ch\/?p=2768"},"modified":"2025-03-27T13:33:45","modified_gmt":"2025-03-27T13:33:45","slug":"der-arbeitsmarkt-erholt-sich","status":"publish","type":"post","link":"https:\/\/newplace.ch\/it\/der-arbeitsmarkt-erholt-sich\/","title":{"rendered":"Il mercato del lavoro \u00e8 in ripresa"},"content":{"rendered":"<div class=\"wpb_text_column wpb_content_element\">\n<div class=\"wpb_wrapper\">\n<div>\n<p>La situazione sta migliorando. L'economia svizzera, e con essa il mercato del lavoro, si sta visibilmente riprendendo dalla crisi del coronavirus. Il numero di annunci di lavoro \u00e8 aumentato del 28% rispetto allo stesso trimestre dell'anno scorso, secondo le ultime indagini dell'agenzia di collocamento Adecco e dell'Universit\u00e0 di Zurigo.<\/p>\n<\/div>\n<div>\n<p>Attualmente, nel settore IT si cerca un numero particolarmente elevato di specialisti. Sono richiesti programmatori, webmaster, sistemisti e project manager IT. Uno dei motivi \u00e8 sicuramente la spinta alla digitalizzazione che ha caratterizzato molte aziende durante la pandemia.<\/p>\n<\/div>\n<\/div>\n<\/div>\n<div class=\"vc_empty_space\"><\/div>\n<div class=\"wpb_text_column wpb_content_element\">\n<div class=\"wpb_wrapper\">\n<h2>Mercato del lavoro: differenze tra i settori<\/h2>\n<\/div>\n<\/div>\n<div class=\"wpb_text_column wpb_content_element\">\n<div class=\"wpb_wrapper\">\n<div>\n<p>Chi lavora nel commercio al dettaglio o nelle vendite ha buone possibilit\u00e0 di trovare lavoro. L'indice mostra un aumento del 38%. Anche gli specialisti del personale e dell'organizzazione, nonch\u00e9 i quadri intermedi e superiori, sono di nuovo molto richiesti. Rispetto all'anno precedente, sono stati pubblicati quasi il 40% in pi\u00f9 di posti di lavoro. Anche i lavori d'ufficio e amministrativi sono sempre pi\u00f9 richiesti. Si tratta di una tendenza positiva rispetto all'anno precedente. Tuttavia, va notato che il numero di annunci di lavoro - nella vendita al dettaglio e nell'amministrazione - non \u00e8 ancora al livello di prima della crisi del coronavirus.<\/p>\n<\/div>\n<\/div>\n<\/div>\n<div class=\"vc_empty_space\"><\/div>\n<div class=\"wpb_text_column wpb_content_element\">\n<div class=\"wpb_wrapper\">\n<h2>Lenta ripresa del settore alberghiero<\/h2>\n<\/div>\n<\/div>\n<div class=\"wpb_text_column wpb_content_element\">\n<div class=\"wpb_wrapper\">\n<div>\n<p>Anche il settore industriale e dei trasporti \u00e8 in crescita. Rispetto allo stesso trimestre dell'anno scorso, sono stati pubblicati il 33% in pi\u00f9 di posti di lavoro. Ci\u00f2 significa che gli specialisti di questo settore sono pi\u00f9 richiesti rispetto a poco prima della prima chiusura. Anche l'edilizia, le professioni tecniche e quelle delle scienze naturali sono tornate ai livelli pre-corona.<\/p>\n<\/div>\n<div>\n<p>Le cose restano difficili nel settore della ristorazione. Qui il livello pre-corona \u00e8 molto lontano. Sebbene anche in questo caso vengano pubblicizzati pi\u00f9 posti di lavoro, la ripresa \u00e8 lenta. Queste aziende sperano soprattutto nell'attivit\u00e0 estiva e festiva.<\/p>\n<\/div>\n<p>I risultati e i dati dettagliati dell'indagine sono disponibili\u00a0<a href=\"https:\/\/www.stellenmarktmonitor.uzh.ch\/de\/indices\/asjmi.html\">qui<\/a>.<\/p>\n<\/div>\n<\/div>\n<div class=\"wpb_text_column wpb_content_element\">\n<div class=\"wpb_wrapper\"><\/div>\n<\/div>","protected":false},"excerpt":{"rendered":"<p>L'economia svizzera, e con essa il mercato del lavoro, si sta visibilmente riprendendo dalla crisi del coronavirus. Gli annunci di lavoro sono aumentati del 28% rispetto allo stesso trimestre dell'anno precedente.<\/p>","protected":false},"author":6,"featured_media":2776,"comment_status":"open","ping_status":"open","sticky":false,"template":"","format":"standard","meta":{"_acf_changed":false,"footnotes":""},"categories":[10],"tags":[],"class_list":["post-2768","post","type-post","status-publish","format-standard","has-post-thumbnail","hentry","category-hr-welt"],"acf":[],"yoast_head":"<!-- This site is optimized with the Yoast SEO plugin v27.5 - https:\/\/yoast.com\/product\/yoast-seo-wordpress\/ -->\n<title>Entwicklung Schweizer Stellenmarkt nach Branchen &#8226; newplace<\/title>\n<meta name=\"description\" content=\"Stellenmarkt erholt sich von Corona Pandemie: Im Vergleich zum Vorjahr wurden 28% mehr Jobs ausgeschrieben.\" \/>\n<meta name=\"robots\" content=\"index, follow, max-snippet:-1, max-image-preview:large, max-video-preview:-1\" \/>\n<link rel=\"canonical\" href=\"https:\/\/newplace.ch\/it\/der-arbeitsmarkt-erholt-sich\/\" \/>\n<meta property=\"og:locale\" content=\"it_IT\" \/>\n<meta property=\"og:type\" content=\"article\" \/>\n<meta property=\"og:title\" content=\"Entwicklung Schweizer Stellenmarkt nach Branchen &#8226; newplace\" \/>\n<meta property=\"og:description\" content=\"Stellenmarkt erholt sich von Corona Pandemie: Im Vergleich zum Vorjahr wurden 28% mehr Jobs ausgeschrieben.\" \/>\n<meta property=\"og:url\" content=\"https:\/\/newplace.ch\/it\/der-arbeitsmarkt-erholt-sich\/\" \/>\n<meta property=\"og:site_name\" content=\"newplace\" \/>\n<meta property=\"article:published_time\" content=\"2021-07-06T07:59:16+00:00\" \/>\n<meta property=\"article:modified_time\" content=\"2025-03-27T13:33:45+00:00\" \/>\n<meta name=\"author\" content=\"Cornelia Steffen\" \/>\n<meta name=\"twitter:card\" content=\"summary_large_image\" \/>\n<script type=\"application\/ld+json\" class=\"yoast-schema-graph\">{\"@context\":\"https:\\\/\\\/schema.org\",\"@graph\":[{\"@type\":\"Article\",\"@id\":\"https:\\\/\\\/newplace.ch\\\/der-arbeitsmarkt-erholt-sich\\\/#article\",\"isPartOf\":{\"@id\":\"https:\\\/\\\/newplace.ch\\\/der-arbeitsmarkt-erholt-sich\\\/\"},\"author\":{\"name\":\"Cornelia Steffen\",\"@id\":\"https:\\\/\\\/newplace.ch\\\/#\\\/schema\\\/person\\\/f60d3b078c64d17e55733cd5e71a8430\"},\"headline\":\"Der Arbeitsmarkt erholt sich\",\"datePublished\":\"2021-07-06T07:59:16+00:00\",\"dateModified\":\"2025-03-27T13:33:45+00:00\",\"mainEntityOfPage\":{\"@id\":\"https:\\\/\\\/newplace.ch\\\/der-arbeitsmarkt-erholt-sich\\\/\"},\"wordCount\":270,\"commentCount\":0,\"publisher\":{\"@id\":\"https:\\\/\\\/newplace.ch\\\/#organization\"},\"image\":{\"@id\":\"https:\\\/\\\/newplace.ch\\\/der-arbeitsmarkt-erholt-sich\\\/#primaryimage\"},\"thumbnailUrl\":\"\",\"articleSection\":[\"aus der HR-Welt\"],\"inLanguage\":\"it-IT\",\"potentialAction\":[{\"@type\":\"CommentAction\",\"name\":\"Comment\",\"target\":[\"https:\\\/\\\/newplace.ch\\\/der-arbeitsmarkt-erholt-sich\\\/#respond\"]}]},{\"@type\":\"WebPage\",\"@id\":\"https:\\\/\\\/newplace.ch\\\/der-arbeitsmarkt-erholt-sich\\\/\",\"url\":\"https:\\\/\\\/newplace.ch\\\/der-arbeitsmarkt-erholt-sich\\\/\",\"name\":\"Entwicklung Schweizer Stellenmarkt nach Branchen &#8226; newplace\",\"isPartOf\":{\"@id\":\"https:\\\/\\\/newplace.ch\\\/#website\"},\"primaryImageOfPage\":{\"@id\":\"https:\\\/\\\/newplace.ch\\\/der-arbeitsmarkt-erholt-sich\\\/#primaryimage\"},\"image\":{\"@id\":\"https:\\\/\\\/newplace.ch\\\/der-arbeitsmarkt-erholt-sich\\\/#primaryimage\"},\"thumbnailUrl\":\"\",\"datePublished\":\"2021-07-06T07:59:16+00:00\",\"dateModified\":\"2025-03-27T13:33:45+00:00\",\"description\":\"Stellenmarkt erholt sich von Corona Pandemie: Im Vergleich zum Vorjahr wurden 28% mehr Jobs ausgeschrieben.\",\"breadcrumb\":{\"@id\":\"https:\\\/\\\/newplace.ch\\\/der-arbeitsmarkt-erholt-sich\\\/#breadcrumb\"},\"inLanguage\":\"it-IT\",\"potentialAction\":[{\"@type\":\"ReadAction\",\"target\":[\"https:\\\/\\\/newplace.ch\\\/der-arbeitsmarkt-erholt-sich\\\/\"]}]},{\"@type\":\"ImageObject\",\"inLanguage\":\"it-IT\",\"@id\":\"https:\\\/\\\/newplace.ch\\\/der-arbeitsmarkt-erholt-sich\\\/#primaryimage\",\"url\":\"\",\"contentUrl\":\"\"},{\"@type\":\"BreadcrumbList\",\"@id\":\"https:\\\/\\\/newplace.ch\\\/der-arbeitsmarkt-erholt-sich\\\/#breadcrumb\",\"itemListElement\":[{\"@type\":\"ListItem\",\"position\":1,\"name\":\"Startseite\",\"item\":\"https:\\\/\\\/newplace.ch\\\/\"},{\"@type\":\"ListItem\",\"position\":2,\"name\":\"Der Arbeitsmarkt erholt sich\"}]},{\"@type\":\"WebSite\",\"@id\":\"https:\\\/\\\/newplace.ch\\\/#website\",\"url\":\"https:\\\/\\\/newplace.ch\\\/\",\"name\":\"newplace\",\"description\":\"\",\"publisher\":{\"@id\":\"https:\\\/\\\/newplace.ch\\\/#organization\"},\"potentialAction\":[{\"@type\":\"SearchAction\",\"target\":{\"@type\":\"EntryPoint\",\"urlTemplate\":\"https:\\\/\\\/newplace.ch\\\/?s={search_term_string}\"},\"query-input\":{\"@type\":\"PropertyValueSpecification\",\"valueRequired\":true,\"valueName\":\"search_term_string\"}}],\"inLanguage\":\"it-IT\"},{\"@type\":\"Organization\",\"@id\":\"https:\\\/\\\/newplace.ch\\\/#organization\",\"name\":\"newplace AG\",\"url\":\"https:\\\/\\\/newplace.ch\\\/\",\"logo\":{\"@type\":\"ImageObject\",\"inLanguage\":\"it-IT\",\"@id\":\"https:\\\/\\\/newplace.ch\\\/#\\\/schema\\\/logo\\\/image\\\/\",\"url\":\"https:\\\/\\\/newplace.ch\\\/wp-content\\\/uploads\\\/2025\\\/02\\\/newplace.svg\",\"contentUrl\":\"https:\\\/\\\/newplace.ch\\\/wp-content\\\/uploads\\\/2025\\\/02\\\/newplace.svg\",\"width\":345,\"height\":120,\"caption\":\"newplace AG\"},\"image\":{\"@id\":\"https:\\\/\\\/newplace.ch\\\/#\\\/schema\\\/logo\\\/image\\\/\"},\"sameAs\":[\"https:\\\/\\\/www.linkedin.com\\\/company\\\/newplace-ag\"]},{\"@type\":\"Person\",\"@id\":\"https:\\\/\\\/newplace.ch\\\/#\\\/schema\\\/person\\\/f60d3b078c64d17e55733cd5e71a8430\",\"name\":\"Cornelia Steffen\",\"image\":{\"@type\":\"ImageObject\",\"inLanguage\":\"it-IT\",\"@id\":\"https:\\\/\\\/secure.gravatar.com\\\/avatar\\\/aebe96983ca916db533ec4d57d4b633cd240f4c19f0c5662c1baea7faa9666e1?s=96&d=mm&r=g\",\"url\":\"https:\\\/\\\/secure.gravatar.com\\\/avatar\\\/aebe96983ca916db533ec4d57d4b633cd240f4c19f0c5662c1baea7faa9666e1?s=96&d=mm&r=g\",\"contentUrl\":\"https:\\\/\\\/secure.gravatar.com\\\/avatar\\\/aebe96983ca916db533ec4d57d4b633cd240f4c19f0c5662c1baea7faa9666e1?s=96&d=mm&r=g\",\"caption\":\"Cornelia Steffen\"}}]}<\/script>\n<!-- \/ Yoast SEO plugin. -->","yoast_head_json":{"title":"Entwicklung Schweizer Stellenmarkt nach Branchen &#8226; newplace","description":"Stellenmarkt erholt sich von Corona Pandemie: Im Vergleich zum Vorjahr wurden 28% mehr Jobs ausgeschrieben.","robots":{"index":"index","follow":"follow","max-snippet":"max-snippet:-1","max-image-preview":"max-image-preview:large","max-video-preview":"max-video-preview:-1"},"canonical":"https:\/\/newplace.ch\/it\/der-arbeitsmarkt-erholt-sich\/","og_locale":"it_IT","og_type":"article","og_title":"Entwicklung Schweizer Stellenmarkt nach Branchen &#8226; newplace","og_description":"Stellenmarkt erholt sich von Corona Pandemie: Im Vergleich zum Vorjahr wurden 28% mehr Jobs ausgeschrieben.","og_url":"https:\/\/newplace.ch\/it\/der-arbeitsmarkt-erholt-sich\/","og_site_name":"newplace","article_published_time":"2021-07-06T07:59:16+00:00","article_modified_time":"2025-03-27T13:33:45+00:00","author":"Cornelia Steffen","twitter_card":"summary_large_image","schema":{"@context":"https:\/\/schema.org","@graph":[{"@type":"Article","@id":"https:\/\/newplace.ch\/der-arbeitsmarkt-erholt-sich\/#article","isPartOf":{"@id":"https:\/\/newplace.ch\/der-arbeitsmarkt-erholt-sich\/"},"author":{"name":"Cornelia Steffen","@id":"https:\/\/newplace.ch\/#\/schema\/person\/f60d3b078c64d17e55733cd5e71a8430"},"headline":"Der Arbeitsmarkt erholt sich","datePublished":"2021-07-06T07:59:16+00:00","dateModified":"2025-03-27T13:33:45+00:00","mainEntityOfPage":{"@id":"https:\/\/newplace.ch\/der-arbeitsmarkt-erholt-sich\/"},"wordCount":270,"commentCount":0,"publisher":{"@id":"https:\/\/newplace.ch\/#organization"},"image":{"@id":"https:\/\/newplace.ch\/der-arbeitsmarkt-erholt-sich\/#primaryimage"},"thumbnailUrl":"","articleSection":["aus der HR-Welt"],"inLanguage":"it-IT","potentialAction":[{"@type":"CommentAction","name":"Comment","target":["https:\/\/newplace.ch\/der-arbeitsmarkt-erholt-sich\/#respond"]}]},{"@type":"WebPage","@id":"https:\/\/newplace.ch\/der-arbeitsmarkt-erholt-sich\/","url":"https:\/\/newplace.ch\/der-arbeitsmarkt-erholt-sich\/","name":"Entwicklung Schweizer Stellenmarkt nach Branchen &#8226; newplace","isPartOf":{"@id":"https:\/\/newplace.ch\/#website"},"primaryImageOfPage":{"@id":"https:\/\/newplace.ch\/der-arbeitsmarkt-erholt-sich\/#primaryimage"},"image":{"@id":"https:\/\/newplace.ch\/der-arbeitsmarkt-erholt-sich\/#primaryimage"},"thumbnailUrl":"","datePublished":"2021-07-06T07:59:16+00:00","dateModified":"2025-03-27T13:33:45+00:00","description":"Stellenmarkt erholt sich von Corona Pandemie: Im Vergleich zum Vorjahr wurden 28% mehr Jobs ausgeschrieben.","breadcrumb":{"@id":"https:\/\/newplace.ch\/der-arbeitsmarkt-erholt-sich\/#breadcrumb"},"inLanguage":"it-IT","potentialAction":[{"@type":"ReadAction","target":["https:\/\/newplace.ch\/der-arbeitsmarkt-erholt-sich\/"]}]},{"@type":"ImageObject","inLanguage":"it-IT","@id":"https:\/\/newplace.ch\/der-arbeitsmarkt-erholt-sich\/#primaryimage","url":"","contentUrl":""},{"@type":"BreadcrumbList","@id":"https:\/\/newplace.ch\/der-arbeitsmarkt-erholt-sich\/#breadcrumb","itemListElement":[{"@type":"ListItem","position":1,"name":"Startseite","item":"https:\/\/newplace.ch\/"},{"@type":"ListItem","position":2,"name":"Der Arbeitsmarkt erholt sich"}]},{"@type":"WebSite","@id":"https:\/\/newplace.ch\/#website","url":"https:\/\/newplace.ch\/","name":"nuovo posto","description":"","publisher":{"@id":"https:\/\/newplace.ch\/#organization"},"potentialAction":[{"@type":"SearchAction","target":{"@type":"EntryPoint","urlTemplate":"https:\/\/newplace.ch\/?s={search_term_string}"},"query-input":{"@type":"PropertyValueSpecification","valueRequired":true,"valueName":"search_term_string"}}],"inLanguage":"it-IT"},{"@type":"Organization","@id":"https:\/\/newplace.ch\/#organization","name":"newplace AG","url":"https:\/\/newplace.ch\/","logo":{"@type":"ImageObject","inLanguage":"it-IT","@id":"https:\/\/newplace.ch\/#\/schema\/logo\/image\/","url":"https:\/\/newplace.ch\/wp-content\/uploads\/2025\/02\/newplace.svg","contentUrl":"https:\/\/newplace.ch\/wp-content\/uploads\/2025\/02\/newplace.svg","width":345,"height":120,"caption":"newplace AG"},"image":{"@id":"https:\/\/newplace.ch\/#\/schema\/logo\/image\/"},"sameAs":["https:\/\/www.linkedin.com\/company\/newplace-ag"]},{"@type":"Person","@id":"https:\/\/newplace.ch\/#\/schema\/person\/f60d3b078c64d17e55733cd5e71a8430","name":"Cornelia Steffen","image":{"@type":"ImageObject","inLanguage":"it-IT","@id":"https:\/\/secure.gravatar.com\/avatar\/aebe96983ca916db533ec4d57d4b633cd240f4c19f0c5662c1baea7faa9666e1?s=96&d=mm&r=g","url":"https:\/\/secure.gravatar.com\/avatar\/aebe96983ca916db533ec4d57d4b633cd240f4c19f0c5662c1baea7faa9666e1?s=96&d=mm&r=g","contentUrl":"https:\/\/secure.gravatar.com\/avatar\/aebe96983ca916db533ec4d57d4b633cd240f4c19f0c5662c1baea7faa9666e1?s=96&d=mm&r=g","caption":"Cornelia Steffen"}}]}},"_links":{"self":[{"href":"https:\/\/newplace.ch\/it\/wp-json\/wp\/v2\/posts\/2768","targetHints":{"allow":["GET"]}}],"collection":[{"href":"https:\/\/newplace.ch\/it\/wp-json\/wp\/v2\/posts"}],"about":[{"href":"https:\/\/newplace.ch\/it\/wp-json\/wp\/v2\/types\/post"}],"author":[{"embeddable":true,"href":"https:\/\/newplace.ch\/it\/wp-json\/wp\/v2\/users\/6"}],"replies":[{"embeddable":true,"href":"https:\/\/newplace.ch\/it\/wp-json\/wp\/v2\/comments?post=2768"}],"version-history":[{"count":1,"href":"https:\/\/newplace.ch\/it\/wp-json\/wp\/v2\/posts\/2768\/revisions"}],"predecessor-version":[{"id":5005,"href":"https:\/\/newplace.ch\/it\/wp-json\/wp\/v2\/posts\/2768\/revisions\/5005"}],"wp:featuredmedia":[{"embeddable":true,"href":"https:\/\/newplace.ch\/it\/wp-json\/"}],"wp:attachment":[{"href":"https:\/\/newplace.ch\/it\/wp-json\/wp\/v2\/media?parent=2768"}],"wp:term":[{"taxonomy":"category","embeddable":true,"href":"https:\/\/newplace.ch\/it\/wp-json\/wp\/v2\/categories?post=2768"},{"taxonomy":"post_tag","embeddable":true,"href":"https:\/\/newplace.ch\/it\/wp-json\/wp\/v2\/tags?post=2768"}],"curies":[{"name":"wp","href":"https:\/\/api.w.org\/{rel}","templated":true}]}}