{"id":2610,"date":"2021-05-20T08:15:55","date_gmt":"2021-05-20T08:15:55","guid":{"rendered":"https:\/\/www.newplace.ch\/?p=2610"},"modified":"2025-03-27T13:33:45","modified_gmt":"2025-03-27T13:33:45","slug":"sozialplan-als-chance","status":"publish","type":"post","link":"https:\/\/newplace.ch\/it\/sozialplan-als-chance\/","title":{"rendered":"Il piano sociale come opportunit\u00e0"},"content":{"rendered":"<div class=\"wpb_text_column wpb_content_element\">\n<div class=\"wpb_wrapper\">\n<p>Certo, la parola chiave \"piano sociale\" non suscita esattamente una grande gioia. \u00c8 uno di quei termini che si preferisce non usare affatto. L'argomento provoca incertezza, soprattutto a causa della confusione sui contenuti esatti o sui compensi. E a chi piace avere a che fare con lo scenario peggiore? Le aziende fanno bene a non lasciare nulla al caso e ad affrontarlo in modo proattivo e senza pressioni temporali, e non solo come segno di una buona cultura della separazione!<\/p>\n<p>In base ai requisiti di legge, qualsiasi azienda con 250 o pi\u00f9 dipendenti pu\u00f2 essere costretta a negoziare un programma di licenziamento. Tuttavia, anche le aziende pi\u00f9 piccole difficilmente possono evitare di offrire un piano di questo tipo in caso di riduzione dei posti di lavoro. Ogni azienda dovrebbe quindi essere preparata e avere un piano sociale valido. \u00c8 ovvio che esistono condizioni di lavoro scritte e vincolanti.<\/p>\n<p>Le aziende spesso rifuggono dai costi presumibilmente elevati di un programma di licenziamento. Ma un programma di licenziamento non deve essere necessariamente costoso! Tutto dipende da come si definiscono i benefici. Quando si progetta un piano sociale aziendale, si deve tenere conto dell'ambiente ed esaminare il margine creativo. Un programma di esuberi personalizzato per l'azienda e concepito in modo sensato offre il massimo valore aggiunto per tutti i soggetti coinvolti. L'esperienza dimostra che le aziende ottengono buoni risultati quando sono libere dalla pressione di scadenze e richieste. Consigliamo quindi alle aziende di pensare a un programma di licenziamento quando non ne hanno effettivamente bisogno.<\/p>\n<\/div>\n<\/div>\n<div class=\"vc_empty_space\"><\/div>\n<div class=\"wpb_text_column wpb_content_element\">\n<div class=\"wpb_wrapper\">\n<h2>Volete saperne di pi\u00f9 sul piano sociale?<\/h2>\n<\/div>\n<\/div>\n<div class=\"vc_empty_space\"><\/div>\n<div class=\"wpb_text_column wpb_content_element\">\n<div class=\"wpb_wrapper\">\n<p>Riceverete altri interessanti input nel nostro intervento di esperti con Brigitte Kraus.<\/p>\n<\/div>\n<\/div>\n<div class=\"vc_empty_space\"><\/div>\n<div class=\"wpb_video_widget wpb_content_element vc_clearfix   vc_video-aspect-ratio-169 vc_video-el-width-80 vc_video-align-left\">\n<div class=\"wpb_wrapper\">\n<div class=\"wpb_video_wrapper\"><iframe title=\"Il piano sociale come opportunit\u00e0 - intervento di un esperto sul tema\" src=\"https:\/\/www.youtube.com\/embed\/7kixHpynVZY?feature=oembed\" width=\"500\" height=\"281\" frameborder=\"0\" allowfullscreen=\"allowfullscreen\" data-mce-fragment=\"1\"><\/iframe><\/div>\n<\/div>\n<\/div>\n<div class=\"vc_empty_space\"><\/div>\n<div class=\"wpb_text_column wpb_content_element\">\n<div class=\"wpb_wrapper\">\n<p><strong>Questo potrebbe interessarti anche:<\/strong><\/p>\n<ul>\n<li><a href=\"https:\/\/newplace.ch\/it\/sozialplan-verhandeln\/\">Cosa bisogna considerare durante le negoziazioni del piano sociale?<\/a><\/li>\n<li><a href=\"https:\/\/newplace.ch\/it\/keine-angst-vor-einer-arbeitnehmervertretung\/\">Nessun timore di rappresentanza dei dipendenti<\/a><\/li>\n<li><a href=\"https:\/\/newplace.ch\/it\/gruende-outplacement-arbeitgeber\/\">L'outplacement come valore aggiunto per i datori di lavoro<\/a><\/li>\n<li><a href=\"https:\/\/newplace.ch\/it\/trennung-im-beruflichen-umfeld\/\">Perch\u00e9 la separazione \u00e8 cos\u00ec difficile?<\/a><\/li>\n<\/ul>\n<p>Saremo lieti di sostenervi nello sviluppo del vostro piano sociale!<\/p>\n<\/div>\n<\/div>\n<div class=\"vc_empty_space\"><\/div>","protected":false},"excerpt":{"rendered":"<p>La parola chiave \"piano sociale\" non \u00e8 esattamente una fonte di grande gioia. Tuttavia, non vale la pena ignorare la questione.<\/p>","protected":false},"author":6,"featured_media":2615,"comment_status":"open","ping_status":"open","sticky":false,"template":"","format":"standard","meta":{"_acf_changed":false,"footnotes":""},"categories":[11],"tags":[],"class_list":["post-2610","post","type-post","status-publish","format-standard","has-post-thumbnail","hentry","category-newplace"],"acf":[],"yoast_head":"<!-- This site is optimized with the Yoast SEO plugin v27.5 - https:\/\/yoast.com\/product\/yoast-seo-wordpress\/ -->\n<title>Sozialplan als Chance. Das sollten Unternehmen wissen. &#8226; newplace<\/title>\n<meta name=\"description\" content=\"Ein Sozialplan bedeutet meist Verunsicherung. Das muss nicht sein. Hilfreiche Tipps und Erfahrungswerte zum Thema Sozialplan.\" \/>\n<meta name=\"robots\" content=\"index, follow, max-snippet:-1, max-image-preview:large, max-video-preview:-1\" \/>\n<link rel=\"canonical\" href=\"https:\/\/newplace.ch\/it\/sozialplan-als-chance\/\" \/>\n<meta property=\"og:locale\" content=\"it_IT\" \/>\n<meta property=\"og:type\" content=\"article\" \/>\n<meta property=\"og:title\" content=\"Sozialplan als Chance. Das sollten Unternehmen wissen. &#8226; newplace\" \/>\n<meta property=\"og:description\" content=\"Ein Sozialplan bedeutet meist Verunsicherung. Das muss nicht sein. Hilfreiche Tipps und Erfahrungswerte zum Thema Sozialplan.\" \/>\n<meta property=\"og:url\" content=\"https:\/\/newplace.ch\/it\/sozialplan-als-chance\/\" \/>\n<meta property=\"og:site_name\" content=\"newplace\" \/>\n<meta property=\"article:published_time\" content=\"2021-05-20T08:15:55+00:00\" \/>\n<meta property=\"article:modified_time\" content=\"2025-03-27T13:33:45+00:00\" \/>\n<meta name=\"author\" content=\"Cornelia Steffen\" \/>\n<meta name=\"twitter:card\" content=\"summary_large_image\" \/>\n<script type=\"application\/ld+json\" class=\"yoast-schema-graph\">{\"@context\":\"https:\\\/\\\/schema.org\",\"@graph\":[{\"@type\":\"Article\",\"@id\":\"https:\\\/\\\/newplace.ch\\\/sozialplan-als-chance\\\/#article\",\"isPartOf\":{\"@id\":\"https:\\\/\\\/newplace.ch\\\/sozialplan-als-chance\\\/\"},\"author\":{\"name\":\"Cornelia Steffen\",\"@id\":\"https:\\\/\\\/newplace.ch\\\/#\\\/schema\\\/person\\\/f60d3b078c64d17e55733cd5e71a8430\"},\"headline\":\"Der Sozialplan als Chance\",\"datePublished\":\"2021-05-20T08:15:55+00:00\",\"dateModified\":\"2025-03-27T13:33:45+00:00\",\"mainEntityOfPage\":{\"@id\":\"https:\\\/\\\/newplace.ch\\\/sozialplan-als-chance\\\/\"},\"wordCount\":293,\"commentCount\":0,\"publisher\":{\"@id\":\"https:\\\/\\\/newplace.ch\\\/#organization\"},\"image\":{\"@id\":\"https:\\\/\\\/newplace.ch\\\/sozialplan-als-chance\\\/#primaryimage\"},\"thumbnailUrl\":\"\",\"articleSection\":[\"von newplace\"],\"inLanguage\":\"it-IT\",\"potentialAction\":[{\"@type\":\"CommentAction\",\"name\":\"Comment\",\"target\":[\"https:\\\/\\\/newplace.ch\\\/sozialplan-als-chance\\\/#respond\"]}]},{\"@type\":\"WebPage\",\"@id\":\"https:\\\/\\\/newplace.ch\\\/sozialplan-als-chance\\\/\",\"url\":\"https:\\\/\\\/newplace.ch\\\/sozialplan-als-chance\\\/\",\"name\":\"Sozialplan als Chance. Das sollten Unternehmen wissen. &#8226; newplace\",\"isPartOf\":{\"@id\":\"https:\\\/\\\/newplace.ch\\\/#website\"},\"primaryImageOfPage\":{\"@id\":\"https:\\\/\\\/newplace.ch\\\/sozialplan-als-chance\\\/#primaryimage\"},\"image\":{\"@id\":\"https:\\\/\\\/newplace.ch\\\/sozialplan-als-chance\\\/#primaryimage\"},\"thumbnailUrl\":\"\",\"datePublished\":\"2021-05-20T08:15:55+00:00\",\"dateModified\":\"2025-03-27T13:33:45+00:00\",\"description\":\"Ein Sozialplan bedeutet meist Verunsicherung. Das muss nicht sein. Hilfreiche Tipps und Erfahrungswerte zum Thema Sozialplan.\",\"breadcrumb\":{\"@id\":\"https:\\\/\\\/newplace.ch\\\/sozialplan-als-chance\\\/#breadcrumb\"},\"inLanguage\":\"it-IT\",\"potentialAction\":[{\"@type\":\"ReadAction\",\"target\":[\"https:\\\/\\\/newplace.ch\\\/sozialplan-als-chance\\\/\"]}]},{\"@type\":\"ImageObject\",\"inLanguage\":\"it-IT\",\"@id\":\"https:\\\/\\\/newplace.ch\\\/sozialplan-als-chance\\\/#primaryimage\",\"url\":\"\",\"contentUrl\":\"\"},{\"@type\":\"BreadcrumbList\",\"@id\":\"https:\\\/\\\/newplace.ch\\\/sozialplan-als-chance\\\/#breadcrumb\",\"itemListElement\":[{\"@type\":\"ListItem\",\"position\":1,\"name\":\"Startseite\",\"item\":\"https:\\\/\\\/newplace.ch\\\/\"},{\"@type\":\"ListItem\",\"position\":2,\"name\":\"Der Sozialplan als Chance\"}]},{\"@type\":\"WebSite\",\"@id\":\"https:\\\/\\\/newplace.ch\\\/#website\",\"url\":\"https:\\\/\\\/newplace.ch\\\/\",\"name\":\"newplace\",\"description\":\"\",\"publisher\":{\"@id\":\"https:\\\/\\\/newplace.ch\\\/#organization\"},\"potentialAction\":[{\"@type\":\"SearchAction\",\"target\":{\"@type\":\"EntryPoint\",\"urlTemplate\":\"https:\\\/\\\/newplace.ch\\\/?s={search_term_string}\"},\"query-input\":{\"@type\":\"PropertyValueSpecification\",\"valueRequired\":true,\"valueName\":\"search_term_string\"}}],\"inLanguage\":\"it-IT\"},{\"@type\":\"Organization\",\"@id\":\"https:\\\/\\\/newplace.ch\\\/#organization\",\"name\":\"newplace AG\",\"url\":\"https:\\\/\\\/newplace.ch\\\/\",\"logo\":{\"@type\":\"ImageObject\",\"inLanguage\":\"it-IT\",\"@id\":\"https:\\\/\\\/newplace.ch\\\/#\\\/schema\\\/logo\\\/image\\\/\",\"url\":\"https:\\\/\\\/newplace.ch\\\/wp-content\\\/uploads\\\/2025\\\/02\\\/newplace.svg\",\"contentUrl\":\"https:\\\/\\\/newplace.ch\\\/wp-content\\\/uploads\\\/2025\\\/02\\\/newplace.svg\",\"width\":345,\"height\":120,\"caption\":\"newplace AG\"},\"image\":{\"@id\":\"https:\\\/\\\/newplace.ch\\\/#\\\/schema\\\/logo\\\/image\\\/\"},\"sameAs\":[\"https:\\\/\\\/www.linkedin.com\\\/company\\\/newplace-ag\"]},{\"@type\":\"Person\",\"@id\":\"https:\\\/\\\/newplace.ch\\\/#\\\/schema\\\/person\\\/f60d3b078c64d17e55733cd5e71a8430\",\"name\":\"Cornelia Steffen\",\"image\":{\"@type\":\"ImageObject\",\"inLanguage\":\"it-IT\",\"@id\":\"https:\\\/\\\/secure.gravatar.com\\\/avatar\\\/aebe96983ca916db533ec4d57d4b633cd240f4c19f0c5662c1baea7faa9666e1?s=96&d=mm&r=g\",\"url\":\"https:\\\/\\\/secure.gravatar.com\\\/avatar\\\/aebe96983ca916db533ec4d57d4b633cd240f4c19f0c5662c1baea7faa9666e1?s=96&d=mm&r=g\",\"contentUrl\":\"https:\\\/\\\/secure.gravatar.com\\\/avatar\\\/aebe96983ca916db533ec4d57d4b633cd240f4c19f0c5662c1baea7faa9666e1?s=96&d=mm&r=g\",\"caption\":\"Cornelia Steffen\"}}]}<\/script>\n<!-- \/ Yoast SEO plugin. -->","yoast_head_json":{"title":"Sozialplan als Chance. Das sollten Unternehmen wissen. &#8226; newplace","description":"Ein Sozialplan bedeutet meist Verunsicherung. Das muss nicht sein. Hilfreiche Tipps und Erfahrungswerte zum Thema Sozialplan.","robots":{"index":"index","follow":"follow","max-snippet":"max-snippet:-1","max-image-preview":"max-image-preview:large","max-video-preview":"max-video-preview:-1"},"canonical":"https:\/\/newplace.ch\/it\/sozialplan-als-chance\/","og_locale":"it_IT","og_type":"article","og_title":"Sozialplan als Chance. Das sollten Unternehmen wissen. &#8226; newplace","og_description":"Ein Sozialplan bedeutet meist Verunsicherung. Das muss nicht sein. Hilfreiche Tipps und Erfahrungswerte zum Thema Sozialplan.","og_url":"https:\/\/newplace.ch\/it\/sozialplan-als-chance\/","og_site_name":"newplace","article_published_time":"2021-05-20T08:15:55+00:00","article_modified_time":"2025-03-27T13:33:45+00:00","author":"Cornelia Steffen","twitter_card":"summary_large_image","schema":{"@context":"https:\/\/schema.org","@graph":[{"@type":"Article","@id":"https:\/\/newplace.ch\/sozialplan-als-chance\/#article","isPartOf":{"@id":"https:\/\/newplace.ch\/sozialplan-als-chance\/"},"author":{"name":"Cornelia Steffen","@id":"https:\/\/newplace.ch\/#\/schema\/person\/f60d3b078c64d17e55733cd5e71a8430"},"headline":"Der Sozialplan als Chance","datePublished":"2021-05-20T08:15:55+00:00","dateModified":"2025-03-27T13:33:45+00:00","mainEntityOfPage":{"@id":"https:\/\/newplace.ch\/sozialplan-als-chance\/"},"wordCount":293,"commentCount":0,"publisher":{"@id":"https:\/\/newplace.ch\/#organization"},"image":{"@id":"https:\/\/newplace.ch\/sozialplan-als-chance\/#primaryimage"},"thumbnailUrl":"","articleSection":["von newplace"],"inLanguage":"it-IT","potentialAction":[{"@type":"CommentAction","name":"Comment","target":["https:\/\/newplace.ch\/sozialplan-als-chance\/#respond"]}]},{"@type":"WebPage","@id":"https:\/\/newplace.ch\/sozialplan-als-chance\/","url":"https:\/\/newplace.ch\/sozialplan-als-chance\/","name":"Sozialplan als Chance. Das sollten Unternehmen wissen. &#8226; newplace","isPartOf":{"@id":"https:\/\/newplace.ch\/#website"},"primaryImageOfPage":{"@id":"https:\/\/newplace.ch\/sozialplan-als-chance\/#primaryimage"},"image":{"@id":"https:\/\/newplace.ch\/sozialplan-als-chance\/#primaryimage"},"thumbnailUrl":"","datePublished":"2021-05-20T08:15:55+00:00","dateModified":"2025-03-27T13:33:45+00:00","description":"Ein Sozialplan bedeutet meist Verunsicherung. Das muss nicht sein. Hilfreiche Tipps und Erfahrungswerte zum Thema Sozialplan.","breadcrumb":{"@id":"https:\/\/newplace.ch\/sozialplan-als-chance\/#breadcrumb"},"inLanguage":"it-IT","potentialAction":[{"@type":"ReadAction","target":["https:\/\/newplace.ch\/sozialplan-als-chance\/"]}]},{"@type":"ImageObject","inLanguage":"it-IT","@id":"https:\/\/newplace.ch\/sozialplan-als-chance\/#primaryimage","url":"","contentUrl":""},{"@type":"BreadcrumbList","@id":"https:\/\/newplace.ch\/sozialplan-als-chance\/#breadcrumb","itemListElement":[{"@type":"ListItem","position":1,"name":"Startseite","item":"https:\/\/newplace.ch\/"},{"@type":"ListItem","position":2,"name":"Der Sozialplan als Chance"}]},{"@type":"WebSite","@id":"https:\/\/newplace.ch\/#website","url":"https:\/\/newplace.ch\/","name":"nuovo posto","description":"","publisher":{"@id":"https:\/\/newplace.ch\/#organization"},"potentialAction":[{"@type":"SearchAction","target":{"@type":"EntryPoint","urlTemplate":"https:\/\/newplace.ch\/?s={search_term_string}"},"query-input":{"@type":"PropertyValueSpecification","valueRequired":true,"valueName":"search_term_string"}}],"inLanguage":"it-IT"},{"@type":"Organization","@id":"https:\/\/newplace.ch\/#organization","name":"newplace AG","url":"https:\/\/newplace.ch\/","logo":{"@type":"ImageObject","inLanguage":"it-IT","@id":"https:\/\/newplace.ch\/#\/schema\/logo\/image\/","url":"https:\/\/newplace.ch\/wp-content\/uploads\/2025\/02\/newplace.svg","contentUrl":"https:\/\/newplace.ch\/wp-content\/uploads\/2025\/02\/newplace.svg","width":345,"height":120,"caption":"newplace AG"},"image":{"@id":"https:\/\/newplace.ch\/#\/schema\/logo\/image\/"},"sameAs":["https:\/\/www.linkedin.com\/company\/newplace-ag"]},{"@type":"Person","@id":"https:\/\/newplace.ch\/#\/schema\/person\/f60d3b078c64d17e55733cd5e71a8430","name":"Cornelia Steffen","image":{"@type":"ImageObject","inLanguage":"it-IT","@id":"https:\/\/secure.gravatar.com\/avatar\/aebe96983ca916db533ec4d57d4b633cd240f4c19f0c5662c1baea7faa9666e1?s=96&d=mm&r=g","url":"https:\/\/secure.gravatar.com\/avatar\/aebe96983ca916db533ec4d57d4b633cd240f4c19f0c5662c1baea7faa9666e1?s=96&d=mm&r=g","contentUrl":"https:\/\/secure.gravatar.com\/avatar\/aebe96983ca916db533ec4d57d4b633cd240f4c19f0c5662c1baea7faa9666e1?s=96&d=mm&r=g","caption":"Cornelia Steffen"}}]}},"_links":{"self":[{"href":"https:\/\/newplace.ch\/it\/wp-json\/wp\/v2\/posts\/2610","targetHints":{"allow":["GET"]}}],"collection":[{"href":"https:\/\/newplace.ch\/it\/wp-json\/wp\/v2\/posts"}],"about":[{"href":"https:\/\/newplace.ch\/it\/wp-json\/wp\/v2\/types\/post"}],"author":[{"embeddable":true,"href":"https:\/\/newplace.ch\/it\/wp-json\/wp\/v2\/users\/6"}],"replies":[{"embeddable":true,"href":"https:\/\/newplace.ch\/it\/wp-json\/wp\/v2\/comments?post=2610"}],"version-history":[{"count":1,"href":"https:\/\/newplace.ch\/it\/wp-json\/wp\/v2\/posts\/2610\/revisions"}],"predecessor-version":[{"id":5009,"href":"https:\/\/newplace.ch\/it\/wp-json\/wp\/v2\/posts\/2610\/revisions\/5009"}],"wp:featuredmedia":[{"embeddable":true,"href":"https:\/\/newplace.ch\/it\/wp-json\/"}],"wp:attachment":[{"href":"https:\/\/newplace.ch\/it\/wp-json\/wp\/v2\/media?parent=2610"}],"wp:term":[{"taxonomy":"category","embeddable":true,"href":"https:\/\/newplace.ch\/it\/wp-json\/wp\/v2\/categories?post=2610"},{"taxonomy":"post_tag","embeddable":true,"href":"https:\/\/newplace.ch\/it\/wp-json\/wp\/v2\/tags?post=2610"}],"curies":[{"name":"wp","href":"https:\/\/api.w.org\/{rel}","templated":true}]}}