{"id":2467,"date":"2021-04-09T13:51:40","date_gmt":"2021-04-09T13:51:40","guid":{"rendered":"https:\/\/www.newplace.ch\/?p=2467"},"modified":"2025-03-27T13:33:45","modified_gmt":"2025-03-27T13:33:45","slug":"pandemie-auswirkungen-schweizer-arbeitsmarkt","status":"publish","type":"post","link":"https:\/\/newplace.ch\/it\/pandemie-auswirkungen-schweizer-arbeitsmarkt\/","title":{"rendered":"La pandemia ha lasciato il segno sul mercato del lavoro svizzero"},"content":{"rendered":"<div class=\"wpb_text_column wpb_content_element\">\n<div class=\"wpb_wrapper\">\n<p>Lo dimostrano le valutazioni di Novalytica AG e della societ\u00e0 HR tech x28, che hanno analizzato il comportamento di assunzione dei datori di lavoro svizzeri nell'ultimo anno.<br \/>\nDa met\u00e0 marzo 2020 sono stati pubblicati 18% o 90.800 annunci di lavoro in meno rispetto all'anno precedente. Dopo un calo significativo nella primavera del 2020, la situazione si \u00e8 ripresa verso la fine del 2020. Anche gennaio 2021 \u00e8 stato un mese positivo. Rispetto all'anno precedente sono stati pubblicati ancora pi\u00f9 annunci di nuovi posti di lavoro, ma secondo Novalytica e x28, ci\u00f2 \u00e8 probabilmente dovuto alle settimane lavorative e alle ferie pi\u00f9 brevi a causa delle limitate attivit\u00e0 di svago e vacanza disponibili.<\/p>\n<p>Gli sviluppi di febbraio e marzo 2021 mostrano un quadro diverso. Non c'\u00e8 ancora nessuna ripresa in vista. Con -19,8% e -15,7% rispettivamente, le cifre sono significativamente inferiori a quelle dell'anno precedente.<\/p>\n<\/div>\n<\/div>\n<div class=\"vc_empty_space\"><\/div>\n<div class=\"wpb_text_column wpb_content_element\">\n<div class=\"wpb_wrapper\">\n<h2>Comportamento di reclutamento: Principali differenze tra i settori<\/h2>\n<\/div>\n<\/div>\n<div class=\"wpb_text_column wpb_content_element\">\n<div class=\"wpb_wrapper\">\n<p>Il settore della ristorazione, in particolare, \u00e8 stato duramente colpito da mesi di chiusure. Rispetto all'anno precedente, sono stati pubblicati 46% posti di lavoro in meno.<\/p>\n<p>Anche i settori del commercio al dettaglio, del commercio all'ingrosso e dei servizi finanziari hanno registrato perdite di oltre 20% nei nuovi posti di lavoro pubblicizzati. I settori del commercio al dettaglio e all'ingrosso si sono ripresi nella seconda met\u00e0 del 2020, ma le cifre all'inizio del 2021 erano di nuovo significativamente inferiori a quelle dell'anno precedente. I fornitori di servizi finanziari hanno effettuato meno assunzioni per tutto il 2020. Dall'inizio del 2021, tuttavia, sono tornati ad assumere pi\u00f9 volentieri.<\/p>\n<p>I settori della sanit\u00e0, della pubblica amministrazione, dell'informatica, delle costruzioni, dei servizi sociali e dell'istruzione hanno registrato un calo di poco pi\u00f9 di 12%. La tendenza al ribasso \u00e8 dovuta principalmente alla primavera del 2020, quando c'era grande incertezza sull'entit\u00e0 delle conseguenze economiche della pandemia e le aziende erano principalmente preoccupate di spostare le attivit\u00e0 aziendali verso il lavoro da casa. I comportamenti di assunzione si sono nuovamente stabilizzati a partire dall'estate 2020.<\/p>\n<p><a href=\"https:\/\/www.x28.ch\/wp-content\/uploads\/Novalytica-x28_Pressemitteilung_Arbeitsmarkt_Maerz2021.pdf\" target=\"_blank\" rel=\"noopener noreferrer\">Sintesi dello studio<\/a><\/p>\n<\/div>\n<\/div>\n<div class=\"vc_empty_space\"><\/div>","protected":false},"excerpt":{"rendered":"<p>Da met\u00e0 marzo 2020 sono stati pubblicati 18% o 90.800 annunci di lavoro in meno rispetto all'anno precedente. <\/p>","protected":false},"author":6,"featured_media":2478,"comment_status":"open","ping_status":"open","sticky":false,"template":"","format":"standard","meta":{"_acf_changed":false,"footnotes":""},"categories":[10],"tags":[],"class_list":["post-2467","post","type-post","status-publish","format-standard","has-post-thumbnail","hentry","category-hr-welt"],"acf":[],"yoast_head":"<!-- This site is optimized with the Yoast SEO plugin v27.5 - https:\/\/yoast.com\/product\/yoast-seo-wordpress\/ -->\n<title>Entwicklung Schweizer Arbeitsmarkt Rekrutierungsverhalten &#8226; newplace<\/title>\n<meta name=\"description\" content=\"Rekrutierungsverhalten: Im Pandemiejahr wurden im Vergleich zum Vorjahr 18% oder 90&#039;800 Stellenanzeigen weniger ausgeschrieben.\" \/>\n<meta name=\"robots\" content=\"index, follow, max-snippet:-1, max-image-preview:large, max-video-preview:-1\" \/>\n<link rel=\"canonical\" href=\"https:\/\/newplace.ch\/it\/pandemie-auswirkungen-schweizer-arbeitsmarkt\/\" \/>\n<meta property=\"og:locale\" content=\"it_IT\" \/>\n<meta property=\"og:type\" content=\"article\" \/>\n<meta property=\"og:title\" content=\"Entwicklung Schweizer Arbeitsmarkt Rekrutierungsverhalten &#8226; newplace\" \/>\n<meta property=\"og:description\" content=\"Rekrutierungsverhalten: Im Pandemiejahr wurden im Vergleich zum Vorjahr 18% oder 90&#039;800 Stellenanzeigen weniger ausgeschrieben.\" \/>\n<meta property=\"og:url\" content=\"https:\/\/newplace.ch\/it\/pandemie-auswirkungen-schweizer-arbeitsmarkt\/\" \/>\n<meta property=\"og:site_name\" content=\"newplace\" \/>\n<meta property=\"article:published_time\" content=\"2021-04-09T13:51:40+00:00\" \/>\n<meta property=\"article:modified_time\" content=\"2025-03-27T13:33:45+00:00\" \/>\n<meta name=\"author\" content=\"Cornelia Steffen\" \/>\n<meta name=\"twitter:card\" content=\"summary_large_image\" \/>\n<script type=\"application\/ld+json\" class=\"yoast-schema-graph\">{\"@context\":\"https:\\\/\\\/schema.org\",\"@graph\":[{\"@type\":\"Article\",\"@id\":\"https:\\\/\\\/newplace.ch\\\/pandemie-auswirkungen-schweizer-arbeitsmarkt\\\/#article\",\"isPartOf\":{\"@id\":\"https:\\\/\\\/newplace.ch\\\/pandemie-auswirkungen-schweizer-arbeitsmarkt\\\/\"},\"author\":{\"name\":\"Cornelia Steffen\",\"@id\":\"https:\\\/\\\/newplace.ch\\\/#\\\/schema\\\/person\\\/f60d3b078c64d17e55733cd5e71a8430\"},\"headline\":\"Die Pandemie hat Spuren im Schweizer Arbeitsmarkt hinterlassen\",\"datePublished\":\"2021-04-09T13:51:40+00:00\",\"dateModified\":\"2025-03-27T13:33:45+00:00\",\"mainEntityOfPage\":{\"@id\":\"https:\\\/\\\/newplace.ch\\\/pandemie-auswirkungen-schweizer-arbeitsmarkt\\\/\"},\"wordCount\":292,\"commentCount\":0,\"publisher\":{\"@id\":\"https:\\\/\\\/newplace.ch\\\/#organization\"},\"image\":{\"@id\":\"https:\\\/\\\/newplace.ch\\\/pandemie-auswirkungen-schweizer-arbeitsmarkt\\\/#primaryimage\"},\"thumbnailUrl\":\"\",\"articleSection\":[\"aus der HR-Welt\"],\"inLanguage\":\"it-IT\",\"potentialAction\":[{\"@type\":\"CommentAction\",\"name\":\"Comment\",\"target\":[\"https:\\\/\\\/newplace.ch\\\/pandemie-auswirkungen-schweizer-arbeitsmarkt\\\/#respond\"]}]},{\"@type\":\"WebPage\",\"@id\":\"https:\\\/\\\/newplace.ch\\\/pandemie-auswirkungen-schweizer-arbeitsmarkt\\\/\",\"url\":\"https:\\\/\\\/newplace.ch\\\/pandemie-auswirkungen-schweizer-arbeitsmarkt\\\/\",\"name\":\"Entwicklung Schweizer Arbeitsmarkt Rekrutierungsverhalten &#8226; newplace\",\"isPartOf\":{\"@id\":\"https:\\\/\\\/newplace.ch\\\/#website\"},\"primaryImageOfPage\":{\"@id\":\"https:\\\/\\\/newplace.ch\\\/pandemie-auswirkungen-schweizer-arbeitsmarkt\\\/#primaryimage\"},\"image\":{\"@id\":\"https:\\\/\\\/newplace.ch\\\/pandemie-auswirkungen-schweizer-arbeitsmarkt\\\/#primaryimage\"},\"thumbnailUrl\":\"\",\"datePublished\":\"2021-04-09T13:51:40+00:00\",\"dateModified\":\"2025-03-27T13:33:45+00:00\",\"description\":\"Rekrutierungsverhalten: Im Pandemiejahr wurden im Vergleich zum Vorjahr 18% oder 90'800 Stellenanzeigen weniger ausgeschrieben.\",\"breadcrumb\":{\"@id\":\"https:\\\/\\\/newplace.ch\\\/pandemie-auswirkungen-schweizer-arbeitsmarkt\\\/#breadcrumb\"},\"inLanguage\":\"it-IT\",\"potentialAction\":[{\"@type\":\"ReadAction\",\"target\":[\"https:\\\/\\\/newplace.ch\\\/pandemie-auswirkungen-schweizer-arbeitsmarkt\\\/\"]}]},{\"@type\":\"ImageObject\",\"inLanguage\":\"it-IT\",\"@id\":\"https:\\\/\\\/newplace.ch\\\/pandemie-auswirkungen-schweizer-arbeitsmarkt\\\/#primaryimage\",\"url\":\"\",\"contentUrl\":\"\"},{\"@type\":\"BreadcrumbList\",\"@id\":\"https:\\\/\\\/newplace.ch\\\/pandemie-auswirkungen-schweizer-arbeitsmarkt\\\/#breadcrumb\",\"itemListElement\":[{\"@type\":\"ListItem\",\"position\":1,\"name\":\"Startseite\",\"item\":\"https:\\\/\\\/newplace.ch\\\/\"},{\"@type\":\"ListItem\",\"position\":2,\"name\":\"Die Pandemie hat Spuren im Schweizer Arbeitsmarkt hinterlassen\"}]},{\"@type\":\"WebSite\",\"@id\":\"https:\\\/\\\/newplace.ch\\\/#website\",\"url\":\"https:\\\/\\\/newplace.ch\\\/\",\"name\":\"newplace\",\"description\":\"\",\"publisher\":{\"@id\":\"https:\\\/\\\/newplace.ch\\\/#organization\"},\"potentialAction\":[{\"@type\":\"SearchAction\",\"target\":{\"@type\":\"EntryPoint\",\"urlTemplate\":\"https:\\\/\\\/newplace.ch\\\/?s={search_term_string}\"},\"query-input\":{\"@type\":\"PropertyValueSpecification\",\"valueRequired\":true,\"valueName\":\"search_term_string\"}}],\"inLanguage\":\"it-IT\"},{\"@type\":\"Organization\",\"@id\":\"https:\\\/\\\/newplace.ch\\\/#organization\",\"name\":\"newplace AG\",\"url\":\"https:\\\/\\\/newplace.ch\\\/\",\"logo\":{\"@type\":\"ImageObject\",\"inLanguage\":\"it-IT\",\"@id\":\"https:\\\/\\\/newplace.ch\\\/#\\\/schema\\\/logo\\\/image\\\/\",\"url\":\"https:\\\/\\\/newplace.ch\\\/wp-content\\\/uploads\\\/2025\\\/02\\\/newplace.svg\",\"contentUrl\":\"https:\\\/\\\/newplace.ch\\\/wp-content\\\/uploads\\\/2025\\\/02\\\/newplace.svg\",\"width\":345,\"height\":120,\"caption\":\"newplace AG\"},\"image\":{\"@id\":\"https:\\\/\\\/newplace.ch\\\/#\\\/schema\\\/logo\\\/image\\\/\"},\"sameAs\":[\"https:\\\/\\\/www.linkedin.com\\\/company\\\/newplace-ag\"]},{\"@type\":\"Person\",\"@id\":\"https:\\\/\\\/newplace.ch\\\/#\\\/schema\\\/person\\\/f60d3b078c64d17e55733cd5e71a8430\",\"name\":\"Cornelia Steffen\",\"image\":{\"@type\":\"ImageObject\",\"inLanguage\":\"it-IT\",\"@id\":\"https:\\\/\\\/secure.gravatar.com\\\/avatar\\\/aebe96983ca916db533ec4d57d4b633cd240f4c19f0c5662c1baea7faa9666e1?s=96&d=mm&r=g\",\"url\":\"https:\\\/\\\/secure.gravatar.com\\\/avatar\\\/aebe96983ca916db533ec4d57d4b633cd240f4c19f0c5662c1baea7faa9666e1?s=96&d=mm&r=g\",\"contentUrl\":\"https:\\\/\\\/secure.gravatar.com\\\/avatar\\\/aebe96983ca916db533ec4d57d4b633cd240f4c19f0c5662c1baea7faa9666e1?s=96&d=mm&r=g\",\"caption\":\"Cornelia Steffen\"}}]}<\/script>\n<!-- \/ Yoast SEO plugin. -->","yoast_head_json":{"title":"Entwicklung Schweizer Arbeitsmarkt Rekrutierungsverhalten &#8226; newplace","description":"Rekrutierungsverhalten: Im Pandemiejahr wurden im Vergleich zum Vorjahr 18% oder 90'800 Stellenanzeigen weniger ausgeschrieben.","robots":{"index":"index","follow":"follow","max-snippet":"max-snippet:-1","max-image-preview":"max-image-preview:large","max-video-preview":"max-video-preview:-1"},"canonical":"https:\/\/newplace.ch\/it\/pandemie-auswirkungen-schweizer-arbeitsmarkt\/","og_locale":"it_IT","og_type":"article","og_title":"Entwicklung Schweizer Arbeitsmarkt Rekrutierungsverhalten &#8226; newplace","og_description":"Rekrutierungsverhalten: Im Pandemiejahr wurden im Vergleich zum Vorjahr 18% oder 90'800 Stellenanzeigen weniger ausgeschrieben.","og_url":"https:\/\/newplace.ch\/it\/pandemie-auswirkungen-schweizer-arbeitsmarkt\/","og_site_name":"newplace","article_published_time":"2021-04-09T13:51:40+00:00","article_modified_time":"2025-03-27T13:33:45+00:00","author":"Cornelia Steffen","twitter_card":"summary_large_image","schema":{"@context":"https:\/\/schema.org","@graph":[{"@type":"Article","@id":"https:\/\/newplace.ch\/pandemie-auswirkungen-schweizer-arbeitsmarkt\/#article","isPartOf":{"@id":"https:\/\/newplace.ch\/pandemie-auswirkungen-schweizer-arbeitsmarkt\/"},"author":{"name":"Cornelia Steffen","@id":"https:\/\/newplace.ch\/#\/schema\/person\/f60d3b078c64d17e55733cd5e71a8430"},"headline":"Die Pandemie hat Spuren im Schweizer Arbeitsmarkt hinterlassen","datePublished":"2021-04-09T13:51:40+00:00","dateModified":"2025-03-27T13:33:45+00:00","mainEntityOfPage":{"@id":"https:\/\/newplace.ch\/pandemie-auswirkungen-schweizer-arbeitsmarkt\/"},"wordCount":292,"commentCount":0,"publisher":{"@id":"https:\/\/newplace.ch\/#organization"},"image":{"@id":"https:\/\/newplace.ch\/pandemie-auswirkungen-schweizer-arbeitsmarkt\/#primaryimage"},"thumbnailUrl":"","articleSection":["aus der HR-Welt"],"inLanguage":"it-IT","potentialAction":[{"@type":"CommentAction","name":"Comment","target":["https:\/\/newplace.ch\/pandemie-auswirkungen-schweizer-arbeitsmarkt\/#respond"]}]},{"@type":"WebPage","@id":"https:\/\/newplace.ch\/pandemie-auswirkungen-schweizer-arbeitsmarkt\/","url":"https:\/\/newplace.ch\/pandemie-auswirkungen-schweizer-arbeitsmarkt\/","name":"Entwicklung Schweizer Arbeitsmarkt Rekrutierungsverhalten &#8226; newplace","isPartOf":{"@id":"https:\/\/newplace.ch\/#website"},"primaryImageOfPage":{"@id":"https:\/\/newplace.ch\/pandemie-auswirkungen-schweizer-arbeitsmarkt\/#primaryimage"},"image":{"@id":"https:\/\/newplace.ch\/pandemie-auswirkungen-schweizer-arbeitsmarkt\/#primaryimage"},"thumbnailUrl":"","datePublished":"2021-04-09T13:51:40+00:00","dateModified":"2025-03-27T13:33:45+00:00","description":"Rekrutierungsverhalten: Im Pandemiejahr wurden im Vergleich zum Vorjahr 18% oder 90'800 Stellenanzeigen weniger ausgeschrieben.","breadcrumb":{"@id":"https:\/\/newplace.ch\/pandemie-auswirkungen-schweizer-arbeitsmarkt\/#breadcrumb"},"inLanguage":"it-IT","potentialAction":[{"@type":"ReadAction","target":["https:\/\/newplace.ch\/pandemie-auswirkungen-schweizer-arbeitsmarkt\/"]}]},{"@type":"ImageObject","inLanguage":"it-IT","@id":"https:\/\/newplace.ch\/pandemie-auswirkungen-schweizer-arbeitsmarkt\/#primaryimage","url":"","contentUrl":""},{"@type":"BreadcrumbList","@id":"https:\/\/newplace.ch\/pandemie-auswirkungen-schweizer-arbeitsmarkt\/#breadcrumb","itemListElement":[{"@type":"ListItem","position":1,"name":"Startseite","item":"https:\/\/newplace.ch\/"},{"@type":"ListItem","position":2,"name":"Die Pandemie hat Spuren im Schweizer Arbeitsmarkt hinterlassen"}]},{"@type":"WebSite","@id":"https:\/\/newplace.ch\/#website","url":"https:\/\/newplace.ch\/","name":"nuovo posto","description":"","publisher":{"@id":"https:\/\/newplace.ch\/#organization"},"potentialAction":[{"@type":"SearchAction","target":{"@type":"EntryPoint","urlTemplate":"https:\/\/newplace.ch\/?s={search_term_string}"},"query-input":{"@type":"PropertyValueSpecification","valueRequired":true,"valueName":"search_term_string"}}],"inLanguage":"it-IT"},{"@type":"Organization","@id":"https:\/\/newplace.ch\/#organization","name":"newplace AG","url":"https:\/\/newplace.ch\/","logo":{"@type":"ImageObject","inLanguage":"it-IT","@id":"https:\/\/newplace.ch\/#\/schema\/logo\/image\/","url":"https:\/\/newplace.ch\/wp-content\/uploads\/2025\/02\/newplace.svg","contentUrl":"https:\/\/newplace.ch\/wp-content\/uploads\/2025\/02\/newplace.svg","width":345,"height":120,"caption":"newplace AG"},"image":{"@id":"https:\/\/newplace.ch\/#\/schema\/logo\/image\/"},"sameAs":["https:\/\/www.linkedin.com\/company\/newplace-ag"]},{"@type":"Person","@id":"https:\/\/newplace.ch\/#\/schema\/person\/f60d3b078c64d17e55733cd5e71a8430","name":"Cornelia Steffen","image":{"@type":"ImageObject","inLanguage":"it-IT","@id":"https:\/\/secure.gravatar.com\/avatar\/aebe96983ca916db533ec4d57d4b633cd240f4c19f0c5662c1baea7faa9666e1?s=96&d=mm&r=g","url":"https:\/\/secure.gravatar.com\/avatar\/aebe96983ca916db533ec4d57d4b633cd240f4c19f0c5662c1baea7faa9666e1?s=96&d=mm&r=g","contentUrl":"https:\/\/secure.gravatar.com\/avatar\/aebe96983ca916db533ec4d57d4b633cd240f4c19f0c5662c1baea7faa9666e1?s=96&d=mm&r=g","caption":"Cornelia Steffen"}}]}},"_links":{"self":[{"href":"https:\/\/newplace.ch\/it\/wp-json\/wp\/v2\/posts\/2467","targetHints":{"allow":["GET"]}}],"collection":[{"href":"https:\/\/newplace.ch\/it\/wp-json\/wp\/v2\/posts"}],"about":[{"href":"https:\/\/newplace.ch\/it\/wp-json\/wp\/v2\/types\/post"}],"author":[{"embeddable":true,"href":"https:\/\/newplace.ch\/it\/wp-json\/wp\/v2\/users\/6"}],"replies":[{"embeddable":true,"href":"https:\/\/newplace.ch\/it\/wp-json\/wp\/v2\/comments?post=2467"}],"version-history":[{"count":1,"href":"https:\/\/newplace.ch\/it\/wp-json\/wp\/v2\/posts\/2467\/revisions"}],"predecessor-version":[{"id":5013,"href":"https:\/\/newplace.ch\/it\/wp-json\/wp\/v2\/posts\/2467\/revisions\/5013"}],"wp:featuredmedia":[{"embeddable":true,"href":"https:\/\/newplace.ch\/it\/wp-json\/"}],"wp:attachment":[{"href":"https:\/\/newplace.ch\/it\/wp-json\/wp\/v2\/media?parent=2467"}],"wp:term":[{"taxonomy":"category","embeddable":true,"href":"https:\/\/newplace.ch\/it\/wp-json\/wp\/v2\/categories?post=2467"},{"taxonomy":"post_tag","embeddable":true,"href":"https:\/\/newplace.ch\/it\/wp-json\/wp\/v2\/tags?post=2467"}],"curies":[{"name":"wp","href":"https:\/\/api.w.org\/{rel}","templated":true}]}}