{"id":1862,"date":"2019-06-26T00:19:33","date_gmt":"2019-06-26T00:19:33","guid":{"rendered":"https:\/\/www.newplace.ch\/?p=1862"},"modified":"2025-03-27T13:32:46","modified_gmt":"2025-03-27T13:32:46","slug":"im-falschen-job-gefangen","status":"publish","type":"post","link":"https:\/\/newplace.ch\/it\/im-falschen-job-gefangen\/","title":{"rendered":"Atmosfera lavorativa: intrappolati nel lavoro sbagliato?"},"content":{"rendered":"<div class=\"wpb_text_column wpb_content_element  inside\">\n<div class=\"wpb_wrapper\">\n<h2>Paura di perdere il lavoro e di subire ulteriore stress<\/h2>\n<\/div>\n<\/div>\n<div class=\"wpb_text_column wpb_content_element\">\n<div class=\"wpb_wrapper\">\n<p>Secondo una recente analisi dell'Austrian Work Climate Index, un dipendente su tre \u00e8 intrappolato nel lavoro sbagliato. Ci\u00f2 ha conseguenze negative sia per gli interessati che per i datori di lavoro: le persone sovraqualificate sono spesso insoddisfatte del proprio lavoro e cambiano azienda o addirittura lavoro molto pi\u00f9 spesso degli altri. Questa insoddisfazione si esprime principalmente in termini di mancanza di opportunit\u00e0 di carriera e di sviluppo.<\/p>\n<h3><\/h3>\n<p>Ma anche l'atteso\u00a0<a href=\"https:\/\/newplace.ch\/it\/gefuhle-entscheiden\/\">Effetti della digitalizzazione<\/a>\u00a0hanno una forte influenza sull'ambiente di lavoro: 30% dei dipendenti ritengono che il loro lavoro sia cambiato in modo significativo negli ultimi cinque anni e che il numero di posti di lavoro sia diminuito di conseguenza. Circa 40% temono di perdere ancora pi\u00f9 posti di lavoro a causa della digitalizzazione. Nella stessa misura, altrettanti dipendenti si aspettano che il proprio posto di lavoro cambi - con ulteriori oneri, ma anche con sollievo.<\/p>\n<p><em>(Fonte: karriere.at)<\/em><\/p>\n<\/div>\n<\/div>","protected":false},"excerpt":{"rendered":"<p>Secondo una recente analisi, un dipendente su tre \u00e8 intrappolato nel lavoro sbagliato. Le ragioni dell'alto livello di insoddisfazione...<\/p>","protected":false},"author":8,"featured_media":0,"comment_status":"open","ping_status":"open","sticky":false,"template":"","format":"standard","meta":{"_acf_changed":false,"footnotes":""},"categories":[10],"tags":[],"class_list":["post-1862","post","type-post","status-publish","format-standard","hentry","category-hr-welt"],"acf":[],"yoast_head":"<!-- This site is optimized with the Yoast SEO plugin v27.5 - https:\/\/yoast.com\/product\/yoast-seo-wordpress\/ -->\n<title>Arbeitsklima: Im falschen Job gefangen? &#8226; newplace<\/title>\n<meta name=\"description\" content=\"Gem\u00e4ss einer aktuellen Auswertung ist jeder Dritte Besch\u00e4ftigte im falschen Job gefangen. Mehr zu den Gr\u00fcnden, die zu einem schlechten Arbeitsklima f\u00fchren.\" \/>\n<meta name=\"robots\" content=\"index, follow, max-snippet:-1, max-image-preview:large, max-video-preview:-1\" \/>\n<link rel=\"canonical\" href=\"https:\/\/newplace.ch\/it\/im-falschen-job-gefangen\/\" \/>\n<meta property=\"og:locale\" content=\"it_IT\" \/>\n<meta property=\"og:type\" content=\"article\" \/>\n<meta property=\"og:title\" content=\"Arbeitsklima: Im falschen Job gefangen? &#8226; newplace\" \/>\n<meta property=\"og:description\" content=\"Gem\u00e4ss einer aktuellen Auswertung ist jeder Dritte Besch\u00e4ftigte im falschen Job gefangen. Mehr zu den Gr\u00fcnden, die zu einem schlechten Arbeitsklima f\u00fchren.\" \/>\n<meta property=\"og:url\" content=\"https:\/\/newplace.ch\/it\/im-falschen-job-gefangen\/\" \/>\n<meta property=\"og:site_name\" content=\"newplace\" \/>\n<meta property=\"article:published_time\" content=\"2019-06-26T00:19:33+00:00\" \/>\n<meta property=\"article:modified_time\" content=\"2025-03-27T13:32:46+00:00\" \/>\n<meta name=\"author\" content=\"jbruderer\" \/>\n<meta name=\"twitter:card\" content=\"summary_large_image\" \/>\n<script type=\"application\/ld+json\" class=\"yoast-schema-graph\">{\"@context\":\"https:\\\/\\\/schema.org\",\"@graph\":[{\"@type\":\"Article\",\"@id\":\"https:\\\/\\\/newplace.ch\\\/im-falschen-job-gefangen\\\/#article\",\"isPartOf\":{\"@id\":\"https:\\\/\\\/newplace.ch\\\/im-falschen-job-gefangen\\\/\"},\"author\":{\"name\":\"jbruderer\",\"@id\":\"https:\\\/\\\/newplace.ch\\\/#\\\/schema\\\/person\\\/b1d19f9ebc3a2719ae885e294b3d79b1\"},\"headline\":\"Arbeitsklima: Im falschen Job gefangen?\",\"datePublished\":\"2019-06-26T00:19:33+00:00\",\"dateModified\":\"2025-03-27T13:32:46+00:00\",\"mainEntityOfPage\":{\"@id\":\"https:\\\/\\\/newplace.ch\\\/im-falschen-job-gefangen\\\/\"},\"wordCount\":170,\"commentCount\":0,\"publisher\":{\"@id\":\"https:\\\/\\\/newplace.ch\\\/#organization\"},\"articleSection\":[\"aus der HR-Welt\"],\"inLanguage\":\"it-IT\",\"potentialAction\":[{\"@type\":\"CommentAction\",\"name\":\"Comment\",\"target\":[\"https:\\\/\\\/newplace.ch\\\/im-falschen-job-gefangen\\\/#respond\"]}]},{\"@type\":\"WebPage\",\"@id\":\"https:\\\/\\\/newplace.ch\\\/im-falschen-job-gefangen\\\/\",\"url\":\"https:\\\/\\\/newplace.ch\\\/im-falschen-job-gefangen\\\/\",\"name\":\"Arbeitsklima: Im falschen Job gefangen? &#8226; newplace\",\"isPartOf\":{\"@id\":\"https:\\\/\\\/newplace.ch\\\/#website\"},\"datePublished\":\"2019-06-26T00:19:33+00:00\",\"dateModified\":\"2025-03-27T13:32:46+00:00\",\"description\":\"Gem\u00e4ss einer aktuellen Auswertung ist jeder Dritte Besch\u00e4ftigte im falschen Job gefangen. Mehr zu den Gr\u00fcnden, die zu einem schlechten Arbeitsklima f\u00fchren.\",\"breadcrumb\":{\"@id\":\"https:\\\/\\\/newplace.ch\\\/im-falschen-job-gefangen\\\/#breadcrumb\"},\"inLanguage\":\"it-IT\",\"potentialAction\":[{\"@type\":\"ReadAction\",\"target\":[\"https:\\\/\\\/newplace.ch\\\/im-falschen-job-gefangen\\\/\"]}]},{\"@type\":\"BreadcrumbList\",\"@id\":\"https:\\\/\\\/newplace.ch\\\/im-falschen-job-gefangen\\\/#breadcrumb\",\"itemListElement\":[{\"@type\":\"ListItem\",\"position\":1,\"name\":\"Startseite\",\"item\":\"https:\\\/\\\/newplace.ch\\\/\"},{\"@type\":\"ListItem\",\"position\":2,\"name\":\"Arbeitsklima: Im falschen Job gefangen?\"}]},{\"@type\":\"WebSite\",\"@id\":\"https:\\\/\\\/newplace.ch\\\/#website\",\"url\":\"https:\\\/\\\/newplace.ch\\\/\",\"name\":\"newplace\",\"description\":\"\",\"publisher\":{\"@id\":\"https:\\\/\\\/newplace.ch\\\/#organization\"},\"potentialAction\":[{\"@type\":\"SearchAction\",\"target\":{\"@type\":\"EntryPoint\",\"urlTemplate\":\"https:\\\/\\\/newplace.ch\\\/?s={search_term_string}\"},\"query-input\":{\"@type\":\"PropertyValueSpecification\",\"valueRequired\":true,\"valueName\":\"search_term_string\"}}],\"inLanguage\":\"it-IT\"},{\"@type\":\"Organization\",\"@id\":\"https:\\\/\\\/newplace.ch\\\/#organization\",\"name\":\"newplace AG\",\"url\":\"https:\\\/\\\/newplace.ch\\\/\",\"logo\":{\"@type\":\"ImageObject\",\"inLanguage\":\"it-IT\",\"@id\":\"https:\\\/\\\/newplace.ch\\\/#\\\/schema\\\/logo\\\/image\\\/\",\"url\":\"https:\\\/\\\/newplace.ch\\\/wp-content\\\/uploads\\\/2025\\\/02\\\/newplace.svg\",\"contentUrl\":\"https:\\\/\\\/newplace.ch\\\/wp-content\\\/uploads\\\/2025\\\/02\\\/newplace.svg\",\"width\":345,\"height\":120,\"caption\":\"newplace AG\"},\"image\":{\"@id\":\"https:\\\/\\\/newplace.ch\\\/#\\\/schema\\\/logo\\\/image\\\/\"},\"sameAs\":[\"https:\\\/\\\/www.linkedin.com\\\/company\\\/newplace-ag\"]},{\"@type\":\"Person\",\"@id\":\"https:\\\/\\\/newplace.ch\\\/#\\\/schema\\\/person\\\/b1d19f9ebc3a2719ae885e294b3d79b1\",\"name\":\"jbruderer\",\"image\":{\"@type\":\"ImageObject\",\"inLanguage\":\"it-IT\",\"@id\":\"https:\\\/\\\/secure.gravatar.com\\\/avatar\\\/61addef3524c8e13f4eb2f9a2a6ec498ec0bc0d04ee2405ef0b3aa5dc5ba493e?s=96&d=mm&r=g\",\"url\":\"https:\\\/\\\/secure.gravatar.com\\\/avatar\\\/61addef3524c8e13f4eb2f9a2a6ec498ec0bc0d04ee2405ef0b3aa5dc5ba493e?s=96&d=mm&r=g\",\"contentUrl\":\"https:\\\/\\\/secure.gravatar.com\\\/avatar\\\/61addef3524c8e13f4eb2f9a2a6ec498ec0bc0d04ee2405ef0b3aa5dc5ba493e?s=96&d=mm&r=g\",\"caption\":\"jbruderer\"}}]}<\/script>\n<!-- \/ Yoast SEO plugin. -->","yoast_head_json":{"title":"Arbeitsklima: Im falschen Job gefangen? &#8226; newplace","description":"Gem\u00e4ss einer aktuellen Auswertung ist jeder Dritte Besch\u00e4ftigte im falschen Job gefangen. Mehr zu den Gr\u00fcnden, die zu einem schlechten Arbeitsklima f\u00fchren.","robots":{"index":"index","follow":"follow","max-snippet":"max-snippet:-1","max-image-preview":"max-image-preview:large","max-video-preview":"max-video-preview:-1"},"canonical":"https:\/\/newplace.ch\/it\/im-falschen-job-gefangen\/","og_locale":"it_IT","og_type":"article","og_title":"Arbeitsklima: Im falschen Job gefangen? &#8226; newplace","og_description":"Gem\u00e4ss einer aktuellen Auswertung ist jeder Dritte Besch\u00e4ftigte im falschen Job gefangen. Mehr zu den Gr\u00fcnden, die zu einem schlechten Arbeitsklima f\u00fchren.","og_url":"https:\/\/newplace.ch\/it\/im-falschen-job-gefangen\/","og_site_name":"newplace","article_published_time":"2019-06-26T00:19:33+00:00","article_modified_time":"2025-03-27T13:32:46+00:00","author":"jbruderer","twitter_card":"summary_large_image","schema":{"@context":"https:\/\/schema.org","@graph":[{"@type":"Article","@id":"https:\/\/newplace.ch\/im-falschen-job-gefangen\/#article","isPartOf":{"@id":"https:\/\/newplace.ch\/im-falschen-job-gefangen\/"},"author":{"name":"jbruderer","@id":"https:\/\/newplace.ch\/#\/schema\/person\/b1d19f9ebc3a2719ae885e294b3d79b1"},"headline":"Arbeitsklima: Im falschen Job gefangen?","datePublished":"2019-06-26T00:19:33+00:00","dateModified":"2025-03-27T13:32:46+00:00","mainEntityOfPage":{"@id":"https:\/\/newplace.ch\/im-falschen-job-gefangen\/"},"wordCount":170,"commentCount":0,"publisher":{"@id":"https:\/\/newplace.ch\/#organization"},"articleSection":["aus der HR-Welt"],"inLanguage":"it-IT","potentialAction":[{"@type":"CommentAction","name":"Comment","target":["https:\/\/newplace.ch\/im-falschen-job-gefangen\/#respond"]}]},{"@type":"WebPage","@id":"https:\/\/newplace.ch\/im-falschen-job-gefangen\/","url":"https:\/\/newplace.ch\/im-falschen-job-gefangen\/","name":"Arbeitsklima: Im falschen Job gefangen? &#8226; newplace","isPartOf":{"@id":"https:\/\/newplace.ch\/#website"},"datePublished":"2019-06-26T00:19:33+00:00","dateModified":"2025-03-27T13:32:46+00:00","description":"Gem\u00e4ss einer aktuellen Auswertung ist jeder Dritte Besch\u00e4ftigte im falschen Job gefangen. Mehr zu den Gr\u00fcnden, die zu einem schlechten Arbeitsklima f\u00fchren.","breadcrumb":{"@id":"https:\/\/newplace.ch\/im-falschen-job-gefangen\/#breadcrumb"},"inLanguage":"it-IT","potentialAction":[{"@type":"ReadAction","target":["https:\/\/newplace.ch\/im-falschen-job-gefangen\/"]}]},{"@type":"BreadcrumbList","@id":"https:\/\/newplace.ch\/im-falschen-job-gefangen\/#breadcrumb","itemListElement":[{"@type":"ListItem","position":1,"name":"Startseite","item":"https:\/\/newplace.ch\/"},{"@type":"ListItem","position":2,"name":"Arbeitsklima: Im falschen Job gefangen?"}]},{"@type":"WebSite","@id":"https:\/\/newplace.ch\/#website","url":"https:\/\/newplace.ch\/","name":"nuovo posto","description":"","publisher":{"@id":"https:\/\/newplace.ch\/#organization"},"potentialAction":[{"@type":"SearchAction","target":{"@type":"EntryPoint","urlTemplate":"https:\/\/newplace.ch\/?s={search_term_string}"},"query-input":{"@type":"PropertyValueSpecification","valueRequired":true,"valueName":"search_term_string"}}],"inLanguage":"it-IT"},{"@type":"Organization","@id":"https:\/\/newplace.ch\/#organization","name":"newplace AG","url":"https:\/\/newplace.ch\/","logo":{"@type":"ImageObject","inLanguage":"it-IT","@id":"https:\/\/newplace.ch\/#\/schema\/logo\/image\/","url":"https:\/\/newplace.ch\/wp-content\/uploads\/2025\/02\/newplace.svg","contentUrl":"https:\/\/newplace.ch\/wp-content\/uploads\/2025\/02\/newplace.svg","width":345,"height":120,"caption":"newplace AG"},"image":{"@id":"https:\/\/newplace.ch\/#\/schema\/logo\/image\/"},"sameAs":["https:\/\/www.linkedin.com\/company\/newplace-ag"]},{"@type":"Person","@id":"https:\/\/newplace.ch\/#\/schema\/person\/b1d19f9ebc3a2719ae885e294b3d79b1","name":"jbruderer","image":{"@type":"ImageObject","inLanguage":"it-IT","@id":"https:\/\/secure.gravatar.com\/avatar\/61addef3524c8e13f4eb2f9a2a6ec498ec0bc0d04ee2405ef0b3aa5dc5ba493e?s=96&d=mm&r=g","url":"https:\/\/secure.gravatar.com\/avatar\/61addef3524c8e13f4eb2f9a2a6ec498ec0bc0d04ee2405ef0b3aa5dc5ba493e?s=96&d=mm&r=g","contentUrl":"https:\/\/secure.gravatar.com\/avatar\/61addef3524c8e13f4eb2f9a2a6ec498ec0bc0d04ee2405ef0b3aa5dc5ba493e?s=96&d=mm&r=g","caption":"jbruderer"}}]}},"_links":{"self":[{"href":"https:\/\/newplace.ch\/it\/wp-json\/wp\/v2\/posts\/1862","targetHints":{"allow":["GET"]}}],"collection":[{"href":"https:\/\/newplace.ch\/it\/wp-json\/wp\/v2\/posts"}],"about":[{"href":"https:\/\/newplace.ch\/it\/wp-json\/wp\/v2\/types\/post"}],"author":[{"embeddable":true,"href":"https:\/\/newplace.ch\/it\/wp-json\/wp\/v2\/users\/8"}],"replies":[{"embeddable":true,"href":"https:\/\/newplace.ch\/it\/wp-json\/wp\/v2\/comments?post=1862"}],"version-history":[{"count":1,"href":"https:\/\/newplace.ch\/it\/wp-json\/wp\/v2\/posts\/1862\/revisions"}],"predecessor-version":[{"id":5022,"href":"https:\/\/newplace.ch\/it\/wp-json\/wp\/v2\/posts\/1862\/revisions\/5022"}],"wp:attachment":[{"href":"https:\/\/newplace.ch\/it\/wp-json\/wp\/v2\/media?parent=1862"}],"wp:term":[{"taxonomy":"category","embeddable":true,"href":"https:\/\/newplace.ch\/it\/wp-json\/wp\/v2\/categories?post=1862"},{"taxonomy":"post_tag","embeddable":true,"href":"https:\/\/newplace.ch\/it\/wp-json\/wp\/v2\/tags?post=1862"}],"curies":[{"name":"wp","href":"https:\/\/api.w.org\/{rel}","templated":true}]}}