{"id":1860,"date":"2019-06-19T00:19:06","date_gmt":"2019-06-19T00:19:06","guid":{"rendered":"https:\/\/www.newplace.ch\/?p=1860"},"modified":"2025-03-27T13:32:46","modified_gmt":"2025-03-27T13:32:46","slug":"unternehmensfuehrung-kuenstliche-intelligenz","status":"publish","type":"post","link":"https:\/\/newplace.ch\/it\/unternehmensfuehrung-kuenstliche-intelligenz\/","title":{"rendered":"Come l'intelligenza artificiale sta cambiando la gestione aziendale"},"content":{"rendered":"<div class=\"vc_row wpb_row section vc_row-fluid vc_inner\">\n<div class=\"full_section_inner clearfix\">\n<div class=\"wpb_column vc_column_container vc_col-sm-12\">\n<div class=\"vc_column-inner\">\n<div class=\"wpb_wrapper\">\n<div class=\"wpb_text_column wpb_content_element  inside\">\n<div class=\"wpb_wrapper\">\n<h2>Chi sta gi\u00e0 utilizzando l'IA in azienda e per cosa?<\/h2>\n<\/div>\n<\/div>\n<div class=\"wpb_text_column wpb_content_element\">\n<div class=\"wpb_wrapper\">\n<p>I responsabili delle aziende sono convinti che l'uso dell'intelligenza artificiale (AI) cambier\u00e0 radicalmente i loro compiti e la direzione strategica dell'azienda. Questo, almeno, \u00e8 il risultato di un sondaggio condotto su 1.150 manager di 13 Paesi.\u00a0<a href=\"https:\/\/news.microsoft.com\/de-de\/microsoft-studie-ki-leadership\/\" target=\"_blank\" rel=\"noreferrer noopener\">(Studio di Microsoft Germania)<\/a>.<\/p>\n<\/div>\n<\/div>\n<div class=\"vc_empty_space\"><\/div>\n<\/div>\n<\/div>\n<\/div>\n<\/div>\n<\/div>\n<div class=\"vc_row wpb_row section vc_row-fluid vc_inner\">\n<div class=\"full_section_inner clearfix\">\n<div class=\"wpb_column vc_column_container vc_col-sm-10\">\n<div class=\"vc_column-inner\">\n<div class=\"wpb_wrapper\">\n<div class=\"wpb_text_column wpb_content_element\">\n<div class=\"wpb_wrapper\">\n<p>Guardando alla nostra vicina Germania, l'intelligenza artificiale \u00e8 un tema importante, soprattutto per le aziende in rapida crescita:<\/p>\n<\/div>\n<\/div>\n<div class=\"q_list circle bold animate_list\">\n<ul>\n<li>Il 37,8 % delle aziende tedesche con crescita a due cifre utilizza gi\u00e0 l'intelligenza artificiale.<\/li>\n<li>Secondo lo studio, invece, solo il 17,1% delle aziende a crescita pi\u00f9 lenta utilizza l'intelligenza artificiale nei propri processi.<\/li>\n<\/ul>\n<\/div>\n<div class=\"vc_empty_space\"><\/div>\n<\/div>\n<\/div>\n<\/div>\n<div class=\"wpb_column vc_column_container vc_col-sm-2\">\n<div class=\"vc_column-inner\">\n<div class=\"wpb_wrapper\"><\/div>\n<\/div>\n<\/div>\n<\/div>\n<\/div>\n<div class=\"vc_row wpb_row section vc_row-fluid vc_inner\">\n<div class=\"full_section_inner clearfix\">\n<div class=\"wpb_column vc_column_container vc_col-sm-12\">\n<div class=\"vc_column-inner\">\n<div class=\"wpb_wrapper\">\n<div class=\"wpb_text_column wpb_content_element  inside\">\n<div class=\"wpb_wrapper\">\n<h2>E come l'intelligenza artificiale sta cambiando la gestione aziendale?<\/h2>\n<\/div>\n<\/div>\n<div class=\"wpb_text_column wpb_content_element\">\n<div class=\"wpb_wrapper\">\n<p>La maggioranza dei manager intervistati (58,3%) di aziende a forte crescita ritiene inoltre che l'intelligenza artificiale cambier\u00e0 il modo di gestire le aziende e i dipendenti. Soprattutto, la gestione dei dipendenti diventer\u00e0 pi\u00f9 umana. Da un lato, questo pu\u00f2 significare lavorare per una maggiore motivazione e ispirazione dei propri dipendenti grazie al tempo guadagnato con l'intelligenza artificiale. Dall'altro lato, temi come\u00a0<a href=\"https:\/\/newplace.ch\/it\/arbeitgeberwahl\/\">Uguaglianza di genere e diversit\u00e0 culturale<\/a>\u00a0stanno diventando sempre pi\u00f9 importanti nel discorso socio-politico globale - e di conseguenza questi temi giocano un ruolo significativo anche nel mondo del lavoro.<\/p>\n<p><em>(Fonte: humanresourcesmanager.de)<\/em><\/p>\n<\/div>\n<\/div>\n<\/div>\n<\/div>\n<\/div>\n<\/div>\n<\/div>","protected":false},"excerpt":{"rendered":"<p>Chi sta gi\u00e0 utilizzando l'IA in azienda e per cosa? E come stanno cambiando le attivit\u00e0 di gestione?<\/p>","protected":false},"author":8,"featured_media":0,"comment_status":"open","ping_status":"open","sticky":false,"template":"","format":"standard","meta":{"_acf_changed":false,"footnotes":""},"categories":[10],"tags":[],"class_list":["post-1860","post","type-post","status-publish","format-standard","hentry","category-hr-welt"],"acf":[],"yoast_head":"<!-- This site is optimized with the Yoast SEO plugin v24.7 - https:\/\/yoast.com\/wordpress\/plugins\/seo\/ -->\n<title>Wie k\u00fcnstliche Intelligenz die Unternehmensf\u00fchrung ver\u00e4ndert &#8226; newplace<\/title>\n<meta name=\"description\" content=\"Wer setzt k\u00fcnstliche Intelligenz (KI) bereits im Unternehmen ein und wof\u00fcr? Und wie ver\u00e4ndert sich dadurch die Unternehmensf\u00fchrung? Mehr dazu bei newplace!\" \/>\n<meta name=\"robots\" content=\"index, follow, max-snippet:-1, max-image-preview:large, max-video-preview:-1\" \/>\n<link rel=\"canonical\" href=\"https:\/\/newplace.ch\/it\/unternehmensfuehrung-kuenstliche-intelligenz\/\" \/>\n<meta property=\"og:locale\" content=\"it_IT\" \/>\n<meta property=\"og:type\" content=\"article\" \/>\n<meta property=\"og:title\" content=\"Wie k\u00fcnstliche Intelligenz die Unternehmensf\u00fchrung ver\u00e4ndert &#8226; newplace\" \/>\n<meta property=\"og:description\" content=\"Wer setzt k\u00fcnstliche Intelligenz (KI) bereits im Unternehmen ein und wof\u00fcr? Und wie ver\u00e4ndert sich dadurch die Unternehmensf\u00fchrung? Mehr dazu bei newplace!\" \/>\n<meta property=\"og:url\" content=\"https:\/\/newplace.ch\/it\/unternehmensfuehrung-kuenstliche-intelligenz\/\" \/>\n<meta property=\"og:site_name\" content=\"newplace\" \/>\n<meta property=\"article:published_time\" content=\"2019-06-19T00:19:06+00:00\" \/>\n<meta property=\"article:modified_time\" content=\"2025-03-27T13:32:46+00:00\" \/>\n<meta name=\"author\" content=\"jbruderer\" \/>\n<meta name=\"twitter:card\" content=\"summary_large_image\" \/>\n<script type=\"application\/ld+json\" class=\"yoast-schema-graph\">{\"@context\":\"https:\/\/schema.org\",\"@graph\":[{\"@type\":\"Article\",\"@id\":\"https:\/\/newplace.ch\/unternehmensfuehrung-kuenstliche-intelligenz\/#article\",\"isPartOf\":{\"@id\":\"https:\/\/newplace.ch\/unternehmensfuehrung-kuenstliche-intelligenz\/\"},\"author\":{\"name\":\"jbruderer\",\"@id\":\"https:\/\/newplace.ch\/#\/schema\/person\/b1d19f9ebc3a2719ae885e294b3d79b1\"},\"headline\":\"Wie k\u00fcnstliche Intelligenz die Unternehmensf\u00fchrung ver\u00e4ndert\",\"datePublished\":\"2019-06-19T00:19:06+00:00\",\"dateModified\":\"2025-03-27T13:32:46+00:00\",\"mainEntityOfPage\":{\"@id\":\"https:\/\/newplace.ch\/unternehmensfuehrung-kuenstliche-intelligenz\/\"},\"wordCount\":220,\"commentCount\":0,\"publisher\":{\"@id\":\"https:\/\/newplace.ch\/#organization\"},\"articleSection\":[\"aus der HR-Welt\"],\"inLanguage\":\"it-IT\",\"potentialAction\":[{\"@type\":\"CommentAction\",\"name\":\"Comment\",\"target\":[\"https:\/\/newplace.ch\/unternehmensfuehrung-kuenstliche-intelligenz\/#respond\"]}]},{\"@type\":\"WebPage\",\"@id\":\"https:\/\/newplace.ch\/unternehmensfuehrung-kuenstliche-intelligenz\/\",\"url\":\"https:\/\/newplace.ch\/unternehmensfuehrung-kuenstliche-intelligenz\/\",\"name\":\"Wie k\u00fcnstliche Intelligenz die Unternehmensf\u00fchrung ver\u00e4ndert &#8226; newplace\",\"isPartOf\":{\"@id\":\"https:\/\/newplace.ch\/#website\"},\"datePublished\":\"2019-06-19T00:19:06+00:00\",\"dateModified\":\"2025-03-27T13:32:46+00:00\",\"description\":\"Wer setzt k\u00fcnstliche Intelligenz (KI) bereits im Unternehmen ein und wof\u00fcr? Und wie ver\u00e4ndert sich dadurch die Unternehmensf\u00fchrung? Mehr dazu bei newplace!\",\"breadcrumb\":{\"@id\":\"https:\/\/newplace.ch\/unternehmensfuehrung-kuenstliche-intelligenz\/#breadcrumb\"},\"inLanguage\":\"it-IT\",\"potentialAction\":[{\"@type\":\"ReadAction\",\"target\":[\"https:\/\/newplace.ch\/unternehmensfuehrung-kuenstliche-intelligenz\/\"]}]},{\"@type\":\"BreadcrumbList\",\"@id\":\"https:\/\/newplace.ch\/unternehmensfuehrung-kuenstliche-intelligenz\/#breadcrumb\",\"itemListElement\":[{\"@type\":\"ListItem\",\"position\":1,\"name\":\"Startseite\",\"item\":\"https:\/\/newplace.ch\/\"},{\"@type\":\"ListItem\",\"position\":2,\"name\":\"Wie k\u00fcnstliche Intelligenz die Unternehmensf\u00fchrung ver\u00e4ndert\"}]},{\"@type\":\"WebSite\",\"@id\":\"https:\/\/newplace.ch\/#website\",\"url\":\"https:\/\/newplace.ch\/\",\"name\":\"newplace\",\"description\":\"\",\"publisher\":{\"@id\":\"https:\/\/newplace.ch\/#organization\"},\"potentialAction\":[{\"@type\":\"SearchAction\",\"target\":{\"@type\":\"EntryPoint\",\"urlTemplate\":\"https:\/\/newplace.ch\/?s={search_term_string}\"},\"query-input\":{\"@type\":\"PropertyValueSpecification\",\"valueRequired\":true,\"valueName\":\"search_term_string\"}}],\"inLanguage\":\"it-IT\"},{\"@type\":\"Organization\",\"@id\":\"https:\/\/newplace.ch\/#organization\",\"name\":\"newplace AG\",\"url\":\"https:\/\/newplace.ch\/\",\"logo\":{\"@type\":\"ImageObject\",\"inLanguage\":\"it-IT\",\"@id\":\"https:\/\/newplace.ch\/#\/schema\/logo\/image\/\",\"url\":\"https:\/\/newplace.ch\/wp-content\/uploads\/2025\/02\/newplace.svg\",\"contentUrl\":\"https:\/\/newplace.ch\/wp-content\/uploads\/2025\/02\/newplace.svg\",\"width\":345,\"height\":120,\"caption\":\"newplace AG\"},\"image\":{\"@id\":\"https:\/\/newplace.ch\/#\/schema\/logo\/image\/\"},\"sameAs\":[\"https:\/\/www.linkedin.com\/company\/newplace-ag\"]},{\"@type\":\"Person\",\"@id\":\"https:\/\/newplace.ch\/#\/schema\/person\/b1d19f9ebc3a2719ae885e294b3d79b1\",\"name\":\"jbruderer\",\"image\":{\"@type\":\"ImageObject\",\"inLanguage\":\"it-IT\",\"@id\":\"https:\/\/newplace.ch\/#\/schema\/person\/image\/\",\"url\":\"https:\/\/secure.gravatar.com\/avatar\/61addef3524c8e13f4eb2f9a2a6ec498ec0bc0d04ee2405ef0b3aa5dc5ba493e?s=96&d=mm&r=g\",\"contentUrl\":\"https:\/\/secure.gravatar.com\/avatar\/61addef3524c8e13f4eb2f9a2a6ec498ec0bc0d04ee2405ef0b3aa5dc5ba493e?s=96&d=mm&r=g\",\"caption\":\"jbruderer\"}}]}<\/script>\n<!-- \/ Yoast SEO plugin. -->","yoast_head_json":{"title":"Wie k\u00fcnstliche Intelligenz die Unternehmensf\u00fchrung ver\u00e4ndert &#8226; newplace","description":"Wer setzt k\u00fcnstliche Intelligenz (KI) bereits im Unternehmen ein und wof\u00fcr? Und wie ver\u00e4ndert sich dadurch die Unternehmensf\u00fchrung? Mehr dazu bei newplace!","robots":{"index":"index","follow":"follow","max-snippet":"max-snippet:-1","max-image-preview":"max-image-preview:large","max-video-preview":"max-video-preview:-1"},"canonical":"https:\/\/newplace.ch\/it\/unternehmensfuehrung-kuenstliche-intelligenz\/","og_locale":"it_IT","og_type":"article","og_title":"Wie k\u00fcnstliche Intelligenz die Unternehmensf\u00fchrung ver\u00e4ndert &#8226; newplace","og_description":"Wer setzt k\u00fcnstliche Intelligenz (KI) bereits im Unternehmen ein und wof\u00fcr? Und wie ver\u00e4ndert sich dadurch die Unternehmensf\u00fchrung? Mehr dazu bei newplace!","og_url":"https:\/\/newplace.ch\/it\/unternehmensfuehrung-kuenstliche-intelligenz\/","og_site_name":"newplace","article_published_time":"2019-06-19T00:19:06+00:00","article_modified_time":"2025-03-27T13:32:46+00:00","author":"jbruderer","twitter_card":"summary_large_image","schema":{"@context":"https:\/\/schema.org","@graph":[{"@type":"Article","@id":"https:\/\/newplace.ch\/unternehmensfuehrung-kuenstliche-intelligenz\/#article","isPartOf":{"@id":"https:\/\/newplace.ch\/unternehmensfuehrung-kuenstliche-intelligenz\/"},"author":{"name":"jbruderer","@id":"https:\/\/newplace.ch\/#\/schema\/person\/b1d19f9ebc3a2719ae885e294b3d79b1"},"headline":"Wie k\u00fcnstliche Intelligenz die Unternehmensf\u00fchrung ver\u00e4ndert","datePublished":"2019-06-19T00:19:06+00:00","dateModified":"2025-03-27T13:32:46+00:00","mainEntityOfPage":{"@id":"https:\/\/newplace.ch\/unternehmensfuehrung-kuenstliche-intelligenz\/"},"wordCount":220,"commentCount":0,"publisher":{"@id":"https:\/\/newplace.ch\/#organization"},"articleSection":["aus der HR-Welt"],"inLanguage":"it-IT","potentialAction":[{"@type":"CommentAction","name":"Comment","target":["https:\/\/newplace.ch\/unternehmensfuehrung-kuenstliche-intelligenz\/#respond"]}]},{"@type":"WebPage","@id":"https:\/\/newplace.ch\/unternehmensfuehrung-kuenstliche-intelligenz\/","url":"https:\/\/newplace.ch\/unternehmensfuehrung-kuenstliche-intelligenz\/","name":"Wie k\u00fcnstliche Intelligenz die Unternehmensf\u00fchrung ver\u00e4ndert &#8226; newplace","isPartOf":{"@id":"https:\/\/newplace.ch\/#website"},"datePublished":"2019-06-19T00:19:06+00:00","dateModified":"2025-03-27T13:32:46+00:00","description":"Wer setzt k\u00fcnstliche Intelligenz (KI) bereits im Unternehmen ein und wof\u00fcr? Und wie ver\u00e4ndert sich dadurch die Unternehmensf\u00fchrung? Mehr dazu bei newplace!","breadcrumb":{"@id":"https:\/\/newplace.ch\/unternehmensfuehrung-kuenstliche-intelligenz\/#breadcrumb"},"inLanguage":"it-IT","potentialAction":[{"@type":"ReadAction","target":["https:\/\/newplace.ch\/unternehmensfuehrung-kuenstliche-intelligenz\/"]}]},{"@type":"BreadcrumbList","@id":"https:\/\/newplace.ch\/unternehmensfuehrung-kuenstliche-intelligenz\/#breadcrumb","itemListElement":[{"@type":"ListItem","position":1,"name":"Startseite","item":"https:\/\/newplace.ch\/"},{"@type":"ListItem","position":2,"name":"Wie k\u00fcnstliche Intelligenz die Unternehmensf\u00fchrung ver\u00e4ndert"}]},{"@type":"WebSite","@id":"https:\/\/newplace.ch\/#website","url":"https:\/\/newplace.ch\/","name":"nuovo posto","description":"","publisher":{"@id":"https:\/\/newplace.ch\/#organization"},"potentialAction":[{"@type":"SearchAction","target":{"@type":"EntryPoint","urlTemplate":"https:\/\/newplace.ch\/?s={search_term_string}"},"query-input":{"@type":"PropertyValueSpecification","valueRequired":true,"valueName":"search_term_string"}}],"inLanguage":"it-IT"},{"@type":"Organization","@id":"https:\/\/newplace.ch\/#organization","name":"newplace AG","url":"https:\/\/newplace.ch\/","logo":{"@type":"ImageObject","inLanguage":"it-IT","@id":"https:\/\/newplace.ch\/#\/schema\/logo\/image\/","url":"https:\/\/newplace.ch\/wp-content\/uploads\/2025\/02\/newplace.svg","contentUrl":"https:\/\/newplace.ch\/wp-content\/uploads\/2025\/02\/newplace.svg","width":345,"height":120,"caption":"newplace AG"},"image":{"@id":"https:\/\/newplace.ch\/#\/schema\/logo\/image\/"},"sameAs":["https:\/\/www.linkedin.com\/company\/newplace-ag"]},{"@type":"Person","@id":"https:\/\/newplace.ch\/#\/schema\/person\/b1d19f9ebc3a2719ae885e294b3d79b1","name":"jbruderer","image":{"@type":"ImageObject","inLanguage":"it-IT","@id":"https:\/\/newplace.ch\/#\/schema\/person\/image\/","url":"https:\/\/secure.gravatar.com\/avatar\/61addef3524c8e13f4eb2f9a2a6ec498ec0bc0d04ee2405ef0b3aa5dc5ba493e?s=96&d=mm&r=g","contentUrl":"https:\/\/secure.gravatar.com\/avatar\/61addef3524c8e13f4eb2f9a2a6ec498ec0bc0d04ee2405ef0b3aa5dc5ba493e?s=96&d=mm&r=g","caption":"jbruderer"}}]}},"_links":{"self":[{"href":"https:\/\/newplace.ch\/it\/wp-json\/wp\/v2\/posts\/1860","targetHints":{"allow":["GET"]}}],"collection":[{"href":"https:\/\/newplace.ch\/it\/wp-json\/wp\/v2\/posts"}],"about":[{"href":"https:\/\/newplace.ch\/it\/wp-json\/wp\/v2\/types\/post"}],"author":[{"embeddable":true,"href":"https:\/\/newplace.ch\/it\/wp-json\/wp\/v2\/users\/8"}],"replies":[{"embeddable":true,"href":"https:\/\/newplace.ch\/it\/wp-json\/wp\/v2\/comments?post=1860"}],"version-history":[{"count":1,"href":"https:\/\/newplace.ch\/it\/wp-json\/wp\/v2\/posts\/1860\/revisions"}],"predecessor-version":[{"id":5023,"href":"https:\/\/newplace.ch\/it\/wp-json\/wp\/v2\/posts\/1860\/revisions\/5023"}],"wp:attachment":[{"href":"https:\/\/newplace.ch\/it\/wp-json\/wp\/v2\/media?parent=1860"}],"wp:term":[{"taxonomy":"category","embeddable":true,"href":"https:\/\/newplace.ch\/it\/wp-json\/wp\/v2\/categories?post=1860"},{"taxonomy":"post_tag","embeddable":true,"href":"https:\/\/newplace.ch\/it\/wp-json\/wp\/v2\/tags?post=1860"}],"curies":[{"name":"wp","href":"https:\/\/api.w.org\/{rel}","templated":true}]}}