{"id":5435,"date":"2026-01-05T18:11:32","date_gmt":"2026-01-05T18:11:32","guid":{"rendered":"https:\/\/newplace.ch\/?p=5435"},"modified":"2026-01-05T19:27:56","modified_gmt":"2026-01-05T19:27:56","slug":"eine-kuendigung-zu-verarbeiten-braucht-zeit-und-unterstuetzung","status":"publish","type":"post","link":"https:\/\/newplace.ch\/fr\/eine-kuendigung-zu-verarbeiten-braucht-zeit-und-unterstuetzung\/","title":{"rendered":"Faire face \u00e0 un licenciement demande du temps et du soutien"},"content":{"rendered":"<p><span style=\"font-size: revert; color: initial;\">Dans deux articles r\u00e9cents, Michael Hasler, directeur de newplace AG, met en lumi\u00e8re la mani\u00e8re dont les gens g\u00e8rent les licenciements sur le plan \u00e9motionnel et la responsabilit\u00e9 des entreprises dans cette phase sensible. Il d\u00e9crit les \"montagnes russes\" du choc, de la tristesse, de l'incertitude et du doute et souligne que le temps, la compr\u00e9hension et un soutien cibl\u00e9 sont d\u00e9cisifs pour mettre en perspective ce qui s'est pass\u00e9.<\/span><\/p>\n<div>\n<p><strong>Soutenir plut\u00f4t qu'agir : ce qui aide les personnes concern\u00e9es<\/strong><\/p>\n<p>Apr\u00e8s un licenciement, deux r\u00e9actions sont particuli\u00e8rement malvenues : l'activisme aveugle et la tentative de g\u00e9rer la situation seul. Il est judicieux de faire appel \u00e0 une aide professionnelle et \u00e0 l'environnement priv\u00e9 afin de sortir du r\u00f4le de victime et de se concentrer \u00e0 nouveau sur les performances, les exp\u00e9riences et les comp\u00e9tences. Cela a \u00e9galement un effet sur le processus de candidature - notamment dans la communication non verbale.<\/p>\n<p><strong>Le r\u00e9seau comme cl\u00e9 - pour tous, en particulier pour les dirigeants<\/strong><\/p>\n<p>Michael Hasler souligne le r\u00f4le central des relations solides : Le r\u00e9seautage permet de se diff\u00e9rencier, surtout \u00e0 une \u00e9poque o\u00f9 les candidatures standardis\u00e9es et bas\u00e9es sur l'IA se ressemblent souvent. Sa recommandation : nouer au moins deux nouveaux contacts chaque ann\u00e9e et les entretenir activement. Pour les cadres, la perte de r\u00e9seaux li\u00e9s \u00e0 la fonction est particuli\u00e8rement radicale apr\u00e8s un licenciement, raison pour laquelle la recherche d'un emploi prend souvent plus de temps.<\/p>\n<p><strong>Culture de la s\u00e9paration avec effet sur la r\u00e9putation<\/strong><\/p>\n<p>Ce n'est pas le licenciement en soi qui est blessant, mais <em>comme<\/em> elle a lieu. Les entreprises profitent de valeurs claires dans les processus de s\u00e9paration - transparence, estime et bonne communication - car elles prot\u00e8gent la culture et la r\u00e9putation et ont \u00e9galement un effet en interne. Des exemples de timing malheureux montrent \u00e0 quel point les d\u00e9tails sont per\u00e7us.<\/p>\n<p><strong>Vous trouverez les interviews compl\u00e8tes ici :<\/strong><\/p>\n<p><a href=\"https:\/\/newplace.ch\/wp-content\/uploads\/2026\/01\/2026-01-03_Tagi_Michael-Hasler.pdf\">Article Tages Anzeiger<\/a><\/p>\n<p><a href=\"https:\/\/newplace.ch\/wp-content\/uploads\/2026\/01\/2026-01-03_BZ_Michael-Hasler.pdf\">Article Berner Zeitung<\/a><\/p>\n<\/div>\n<div>\n<div>\n<div>\n<div>\n<div><\/div>\n<\/div>\n<\/div>\n<\/div>\n<\/div>","protected":false},"excerpt":{"rendered":"<p>In zwei aktuellen Artikeln beleuchtet Michael Hasler, Gesch\u00e4ftsf\u00fchrer der newplace AG, wie Menschen K\u00fcndigungen emotional verarbeiten und welche Verantwortung Unternehmen in dieser sensiblen Phase tragen. Er beschreibt die \u201eAchterbahnfahrt\u201c aus Schock, Trauer, Unsicherheit und Selbstzweifel und betont, dass Zeit, Verst\u00e4ndnis und gezielte Unterst\u00fctzung entscheidend sind, um das Geschehene einzuordnen. Unterst\u00fctzung statt Aktionismus: Was Betroffenen hilft [&hellip;]<\/p>\n","protected":false},"author":6,"featured_media":0,"comment_status":"closed","ping_status":"closed","sticky":false,"template":"","format":"standard","meta":{"_acf_changed":false,"footnotes":""},"categories":[1],"tags":[26,25],"class_list":["post-5435","post","type-post","status-publish","format-standard","hentry","category-uncategorized","tag-kuendigungen","tag-survivors"],"acf":[],"yoast_head":"<!-- This site is optimized with the Yoast SEO plugin v27.5 - https:\/\/yoast.com\/product\/yoast-seo-wordpress\/ -->\n<title>Eine K\u00fcndigung zu verarbeiten braucht Zeit und Unterst\u00fctzung &#8226; newplace<\/title>\n<meta name=\"description\" content=\"Impulse f\u00fcr faire Trennungen und gelingende Neuorientierung\" \/>\n<meta name=\"robots\" content=\"index, follow, max-snippet:-1, max-image-preview:large, max-video-preview:-1\" \/>\n<link rel=\"canonical\" href=\"https:\/\/newplace.ch\/fr\/eine-kuendigung-zu-verarbeiten-braucht-zeit-und-unterstuetzung\/\" \/>\n<meta property=\"og:locale\" content=\"fr_FR\" \/>\n<meta property=\"og:type\" content=\"article\" \/>\n<meta property=\"og:title\" content=\"Eine K\u00fcndigung zu verarbeiten braucht Zeit und Unterst\u00fctzung &#8226; newplace\" \/>\n<meta property=\"og:description\" content=\"Impulse f\u00fcr faire Trennungen und gelingende Neuorientierung\" \/>\n<meta property=\"og:url\" content=\"https:\/\/newplace.ch\/fr\/eine-kuendigung-zu-verarbeiten-braucht-zeit-und-unterstuetzung\/\" \/>\n<meta property=\"og:site_name\" content=\"newplace\" \/>\n<meta property=\"article:published_time\" content=\"2026-01-05T18:11:32+00:00\" \/>\n<meta property=\"article:modified_time\" content=\"2026-01-05T19:27:56+00:00\" \/>\n<meta name=\"author\" content=\"Cornelia Steffen\" \/>\n<meta name=\"twitter:card\" content=\"summary_large_image\" \/>\n<script type=\"application\/ld+json\" class=\"yoast-schema-graph\">{\"@context\":\"https:\\\/\\\/schema.org\",\"@graph\":[{\"@type\":\"Article\",\"@id\":\"https:\\\/\\\/newplace.ch\\\/eine-kuendigung-zu-verarbeiten-braucht-zeit-und-unterstuetzung\\\/#article\",\"isPartOf\":{\"@id\":\"https:\\\/\\\/newplace.ch\\\/eine-kuendigung-zu-verarbeiten-braucht-zeit-und-unterstuetzung\\\/\"},\"author\":{\"name\":\"Cornelia Steffen\",\"@id\":\"https:\\\/\\\/newplace.ch\\\/#\\\/schema\\\/person\\\/f60d3b078c64d17e55733cd5e71a8430\"},\"headline\":\"Eine K\u00fcndigung zu verarbeiten braucht Zeit und Unterst\u00fctzung\",\"datePublished\":\"2026-01-05T18:11:32+00:00\",\"dateModified\":\"2026-01-05T19:27:56+00:00\",\"mainEntityOfPage\":{\"@id\":\"https:\\\/\\\/newplace.ch\\\/eine-kuendigung-zu-verarbeiten-braucht-zeit-und-unterstuetzung\\\/\"},\"wordCount\":269,\"publisher\":{\"@id\":\"https:\\\/\\\/newplace.ch\\\/#organization\"},\"keywords\":[\"K\u00fcndigungen\",\"Survivors\"],\"articleSection\":[\"Uncategorized\"],\"inLanguage\":\"fr-FR\"},{\"@type\":\"WebPage\",\"@id\":\"https:\\\/\\\/newplace.ch\\\/eine-kuendigung-zu-verarbeiten-braucht-zeit-und-unterstuetzung\\\/\",\"url\":\"https:\\\/\\\/newplace.ch\\\/eine-kuendigung-zu-verarbeiten-braucht-zeit-und-unterstuetzung\\\/\",\"name\":\"Eine K\u00fcndigung zu verarbeiten braucht Zeit und Unterst\u00fctzung &#8226; newplace\",\"isPartOf\":{\"@id\":\"https:\\\/\\\/newplace.ch\\\/#website\"},\"datePublished\":\"2026-01-05T18:11:32+00:00\",\"dateModified\":\"2026-01-05T19:27:56+00:00\",\"description\":\"Impulse f\u00fcr faire Trennungen und gelingende Neuorientierung\",\"breadcrumb\":{\"@id\":\"https:\\\/\\\/newplace.ch\\\/eine-kuendigung-zu-verarbeiten-braucht-zeit-und-unterstuetzung\\\/#breadcrumb\"},\"inLanguage\":\"fr-FR\",\"potentialAction\":[{\"@type\":\"ReadAction\",\"target\":[\"https:\\\/\\\/newplace.ch\\\/eine-kuendigung-zu-verarbeiten-braucht-zeit-und-unterstuetzung\\\/\"]}]},{\"@type\":\"BreadcrumbList\",\"@id\":\"https:\\\/\\\/newplace.ch\\\/eine-kuendigung-zu-verarbeiten-braucht-zeit-und-unterstuetzung\\\/#breadcrumb\",\"itemListElement\":[{\"@type\":\"ListItem\",\"position\":1,\"name\":\"Startseite\",\"item\":\"https:\\\/\\\/newplace.ch\\\/\"},{\"@type\":\"ListItem\",\"position\":2,\"name\":\"Eine K\u00fcndigung zu verarbeiten braucht Zeit und Unterst\u00fctzung\"}]},{\"@type\":\"WebSite\",\"@id\":\"https:\\\/\\\/newplace.ch\\\/#website\",\"url\":\"https:\\\/\\\/newplace.ch\\\/\",\"name\":\"newplace\",\"description\":\"\",\"publisher\":{\"@id\":\"https:\\\/\\\/newplace.ch\\\/#organization\"},\"potentialAction\":[{\"@type\":\"SearchAction\",\"target\":{\"@type\":\"EntryPoint\",\"urlTemplate\":\"https:\\\/\\\/newplace.ch\\\/?s={search_term_string}\"},\"query-input\":{\"@type\":\"PropertyValueSpecification\",\"valueRequired\":true,\"valueName\":\"search_term_string\"}}],\"inLanguage\":\"fr-FR\"},{\"@type\":\"Organization\",\"@id\":\"https:\\\/\\\/newplace.ch\\\/#organization\",\"name\":\"newplace AG\",\"url\":\"https:\\\/\\\/newplace.ch\\\/\",\"logo\":{\"@type\":\"ImageObject\",\"inLanguage\":\"fr-FR\",\"@id\":\"https:\\\/\\\/newplace.ch\\\/#\\\/schema\\\/logo\\\/image\\\/\",\"url\":\"https:\\\/\\\/newplace.ch\\\/wp-content\\\/uploads\\\/2025\\\/02\\\/newplace.svg\",\"contentUrl\":\"https:\\\/\\\/newplace.ch\\\/wp-content\\\/uploads\\\/2025\\\/02\\\/newplace.svg\",\"width\":345,\"height\":120,\"caption\":\"newplace AG\"},\"image\":{\"@id\":\"https:\\\/\\\/newplace.ch\\\/#\\\/schema\\\/logo\\\/image\\\/\"},\"sameAs\":[\"https:\\\/\\\/www.linkedin.com\\\/company\\\/newplace-ag\"]},{\"@type\":\"Person\",\"@id\":\"https:\\\/\\\/newplace.ch\\\/#\\\/schema\\\/person\\\/f60d3b078c64d17e55733cd5e71a8430\",\"name\":\"Cornelia Steffen\",\"image\":{\"@type\":\"ImageObject\",\"inLanguage\":\"fr-FR\",\"@id\":\"https:\\\/\\\/secure.gravatar.com\\\/avatar\\\/aebe96983ca916db533ec4d57d4b633cd240f4c19f0c5662c1baea7faa9666e1?s=96&d=mm&r=g\",\"url\":\"https:\\\/\\\/secure.gravatar.com\\\/avatar\\\/aebe96983ca916db533ec4d57d4b633cd240f4c19f0c5662c1baea7faa9666e1?s=96&d=mm&r=g\",\"contentUrl\":\"https:\\\/\\\/secure.gravatar.com\\\/avatar\\\/aebe96983ca916db533ec4d57d4b633cd240f4c19f0c5662c1baea7faa9666e1?s=96&d=mm&r=g\",\"caption\":\"Cornelia Steffen\"}}]}<\/script>\n<!-- \/ Yoast SEO plugin. -->","yoast_head_json":{"title":"Eine K\u00fcndigung zu verarbeiten braucht Zeit und Unterst\u00fctzung &#8226; newplace","description":"Impulse f\u00fcr faire Trennungen und gelingende Neuorientierung","robots":{"index":"index","follow":"follow","max-snippet":"max-snippet:-1","max-image-preview":"max-image-preview:large","max-video-preview":"max-video-preview:-1"},"canonical":"https:\/\/newplace.ch\/fr\/eine-kuendigung-zu-verarbeiten-braucht-zeit-und-unterstuetzung\/","og_locale":"fr_FR","og_type":"article","og_title":"Eine K\u00fcndigung zu verarbeiten braucht Zeit und Unterst\u00fctzung &#8226; newplace","og_description":"Impulse f\u00fcr faire Trennungen und gelingende Neuorientierung","og_url":"https:\/\/newplace.ch\/fr\/eine-kuendigung-zu-verarbeiten-braucht-zeit-und-unterstuetzung\/","og_site_name":"newplace","article_published_time":"2026-01-05T18:11:32+00:00","article_modified_time":"2026-01-05T19:27:56+00:00","author":"Cornelia Steffen","twitter_card":"summary_large_image","schema":{"@context":"https:\/\/schema.org","@graph":[{"@type":"Article","@id":"https:\/\/newplace.ch\/eine-kuendigung-zu-verarbeiten-braucht-zeit-und-unterstuetzung\/#article","isPartOf":{"@id":"https:\/\/newplace.ch\/eine-kuendigung-zu-verarbeiten-braucht-zeit-und-unterstuetzung\/"},"author":{"name":"Cornelia Steffen","@id":"https:\/\/newplace.ch\/#\/schema\/person\/f60d3b078c64d17e55733cd5e71a8430"},"headline":"Eine K\u00fcndigung zu verarbeiten braucht Zeit und Unterst\u00fctzung","datePublished":"2026-01-05T18:11:32+00:00","dateModified":"2026-01-05T19:27:56+00:00","mainEntityOfPage":{"@id":"https:\/\/newplace.ch\/eine-kuendigung-zu-verarbeiten-braucht-zeit-und-unterstuetzung\/"},"wordCount":269,"publisher":{"@id":"https:\/\/newplace.ch\/#organization"},"keywords":["K\u00fcndigungen","Survivors"],"articleSection":["Uncategorized"],"inLanguage":"fr-FR"},{"@type":"WebPage","@id":"https:\/\/newplace.ch\/eine-kuendigung-zu-verarbeiten-braucht-zeit-und-unterstuetzung\/","url":"https:\/\/newplace.ch\/eine-kuendigung-zu-verarbeiten-braucht-zeit-und-unterstuetzung\/","name":"Eine K\u00fcndigung zu verarbeiten braucht Zeit und Unterst\u00fctzung &#8226; newplace","isPartOf":{"@id":"https:\/\/newplace.ch\/#website"},"datePublished":"2026-01-05T18:11:32+00:00","dateModified":"2026-01-05T19:27:56+00:00","description":"Impulse f\u00fcr faire Trennungen und gelingende Neuorientierung","breadcrumb":{"@id":"https:\/\/newplace.ch\/eine-kuendigung-zu-verarbeiten-braucht-zeit-und-unterstuetzung\/#breadcrumb"},"inLanguage":"fr-FR","potentialAction":[{"@type":"ReadAction","target":["https:\/\/newplace.ch\/eine-kuendigung-zu-verarbeiten-braucht-zeit-und-unterstuetzung\/"]}]},{"@type":"BreadcrumbList","@id":"https:\/\/newplace.ch\/eine-kuendigung-zu-verarbeiten-braucht-zeit-und-unterstuetzung\/#breadcrumb","itemListElement":[{"@type":"ListItem","position":1,"name":"Startseite","item":"https:\/\/newplace.ch\/"},{"@type":"ListItem","position":2,"name":"Eine K\u00fcndigung zu verarbeiten braucht Zeit und Unterst\u00fctzung"}]},{"@type":"WebSite","@id":"https:\/\/newplace.ch\/#website","url":"https:\/\/newplace.ch\/","name":"newplace","description":"","publisher":{"@id":"https:\/\/newplace.ch\/#organization"},"potentialAction":[{"@type":"SearchAction","target":{"@type":"EntryPoint","urlTemplate":"https:\/\/newplace.ch\/?s={search_term_string}"},"query-input":{"@type":"PropertyValueSpecification","valueRequired":true,"valueName":"search_term_string"}}],"inLanguage":"fr-FR"},{"@type":"Organization","@id":"https:\/\/newplace.ch\/#organization","name":"newplace AG","url":"https:\/\/newplace.ch\/","logo":{"@type":"ImageObject","inLanguage":"fr-FR","@id":"https:\/\/newplace.ch\/#\/schema\/logo\/image\/","url":"https:\/\/newplace.ch\/wp-content\/uploads\/2025\/02\/newplace.svg","contentUrl":"https:\/\/newplace.ch\/wp-content\/uploads\/2025\/02\/newplace.svg","width":345,"height":120,"caption":"newplace AG"},"image":{"@id":"https:\/\/newplace.ch\/#\/schema\/logo\/image\/"},"sameAs":["https:\/\/www.linkedin.com\/company\/newplace-ag"]},{"@type":"Person","@id":"https:\/\/newplace.ch\/#\/schema\/person\/f60d3b078c64d17e55733cd5e71a8430","name":"Cornelia Steffen","image":{"@type":"ImageObject","inLanguage":"fr-FR","@id":"https:\/\/secure.gravatar.com\/avatar\/aebe96983ca916db533ec4d57d4b633cd240f4c19f0c5662c1baea7faa9666e1?s=96&d=mm&r=g","url":"https:\/\/secure.gravatar.com\/avatar\/aebe96983ca916db533ec4d57d4b633cd240f4c19f0c5662c1baea7faa9666e1?s=96&d=mm&r=g","contentUrl":"https:\/\/secure.gravatar.com\/avatar\/aebe96983ca916db533ec4d57d4b633cd240f4c19f0c5662c1baea7faa9666e1?s=96&d=mm&r=g","caption":"Cornelia Steffen"}}]}},"_links":{"self":[{"href":"https:\/\/newplace.ch\/fr\/wp-json\/wp\/v2\/posts\/5435","targetHints":{"allow":["GET"]}}],"collection":[{"href":"https:\/\/newplace.ch\/fr\/wp-json\/wp\/v2\/posts"}],"about":[{"href":"https:\/\/newplace.ch\/fr\/wp-json\/wp\/v2\/types\/post"}],"author":[{"embeddable":true,"href":"https:\/\/newplace.ch\/fr\/wp-json\/wp\/v2\/users\/6"}],"replies":[{"embeddable":true,"href":"https:\/\/newplace.ch\/fr\/wp-json\/wp\/v2\/comments?post=5435"}],"version-history":[{"count":8,"href":"https:\/\/newplace.ch\/fr\/wp-json\/wp\/v2\/posts\/5435\/revisions"}],"predecessor-version":[{"id":5447,"href":"https:\/\/newplace.ch\/fr\/wp-json\/wp\/v2\/posts\/5435\/revisions\/5447"}],"wp:attachment":[{"href":"https:\/\/newplace.ch\/fr\/wp-json\/wp\/v2\/media?parent=5435"}],"wp:term":[{"taxonomy":"category","embeddable":true,"href":"https:\/\/newplace.ch\/fr\/wp-json\/wp\/v2\/categories?post=5435"},{"taxonomy":"post_tag","embeddable":true,"href":"https:\/\/newplace.ch\/fr\/wp-json\/wp\/v2\/tags?post=5435"}],"curies":[{"name":"wp","href":"https:\/\/api.w.org\/{rel}","templated":true}]}}