{"id":5154,"date":"2025-06-05T05:16:00","date_gmt":"2025-06-05T05:16:00","guid":{"rendered":"https:\/\/newplace.ch\/?p=5154"},"modified":"2025-05-05T11:20:00","modified_gmt":"2025-05-05T11:20:00","slug":"trennungsprozesse-fair-gestalten","status":"publish","type":"post","link":"https:\/\/newplace.ch\/fr\/trennungsprozesse-fair-gestalten\/","title":{"rendered":"Rendre les processus de s\u00e9paration \u00e9quitables"},"content":{"rendered":"<p><strong>R\u00e9aliser des opportunit\u00e9s pour les entreprises et les personnes concern\u00e9es. - Article d'Abdullah Redzepi et Michael Hasler dans s\u00fcdostschweizjobs.ch<\/strong><\/p>\n\n\n\n<p>Les s\u00e9parations dans la vie professionnelle font partie des t\u00e2ches les plus exigeantes - pour les entreprises, les cadres et les collaborateurs. En organisant consciemment ces processus et en permettant un accompagnement individuel, on cr\u00e9e la confiance, on pr\u00e9serve le respect et on ouvre la porte \u00e0 de nouvelles opportunit\u00e9s des deux c\u00f4t\u00e9s.<\/p>\n\n\n\n<p><strong>Montrer de l'estime en partant<\/strong><\/p>\n\n\n\n<p>Les s\u00e9parations font partie int\u00e9grante du quotidien professionnel et sont pourtant li\u00e9es \u00e0 des \u00e9motions intenses. Elles ne concernent pas seulement les collaborateurs licenci\u00e9s, mais aussi l'\u00e9quipe restante et marquent durablement la culture d'entreprise. Un processus de s\u00e9paration respectueux et clairement structur\u00e9 minimise la charge \u00e9motionnelle, prot\u00e8ge la confiance et la stabilit\u00e9 dans l'entreprise et renforce la marque employeur. Au lieu de l'incertitude et de la frustration, il y a de la place pour l'ouverture, l'\u00e9quit\u00e9 et une nouvelle confiance.<\/p>\n\n\n\n<p><strong>Soutenir les cadres de mani\u00e8re cibl\u00e9e<\/strong><\/p>\n\n\n\n<p>Lors des processus de s\u00e9paration, les cadres se trouvent souvent au centre et en m\u00eame temps entre les int\u00e9r\u00eats de l'entreprise et leur implication personnelle. Sans soutien appropri\u00e9, beaucoup se sentent d\u00e9pass\u00e9s dans cette situation. Gr\u00e2ce \u00e0 des formations cibl\u00e9es, des guides clairs et un coaching individuel, les cadres gagnent en assurance pour mener des entretiens de licenciement de mani\u00e8re empathique, respectueuse et juridiquement s\u00fbre. En accompagnant les cadres sur cette voie, on renforce non seulement durablement les collaborateurs concern\u00e9s, mais on d\u00e9veloppe aussi substantiellement sa propre qualit\u00e9 de direction.<\/p>\n\n\n\n<p><strong>Accompagner activement les collaborateurs dans leur r\u00e9orientation<\/strong><\/p>\n\n\n\n<p>Pour les collaborateurs licenci\u00e9s, la perte de leur emploi est souvent synonyme de rupture profonde. Les entreprises qui proposent un accompagnement d'outplacement ou de newplacement font preuve de responsabilit\u00e9 au-del\u00e0 de la relation de travail et participent activement \u00e0 l'organisation de la s\u00e9paration. Des conseils individuels, un coaching de candidature et des coachings de r\u00e9orientation professionnelle aident \u00e0 r\u00e9duire les incertitudes et \u00e0 d\u00e9velopper de nouvelles perspectives. Les entreprises envoient ainsi un signal fort d'estime et permettent un nouveau d\u00e9part courageux et confiant. En m\u00eame temps, les \u00e9quipes restantes reconnaissent que leur employeur ne se contente pas de promettre de l'attention, mais qu'il la vit activement.<\/p>\n\n\n\n<p><strong>Consid\u00e9rer la s\u00e9paration comme une opportunit\u00e9 de cr\u00e9ation<\/strong><\/p>\n\n\n\n<p>Une s\u00e9paration organis\u00e9e de mani\u00e8re professionnelle offre \u00e0 toutes les parties concern\u00e9es une chance de croissance et de d\u00e9veloppement. Les entreprises r\u00e9affirment leurs valeurs et renforcent \u00e0 long terme leur r\u00e9putation d'employeur responsable. Les cadres d\u00e9veloppent leurs capacit\u00e9s d'empathie et apprennent \u00e0 mener des entretiens difficiles de mani\u00e8re constructive. Et les collaborateurs concern\u00e9s re\u00e7oivent le soutien dont ils ont besoin pour s'engager dans de nouvelles voies. Consid\u00e9rer les s\u00e9parations comme faisant partie d'une vie professionnelle dynamique permet de cr\u00e9er un environnement dans lequel le changement n'est pas redout\u00e9, mais saisi comme une opportunit\u00e9.<\/p>\n\n\n\n<p><strong>Conclusion<\/strong><\/p>\n\n\n\n<p>La culture de la s\u00e9paration est une culture d'entreprise v\u00e9cue. La mani\u00e8re dont les entreprises agissent dans les moments difficiles montre si leurs valeurs portent vraiment. Une s\u00e9paration respectueuse et accompagn\u00e9e de mani\u00e8re professionnelle prot\u00e8ge les relations, renforce la motivation des \u00e9quipes restantes et assure la p\u00e9rennit\u00e9 de l'entreprise. Celui qui rend l'\u00e9quit\u00e9 et l'estime visibles m\u00eame au moment du d\u00e9part gagne non seulement la loyaut\u00e9, mais aussi la confiance bien au-del\u00e0 du moment pr\u00e9sent.<\/p>\n\n\n\n<p><\/p>\n\n\n\n<p><\/p>\n\n\n\n<p><strong>Cela pourrait aussi vous int\u00e9resser :<\/strong><\/p>\n\n\n\n<ul class=\"wp-block-list\">\n<li><a href=\"https:\/\/newplace.ch\/fr\/loopings\/\">Loopings met en r\u00e9seau tout ce qui concerne le travail avec 45+.<\/a><\/li>\n\n\n\n<li><a href=\"https:\/\/newplace.ch\/fr\/survivors-reorganisation\/\">Les \"survivants\" sont souvent perdus lors des mesures de r\u00e9organisation<\/a><\/li>\n\n\n\n<li><a href=\"https:\/\/newplace.ch\/fr\/gruende-outplacement-arbeitnehmer\/\">L'outplacement, une valeur ajout\u00e9e pour les travailleurs<\/a><\/li>\n<\/ul>\n\n\n\n<p><\/p>","protected":false},"excerpt":{"rendered":"<p>Chancen f\u00fcr Unternehmen und Betroffene realisieren. \u2013 Artikel von Abdullah Redzepi und Michael Hasler in s\u00fcdostschweizjobs.ch Trennungen im Berufsleben geh\u00f6ren zu den anspruchsvollsten Aufgaben \u2013 f\u00fcr Unternehmen, F\u00fchrungskr\u00e4fte und Mitarbeitende. Wer diese Prozesse bewusst gestaltet und eine individuelle Begleitung erm\u00f6glicht, schafft Vertrauen, wahrt den Respekt und \u00f6ffnet die T\u00fcr zu neuen Chancen auf beiden Seiten. [&hellip;]<\/p>\n","protected":false},"author":3,"featured_media":0,"comment_status":"closed","ping_status":"closed","sticky":false,"template":"","format":"standard","meta":{"_acf_changed":false,"footnotes":""},"categories":[1],"tags":[],"class_list":["post-5154","post","type-post","status-publish","format-standard","hentry","category-uncategorized"],"acf":[],"yoast_head":"<!-- This site is optimized with the Yoast SEO plugin v27.5 - https:\/\/yoast.com\/product\/yoast-seo-wordpress\/ -->\n<title>Trennungsprozesse fair gestalten &#8226; newplace<\/title>\n<meta name=\"robots\" content=\"index, follow, max-snippet:-1, max-image-preview:large, max-video-preview:-1\" \/>\n<link rel=\"canonical\" href=\"https:\/\/newplace.ch\/fr\/trennungsprozesse-fair-gestalten\/\" \/>\n<meta property=\"og:locale\" content=\"fr_FR\" \/>\n<meta property=\"og:type\" content=\"article\" \/>\n<meta property=\"og:title\" content=\"Trennungsprozesse fair gestalten &#8226; newplace\" \/>\n<meta property=\"og:description\" content=\"Chancen f\u00fcr Unternehmen und Betroffene realisieren. \u2013 Artikel von Abdullah Redzepi und Michael Hasler in s\u00fcdostschweizjobs.ch Trennungen im Berufsleben geh\u00f6ren zu den anspruchsvollsten Aufgaben \u2013 f\u00fcr Unternehmen, F\u00fchrungskr\u00e4fte und Mitarbeitende. Wer diese Prozesse bewusst gestaltet und eine individuelle Begleitung erm\u00f6glicht, schafft Vertrauen, wahrt den Respekt und \u00f6ffnet die T\u00fcr zu neuen Chancen auf beiden Seiten. [&hellip;]\" \/>\n<meta property=\"og:url\" content=\"https:\/\/newplace.ch\/fr\/trennungsprozesse-fair-gestalten\/\" \/>\n<meta property=\"og:site_name\" content=\"newplace\" \/>\n<meta property=\"article:published_time\" content=\"2025-06-05T05:16:00+00:00\" \/>\n<meta name=\"author\" content=\"Eve Kaiser\" \/>\n<meta name=\"twitter:card\" content=\"summary_large_image\" \/>\n<script type=\"application\/ld+json\" class=\"yoast-schema-graph\">{\"@context\":\"https:\\\/\\\/schema.org\",\"@graph\":[{\"@type\":\"Article\",\"@id\":\"https:\\\/\\\/newplace.ch\\\/trennungsprozesse-fair-gestalten\\\/#article\",\"isPartOf\":{\"@id\":\"https:\\\/\\\/newplace.ch\\\/trennungsprozesse-fair-gestalten\\\/\"},\"author\":{\"name\":\"Eve Kaiser\",\"@id\":\"https:\\\/\\\/newplace.ch\\\/#\\\/schema\\\/person\\\/4fb9d1c27d6b96b5b88d45e150fa59aa\"},\"headline\":\"Trennungsprozesse fair gestalten\",\"datePublished\":\"2025-06-05T05:16:00+00:00\",\"mainEntityOfPage\":{\"@id\":\"https:\\\/\\\/newplace.ch\\\/trennungsprozesse-fair-gestalten\\\/\"},\"wordCount\":490,\"publisher\":{\"@id\":\"https:\\\/\\\/newplace.ch\\\/#organization\"},\"articleSection\":[\"Uncategorized\"],\"inLanguage\":\"fr-FR\"},{\"@type\":\"WebPage\",\"@id\":\"https:\\\/\\\/newplace.ch\\\/trennungsprozesse-fair-gestalten\\\/\",\"url\":\"https:\\\/\\\/newplace.ch\\\/trennungsprozesse-fair-gestalten\\\/\",\"name\":\"Trennungsprozesse fair gestalten &#8226; newplace\",\"isPartOf\":{\"@id\":\"https:\\\/\\\/newplace.ch\\\/#website\"},\"datePublished\":\"2025-06-05T05:16:00+00:00\",\"breadcrumb\":{\"@id\":\"https:\\\/\\\/newplace.ch\\\/trennungsprozesse-fair-gestalten\\\/#breadcrumb\"},\"inLanguage\":\"fr-FR\",\"potentialAction\":[{\"@type\":\"ReadAction\",\"target\":[\"https:\\\/\\\/newplace.ch\\\/trennungsprozesse-fair-gestalten\\\/\"]}]},{\"@type\":\"BreadcrumbList\",\"@id\":\"https:\\\/\\\/newplace.ch\\\/trennungsprozesse-fair-gestalten\\\/#breadcrumb\",\"itemListElement\":[{\"@type\":\"ListItem\",\"position\":1,\"name\":\"Startseite\",\"item\":\"https:\\\/\\\/newplace.ch\\\/\"},{\"@type\":\"ListItem\",\"position\":2,\"name\":\"Trennungsprozesse fair gestalten\"}]},{\"@type\":\"WebSite\",\"@id\":\"https:\\\/\\\/newplace.ch\\\/#website\",\"url\":\"https:\\\/\\\/newplace.ch\\\/\",\"name\":\"newplace\",\"description\":\"\",\"publisher\":{\"@id\":\"https:\\\/\\\/newplace.ch\\\/#organization\"},\"potentialAction\":[{\"@type\":\"SearchAction\",\"target\":{\"@type\":\"EntryPoint\",\"urlTemplate\":\"https:\\\/\\\/newplace.ch\\\/?s={search_term_string}\"},\"query-input\":{\"@type\":\"PropertyValueSpecification\",\"valueRequired\":true,\"valueName\":\"search_term_string\"}}],\"inLanguage\":\"fr-FR\"},{\"@type\":\"Organization\",\"@id\":\"https:\\\/\\\/newplace.ch\\\/#organization\",\"name\":\"newplace AG\",\"url\":\"https:\\\/\\\/newplace.ch\\\/\",\"logo\":{\"@type\":\"ImageObject\",\"inLanguage\":\"fr-FR\",\"@id\":\"https:\\\/\\\/newplace.ch\\\/#\\\/schema\\\/logo\\\/image\\\/\",\"url\":\"https:\\\/\\\/newplace.ch\\\/wp-content\\\/uploads\\\/2025\\\/02\\\/newplace.svg\",\"contentUrl\":\"https:\\\/\\\/newplace.ch\\\/wp-content\\\/uploads\\\/2025\\\/02\\\/newplace.svg\",\"width\":345,\"height\":120,\"caption\":\"newplace AG\"},\"image\":{\"@id\":\"https:\\\/\\\/newplace.ch\\\/#\\\/schema\\\/logo\\\/image\\\/\"},\"sameAs\":[\"https:\\\/\\\/www.linkedin.com\\\/company\\\/newplace-ag\"]},{\"@type\":\"Person\",\"@id\":\"https:\\\/\\\/newplace.ch\\\/#\\\/schema\\\/person\\\/4fb9d1c27d6b96b5b88d45e150fa59aa\",\"name\":\"Eve Kaiser\",\"image\":{\"@type\":\"ImageObject\",\"inLanguage\":\"fr-FR\",\"@id\":\"https:\\\/\\\/secure.gravatar.com\\\/avatar\\\/7c2d6d328de78931d92c8d6e08d766db4ba97f53879eaba54c71747faeed578d?s=96&d=mm&r=g\",\"url\":\"https:\\\/\\\/secure.gravatar.com\\\/avatar\\\/7c2d6d328de78931d92c8d6e08d766db4ba97f53879eaba54c71747faeed578d?s=96&d=mm&r=g\",\"contentUrl\":\"https:\\\/\\\/secure.gravatar.com\\\/avatar\\\/7c2d6d328de78931d92c8d6e08d766db4ba97f53879eaba54c71747faeed578d?s=96&d=mm&r=g\",\"caption\":\"Eve Kaiser\"}}]}<\/script>\n<!-- \/ Yoast SEO plugin. -->","yoast_head_json":{"title":"Trennungsprozesse fair gestalten &#8226; newplace","robots":{"index":"index","follow":"follow","max-snippet":"max-snippet:-1","max-image-preview":"max-image-preview:large","max-video-preview":"max-video-preview:-1"},"canonical":"https:\/\/newplace.ch\/fr\/trennungsprozesse-fair-gestalten\/","og_locale":"fr_FR","og_type":"article","og_title":"Trennungsprozesse fair gestalten &#8226; newplace","og_description":"Chancen f\u00fcr Unternehmen und Betroffene realisieren. \u2013 Artikel von Abdullah Redzepi und Michael Hasler in s\u00fcdostschweizjobs.ch Trennungen im Berufsleben geh\u00f6ren zu den anspruchsvollsten Aufgaben \u2013 f\u00fcr Unternehmen, F\u00fchrungskr\u00e4fte und Mitarbeitende. Wer diese Prozesse bewusst gestaltet und eine individuelle Begleitung erm\u00f6glicht, schafft Vertrauen, wahrt den Respekt und \u00f6ffnet die T\u00fcr zu neuen Chancen auf beiden Seiten. [&hellip;]","og_url":"https:\/\/newplace.ch\/fr\/trennungsprozesse-fair-gestalten\/","og_site_name":"newplace","article_published_time":"2025-06-05T05:16:00+00:00","author":"Eve Kaiser","twitter_card":"summary_large_image","schema":{"@context":"https:\/\/schema.org","@graph":[{"@type":"Article","@id":"https:\/\/newplace.ch\/trennungsprozesse-fair-gestalten\/#article","isPartOf":{"@id":"https:\/\/newplace.ch\/trennungsprozesse-fair-gestalten\/"},"author":{"name":"Eve Kaiser","@id":"https:\/\/newplace.ch\/#\/schema\/person\/4fb9d1c27d6b96b5b88d45e150fa59aa"},"headline":"Trennungsprozesse fair gestalten","datePublished":"2025-06-05T05:16:00+00:00","mainEntityOfPage":{"@id":"https:\/\/newplace.ch\/trennungsprozesse-fair-gestalten\/"},"wordCount":490,"publisher":{"@id":"https:\/\/newplace.ch\/#organization"},"articleSection":["Uncategorized"],"inLanguage":"fr-FR"},{"@type":"WebPage","@id":"https:\/\/newplace.ch\/trennungsprozesse-fair-gestalten\/","url":"https:\/\/newplace.ch\/trennungsprozesse-fair-gestalten\/","name":"Trennungsprozesse fair gestalten &#8226; newplace","isPartOf":{"@id":"https:\/\/newplace.ch\/#website"},"datePublished":"2025-06-05T05:16:00+00:00","breadcrumb":{"@id":"https:\/\/newplace.ch\/trennungsprozesse-fair-gestalten\/#breadcrumb"},"inLanguage":"fr-FR","potentialAction":[{"@type":"ReadAction","target":["https:\/\/newplace.ch\/trennungsprozesse-fair-gestalten\/"]}]},{"@type":"BreadcrumbList","@id":"https:\/\/newplace.ch\/trennungsprozesse-fair-gestalten\/#breadcrumb","itemListElement":[{"@type":"ListItem","position":1,"name":"Startseite","item":"https:\/\/newplace.ch\/"},{"@type":"ListItem","position":2,"name":"Trennungsprozesse fair gestalten"}]},{"@type":"WebSite","@id":"https:\/\/newplace.ch\/#website","url":"https:\/\/newplace.ch\/","name":"newplace","description":"","publisher":{"@id":"https:\/\/newplace.ch\/#organization"},"potentialAction":[{"@type":"SearchAction","target":{"@type":"EntryPoint","urlTemplate":"https:\/\/newplace.ch\/?s={search_term_string}"},"query-input":{"@type":"PropertyValueSpecification","valueRequired":true,"valueName":"search_term_string"}}],"inLanguage":"fr-FR"},{"@type":"Organization","@id":"https:\/\/newplace.ch\/#organization","name":"newplace AG","url":"https:\/\/newplace.ch\/","logo":{"@type":"ImageObject","inLanguage":"fr-FR","@id":"https:\/\/newplace.ch\/#\/schema\/logo\/image\/","url":"https:\/\/newplace.ch\/wp-content\/uploads\/2025\/02\/newplace.svg","contentUrl":"https:\/\/newplace.ch\/wp-content\/uploads\/2025\/02\/newplace.svg","width":345,"height":120,"caption":"newplace AG"},"image":{"@id":"https:\/\/newplace.ch\/#\/schema\/logo\/image\/"},"sameAs":["https:\/\/www.linkedin.com\/company\/newplace-ag"]},{"@type":"Person","@id":"https:\/\/newplace.ch\/#\/schema\/person\/4fb9d1c27d6b96b5b88d45e150fa59aa","name":"Eve Kaiser","image":{"@type":"ImageObject","inLanguage":"fr-FR","@id":"https:\/\/secure.gravatar.com\/avatar\/7c2d6d328de78931d92c8d6e08d766db4ba97f53879eaba54c71747faeed578d?s=96&d=mm&r=g","url":"https:\/\/secure.gravatar.com\/avatar\/7c2d6d328de78931d92c8d6e08d766db4ba97f53879eaba54c71747faeed578d?s=96&d=mm&r=g","contentUrl":"https:\/\/secure.gravatar.com\/avatar\/7c2d6d328de78931d92c8d6e08d766db4ba97f53879eaba54c71747faeed578d?s=96&d=mm&r=g","caption":"Eve Kaiser"}}]}},"_links":{"self":[{"href":"https:\/\/newplace.ch\/fr\/wp-json\/wp\/v2\/posts\/5154","targetHints":{"allow":["GET"]}}],"collection":[{"href":"https:\/\/newplace.ch\/fr\/wp-json\/wp\/v2\/posts"}],"about":[{"href":"https:\/\/newplace.ch\/fr\/wp-json\/wp\/v2\/types\/post"}],"author":[{"embeddable":true,"href":"https:\/\/newplace.ch\/fr\/wp-json\/wp\/v2\/users\/3"}],"replies":[{"embeddable":true,"href":"https:\/\/newplace.ch\/fr\/wp-json\/wp\/v2\/comments?post=5154"}],"version-history":[{"count":1,"href":"https:\/\/newplace.ch\/fr\/wp-json\/wp\/v2\/posts\/5154\/revisions"}],"predecessor-version":[{"id":5155,"href":"https:\/\/newplace.ch\/fr\/wp-json\/wp\/v2\/posts\/5154\/revisions\/5155"}],"wp:attachment":[{"href":"https:\/\/newplace.ch\/fr\/wp-json\/wp\/v2\/media?parent=5154"}],"wp:term":[{"taxonomy":"category","embeddable":true,"href":"https:\/\/newplace.ch\/fr\/wp-json\/wp\/v2\/categories?post=5154"},{"taxonomy":"post_tag","embeddable":true,"href":"https:\/\/newplace.ch\/fr\/wp-json\/wp\/v2\/tags?post=5154"}],"curies":[{"name":"wp","href":"https:\/\/api.w.org\/{rel}","templated":true}]}}