{"id":4226,"date":"2025-01-09T13:30:59","date_gmt":"2025-01-09T13:30:59","guid":{"rendered":"https:\/\/www.newplace.ch\/?p=4226"},"modified":"2025-03-27T13:11:40","modified_gmt":"2025-03-27T13:11:40","slug":"einbindung-von-stakeholdern-schluessel-zum-erfolgreichen-trennungsmanagement","status":"publish","type":"post","link":"https:\/\/newplace.ch\/fr\/einbindung-von-stakeholdern-schluessel-zum-erfolgreichen-trennungsmanagement\/","title":{"rendered":"Implication des parties prenantes : la cl\u00e9 d'une gestion r\u00e9ussie de la s\u00e9paration"},"content":{"rendered":"<div class=\"wpb_text_column wpb_content_element\">\n<div class=\"wpb_wrapper\">\n<p>Les restructurations et les licenciements sont souvent in\u00e9vitables dans le monde du travail actuel, mais ils exigent une approche sensible des personnes concern\u00e9es. Une culture de la s\u00e9paration respectueuse est essentielle pour \u00e9viter des r\u00e9percussions n\u00e9gatives \u00e0 long terme sur l'entreprise et ses collaborateurs. Dans cet article, nous mettons en lumi\u00e8re la mani\u00e8re dont l'implication pr\u00e9coce de toutes les parties prenantes pertinentes peut contribuer \u00e0 rendre le processus de s\u00e9paration \u00e9quitable, transparent et humain.<\/p>\n<p><strong>Des s\u00e9parations respectueuses : Priorit\u00e9 \u00e0 l'humanit\u00e9<\/strong><\/p>\n<p>Dans le monde du travail dynamique d'aujourd'hui, les restructurations et les r\u00e9ductions de personnel font partie de la r\u00e9alit\u00e9 de nombreuses entreprises. Mais ce sont justement ces processus qui posent de grands d\u00e9fis aux cadres et aux responsables RH. Les s\u00e9parations sont souvent n\u00e9cessaires, mais elles exigent non seulement une analyse approfondie de l'entreprise, mais aussi une prise en compte sensible de la situation individuelle des personnes concern\u00e9es. La composante humaine joue ici un r\u00f4le central. Une approche respectueuse tout au long du processus de s\u00e9paration est essentielle pour pr\u00e9server la cohabitation apr\u00e8s la s\u00e9paration.<\/p>\n<\/div>\n<\/div>\n<div class=\"vc_empty_space\"><\/div>\n<div class=\"wpb_text_column wpb_content_element\">\n<div class=\"wpb_wrapper\">\n<p><strong>L'analyse des parties prenantes comme facteur de r\u00e9ussite dans la gestion des s\u00e9parations<\/strong><\/p>\n<p>Une gestion des s\u00e9parations bien pens\u00e9e est tout aussi importante qu'une int\u00e9gration soigneusement planifi\u00e9e des nouveaux collaborateurs. Le processus ne doit pas seulement r\u00e9pondre \u00e0 des d\u00e9fis aigus, mais \u00eatre con\u00e7u \u00e0 l'avance avec respect et empathie. Les s\u00e9parations r\u00e9ussies commencent bien avant le licenciement et n\u00e9cessitent une vision \u00e0 long terme pour s'assurer que le d\u00e9part se d\u00e9roule de mani\u00e8re juste et humaine.<\/p>\n<p>Une analyse des parties prenantes est un outil d\u00e9cisif \u00e0 cet \u00e9gard. Elle permet d'identifier tous les groupes d'int\u00e9r\u00eat pertinents et d'int\u00e9grer leurs besoins dans le processus. Il est ainsi possible d'identifier \u00e0 temps les conflits potentiels, de d\u00e9velopper des strat\u00e9gies de communication adapt\u00e9es et de prendre des mesures qui rendent le processus de s\u00e9paration plus socialement acceptable.<\/p>\n<p>Une analyse cibl\u00e9e permet de garantir que toutes les personnes concern\u00e9es sont inform\u00e9es \u00e0 temps. Cela r\u00e9duit les incertitudes et augmente l'acceptation de la s\u00e9paration. De plus, les risques peuvent \u00eatre minimis\u00e9s et les effets n\u00e9gatifs sur la culture d'entreprise att\u00e9nu\u00e9s. Au final, l'analyse des parties prenantes garantit que le processus de s\u00e9paration se d\u00e9roule de mani\u00e8re plus efficace, plus transparente et plus humaine.<\/p>\n<\/div>\n<\/div>\n<div class=\"vc_empty_space\"><\/div>\n<div class=\"wpb_text_column wpb_content_element\">\n<div class=\"wpb_wrapper\">\n<p><strong>Les parties prenantes d'un processus de s\u00e9paration<\/strong><\/p>\n<p>Les acteurs centraux d'un processus de s\u00e9paration sont les cadres, les responsables RH, les collaborateurs licenci\u00e9s et les \"survivants\" - c'est-\u00e0-dire ceux qui restent dans l'entreprise. Ils ressentent tous les cons\u00e9quences directes du processus.<\/p>\n<p>Des groupes moins \u00e9vidents jouent \u00e9galement un r\u00f4le important et sont souvent n\u00e9glig\u00e9s. Les membres de la famille, le public et les m\u00e9dias influencent l'image de l'entreprise, car leur perception et leurs r\u00e9actions peuvent marquer durablement l'image ext\u00e9rieure de l'entreprise - un aspect souvent sous-estim\u00e9 dans la planification des r\u00e9organisations.<\/p>\n<p>Les parties prenantes directes et indirectes sont confront\u00e9es \u00e0 diff\u00e9rents d\u00e9fis avant, pendant et apr\u00e8s une restructuration impliquant des licenciements, notamment sur le plan personnel et humain. Les d\u00e9fis typiques pour les principaux groupes de parties prenantes sont d\u00e9crits ci-dessous.<\/p>\n<\/div>\n<\/div>\n<div class=\"vc_empty_space\"><\/div>\n<div class=\"wpb_text_column wpb_content_element\">\n<div class=\"wpb_wrapper\">\n<p><strong>Cadres &amp; responsables RH<\/strong><\/p>\n<p>Les entretiens de licenciement font partie des t\u00e2ches les plus difficiles pour un cadre. Pour les cadres et les RH, les licenciements ne sont pas seulement lourds sur le plan \u00e9motionnel, ils sont aussi exigeants sur le plan logistique. Ils doivent maintenir l'activit\u00e9 tout en offrant un soutien aux \"survivants\". On sous-estime souvent la complexit\u00e9 de tels processus et leur impact sur toutes les personnes concern\u00e9es.<\/p>\n<p>Les dirigeants sont confront\u00e9s au d\u00e9fi de prendre des d\u00e9cisions qui tiennent compte \u00e0 la fois des int\u00e9r\u00eats \u00e9conomiques de l'entreprise et des besoins des collaborateurs concern\u00e9s. Dans de telles situations, une communication claire et empathique ainsi qu'une approche respectueuse sont essentielles pour que le processus de s\u00e9paration se d\u00e9roule de mani\u00e8re humaine, respectueuse et professionnelle.<\/p>\n<\/div>\n<\/div>\n<div class=\"vc_empty_space\"><\/div>\n<div class=\"wpb_text_column wpb_content_element\">\n<div class=\"wpb_wrapper\">\n<p><strong>Personne cong\u00e9di\u00e9e<\/strong><\/p>\n<p>Un licenciement est un d\u00e9fi profond pour la plupart des gens. Outre l'incertitude financi\u00e8re, c'est une grande partie de leur identit\u00e9 de vie qui peut dispara\u00eetre, car de nombreux collaborateurs sont fortement li\u00e9s \u00e0 leur entreprise. Souvent, ce n'est pas le licenciement lui-m\u00eame qui est le plus douloureux, mais la mani\u00e8re dont il est effectu\u00e9. En l'absence d'empathie et de respect, il subsiste de profondes blessures \u00e9motionnelles qui ternissent l'image de l'entreprise et rendent l'assimilation plus difficile. Pour faciliter cette transition et m\u00e9nager l'image personnelle et professionnelle de soi, il est indispensable d'organiser le processus de licenciement avec empathie et respect.<\/p>\n<p><strong>Collaborateurs restants \"Survivors<\/strong><\/p>\n<p>Les \"survivants\" sont d\u00e9cisifs pour le succ\u00e8s futur d'une entreprise, a fortiori en temps de crise. Ils luttent toutefois contre les peurs, l'ins\u00e9curit\u00e9, un stress accru, un sentiment de culpabilit\u00e9 vis-\u00e0-vis des coll\u00e8gues licenci\u00e9s. S'y ajoutent souvent des tensions internes qui, dans les cas extr\u00eames, peuvent souvent conduire \u00e0 une incapacit\u00e9 de travail ou \u00e0 un burnout.<\/p>\n<p>Les entreprises doivent agir \u00e0 temps : Une communication claire sur les restructurations, la reconnaissance des efforts suppl\u00e9mentaires et l'implication active des collaborateurs sont essentielles. Les cadres sont bien avis\u00e9s de proc\u00e9der \u00e0 des ajustements visibles \u00e0 court terme et de r\u00e9agir avec empathie aux changements afin de renforcer la confiance, la motivation et la r\u00e9silience.<\/p>\n<\/div>\n<\/div>\n<div class=\"vc_empty_space\"><\/div>\n<div class=\"wpb_text_column wpb_content_element\">\n<div class=\"wpb_wrapper\">\n<p><strong>Autres parties prenantes<\/strong><\/p>\n<p>Les parties prenantes indirectes jouent \u00e9galement un r\u00f4le important dans le processus de licenciement et peuvent influencer consid\u00e9rablement le succ\u00e8s d'une r\u00e9organisation. Les membres de la famille des collaborateurs licenci\u00e9s sont soumis \u00e0 une forte pression \u00e9motionnelle et financi\u00e8re, ce qui peut peser sur l'environnement priv\u00e9.<\/p>\n<p>La couverture m\u00e9diatique est \u00e9galement d\u00e9terminante : si le processus est per\u00e7u comme in\u00e9quitable, cela peut nuire \u00e0 l'image de l'entreprise et affaiblir sa marque employeur. Cela permet aux concurrents de d\u00e9baucher plus facilement les talents.<\/p>\n<p>Les acteurs politiques pourraient intervenir si les r\u00e9percussions r\u00e9gionales sont graves. Au niveau d'une commune, la perte d'emploi peut peser sur le tissu social et l'\u00e9conomie. M\u00eame si ces groupes ne sont pas directement impliqu\u00e9s, leurs r\u00e9actions peuvent fortement influencer le succ\u00e8s de la r\u00e9organisation. Il est donc important de les prendre en compte de mani\u00e8re ad\u00e9quate afin d'\u00e9viter des cons\u00e9quences n\u00e9gatives inattendues.<\/p>\n<p><strong>Conclusion<\/strong><\/p>\n<p>Une culture de la s\u00e9paration r\u00e9ussie n\u00e9cessite l'implication active et pr\u00e9coce de toutes les parties prenantes pertinentes. C'est la seule fa\u00e7on de rendre le processus de s\u00e9paration transparent, \u00e9quitable et valorisant. Il est essentiel de prendre en compte les besoins des personnes directement concern\u00e9es et des parties prenantes indirectes. Une communication respectueuse et un traitement \u00e9quitable contribuent non seulement \u00e0 minimiser les effets n\u00e9gatifs, mais aussi \u00e0 pr\u00e9server la confiance dans l'entreprise et \u00e0 assurer son succ\u00e8s \u00e0 long terme.<\/p>\n<\/div>\n<\/div>\n<div class=\"vc_empty_space\"><\/div>\n<div class=\"vc_empty_space\"><\/div>\n<div class=\"wpb_text_column wpb_content_element\">\n<div class=\"wpb_wrapper\">\n<p><strong>Cela pourrait aussi vous int\u00e9resser :<\/strong><\/p>\n<ul>\n<li><a href=\"https:\/\/newplace.ch\/fr\/loopings\/\">Loopings met en r\u00e9seau tout ce qui concerne le travail avec 45+.<\/a><\/li>\n<li><a href=\"https:\/\/newplace.ch\/fr\/survivors-reorganisation\/\">Les \"survivants\" sont souvent perdus lors des mesures de r\u00e9organisation<\/a><\/li>\n<li><a href=\"https:\/\/newplace.ch\/fr\/gruende-outplacement-arbeitnehmer\/\">L'outplacement, une valeur ajout\u00e9e pour les travailleurs<\/a><\/li>\n<\/ul>\n<\/div>\n<\/div>","protected":false},"excerpt":{"rendered":"<p>L'analyse des parties prenantes est un outil d\u00e9cisif dans les processus de s\u00e9paration. Elle permet d'identifier toutes les parties prenantes pertinentes et d'int\u00e9grer leurs besoins dans le processus.<\/p>","protected":false},"author":3,"featured_media":0,"comment_status":"open","ping_status":"open","sticky":false,"template":"","format":"standard","meta":{"_acf_changed":false,"footnotes":""},"categories":[1],"tags":[],"class_list":["post-4226","post","type-post","status-publish","format-standard","hentry","category-uncategorized"],"acf":[],"yoast_head":"<!-- This site is optimized with the Yoast SEO plugin v27.5 - https:\/\/yoast.com\/product\/yoast-seo-wordpress\/ -->\n<title>Standortbestimmung und ihr Wert f\u00fcr die eigene Entwicklung<\/title>\n<meta name=\"description\" content=\"Standortbestimmungen und ihr Wert f\u00fcr die pers\u00f6nliche und berufliche Entwicklung - unabh\u00e4ngig vom Alter\" \/>\n<meta name=\"robots\" content=\"index, follow, max-snippet:-1, max-image-preview:large, max-video-preview:-1\" \/>\n<link rel=\"canonical\" href=\"https:\/\/newplace.ch\/fr\/einbindung-von-stakeholdern-schluessel-zum-erfolgreichen-trennungsmanagement\/\" \/>\n<meta property=\"og:locale\" content=\"fr_FR\" \/>\n<meta property=\"og:type\" content=\"article\" \/>\n<meta property=\"og:title\" content=\"Standortbestimmung und ihr Wert f\u00fcr die eigene Entwicklung\" \/>\n<meta property=\"og:description\" content=\"Standortbestimmungen und ihr Wert f\u00fcr die pers\u00f6nliche und berufliche Entwicklung - unabh\u00e4ngig vom Alter\" \/>\n<meta property=\"og:url\" content=\"https:\/\/newplace.ch\/fr\/einbindung-von-stakeholdern-schluessel-zum-erfolgreichen-trennungsmanagement\/\" \/>\n<meta property=\"og:site_name\" content=\"newplace\" \/>\n<meta property=\"article:published_time\" content=\"2025-01-09T13:30:59+00:00\" \/>\n<meta property=\"article:modified_time\" content=\"2025-03-27T13:11:40+00:00\" \/>\n<meta name=\"author\" content=\"Eve Kaiser\" \/>\n<meta name=\"twitter:card\" content=\"summary_large_image\" \/>\n<script type=\"application\/ld+json\" class=\"yoast-schema-graph\">{\"@context\":\"https:\\\/\\\/schema.org\",\"@graph\":[{\"@type\":\"Article\",\"@id\":\"https:\\\/\\\/newplace.ch\\\/einbindung-von-stakeholdern-schluessel-zum-erfolgreichen-trennungsmanagement\\\/#article\",\"isPartOf\":{\"@id\":\"https:\\\/\\\/newplace.ch\\\/einbindung-von-stakeholdern-schluessel-zum-erfolgreichen-trennungsmanagement\\\/\"},\"author\":{\"name\":\"Eve Kaiser\",\"@id\":\"https:\\\/\\\/newplace.ch\\\/#\\\/schema\\\/person\\\/4fb9d1c27d6b96b5b88d45e150fa59aa\"},\"headline\":\"Einbindung von Stakeholdern: Schl\u00fcssel zum erfolgreichen Trennungsmanagement\",\"datePublished\":\"2025-01-09T13:30:59+00:00\",\"dateModified\":\"2025-03-27T13:11:40+00:00\",\"mainEntityOfPage\":{\"@id\":\"https:\\\/\\\/newplace.ch\\\/einbindung-von-stakeholdern-schluessel-zum-erfolgreichen-trennungsmanagement\\\/\"},\"wordCount\":967,\"commentCount\":0,\"publisher\":{\"@id\":\"https:\\\/\\\/newplace.ch\\\/#organization\"},\"articleSection\":[\"Uncategorized\"],\"inLanguage\":\"fr-FR\",\"potentialAction\":[{\"@type\":\"CommentAction\",\"name\":\"Comment\",\"target\":[\"https:\\\/\\\/newplace.ch\\\/einbindung-von-stakeholdern-schluessel-zum-erfolgreichen-trennungsmanagement\\\/#respond\"]}]},{\"@type\":\"WebPage\",\"@id\":\"https:\\\/\\\/newplace.ch\\\/einbindung-von-stakeholdern-schluessel-zum-erfolgreichen-trennungsmanagement\\\/\",\"url\":\"https:\\\/\\\/newplace.ch\\\/einbindung-von-stakeholdern-schluessel-zum-erfolgreichen-trennungsmanagement\\\/\",\"name\":\"Standortbestimmung und ihr Wert f\u00fcr die eigene Entwicklung\",\"isPartOf\":{\"@id\":\"https:\\\/\\\/newplace.ch\\\/#website\"},\"datePublished\":\"2025-01-09T13:30:59+00:00\",\"dateModified\":\"2025-03-27T13:11:40+00:00\",\"description\":\"Standortbestimmungen und ihr Wert f\u00fcr die pers\u00f6nliche und berufliche Entwicklung - unabh\u00e4ngig vom Alter\",\"breadcrumb\":{\"@id\":\"https:\\\/\\\/newplace.ch\\\/einbindung-von-stakeholdern-schluessel-zum-erfolgreichen-trennungsmanagement\\\/#breadcrumb\"},\"inLanguage\":\"fr-FR\",\"potentialAction\":[{\"@type\":\"ReadAction\",\"target\":[\"https:\\\/\\\/newplace.ch\\\/einbindung-von-stakeholdern-schluessel-zum-erfolgreichen-trennungsmanagement\\\/\"]}]},{\"@type\":\"BreadcrumbList\",\"@id\":\"https:\\\/\\\/newplace.ch\\\/einbindung-von-stakeholdern-schluessel-zum-erfolgreichen-trennungsmanagement\\\/#breadcrumb\",\"itemListElement\":[{\"@type\":\"ListItem\",\"position\":1,\"name\":\"Startseite\",\"item\":\"https:\\\/\\\/newplace.ch\\\/\"},{\"@type\":\"ListItem\",\"position\":2,\"name\":\"Einbindung von Stakeholdern: Schl\u00fcssel zum erfolgreichen Trennungsmanagement\"}]},{\"@type\":\"WebSite\",\"@id\":\"https:\\\/\\\/newplace.ch\\\/#website\",\"url\":\"https:\\\/\\\/newplace.ch\\\/\",\"name\":\"newplace\",\"description\":\"\",\"publisher\":{\"@id\":\"https:\\\/\\\/newplace.ch\\\/#organization\"},\"potentialAction\":[{\"@type\":\"SearchAction\",\"target\":{\"@type\":\"EntryPoint\",\"urlTemplate\":\"https:\\\/\\\/newplace.ch\\\/?s={search_term_string}\"},\"query-input\":{\"@type\":\"PropertyValueSpecification\",\"valueRequired\":true,\"valueName\":\"search_term_string\"}}],\"inLanguage\":\"fr-FR\"},{\"@type\":\"Organization\",\"@id\":\"https:\\\/\\\/newplace.ch\\\/#organization\",\"name\":\"newplace AG\",\"url\":\"https:\\\/\\\/newplace.ch\\\/\",\"logo\":{\"@type\":\"ImageObject\",\"inLanguage\":\"fr-FR\",\"@id\":\"https:\\\/\\\/newplace.ch\\\/#\\\/schema\\\/logo\\\/image\\\/\",\"url\":\"https:\\\/\\\/newplace.ch\\\/wp-content\\\/uploads\\\/2025\\\/02\\\/newplace.svg\",\"contentUrl\":\"https:\\\/\\\/newplace.ch\\\/wp-content\\\/uploads\\\/2025\\\/02\\\/newplace.svg\",\"width\":345,\"height\":120,\"caption\":\"newplace AG\"},\"image\":{\"@id\":\"https:\\\/\\\/newplace.ch\\\/#\\\/schema\\\/logo\\\/image\\\/\"},\"sameAs\":[\"https:\\\/\\\/www.linkedin.com\\\/company\\\/newplace-ag\"]},{\"@type\":\"Person\",\"@id\":\"https:\\\/\\\/newplace.ch\\\/#\\\/schema\\\/person\\\/4fb9d1c27d6b96b5b88d45e150fa59aa\",\"name\":\"Eve Kaiser\",\"image\":{\"@type\":\"ImageObject\",\"inLanguage\":\"fr-FR\",\"@id\":\"https:\\\/\\\/secure.gravatar.com\\\/avatar\\\/7c2d6d328de78931d92c8d6e08d766db4ba97f53879eaba54c71747faeed578d?s=96&d=mm&r=g\",\"url\":\"https:\\\/\\\/secure.gravatar.com\\\/avatar\\\/7c2d6d328de78931d92c8d6e08d766db4ba97f53879eaba54c71747faeed578d?s=96&d=mm&r=g\",\"contentUrl\":\"https:\\\/\\\/secure.gravatar.com\\\/avatar\\\/7c2d6d328de78931d92c8d6e08d766db4ba97f53879eaba54c71747faeed578d?s=96&d=mm&r=g\",\"caption\":\"Eve Kaiser\"}}]}<\/script>\n<!-- \/ Yoast SEO plugin. -->","yoast_head_json":{"title":"Standortbestimmung und ihr Wert f\u00fcr die eigene Entwicklung","description":"Standortbestimmungen und ihr Wert f\u00fcr die pers\u00f6nliche und berufliche Entwicklung - unabh\u00e4ngig vom Alter","robots":{"index":"index","follow":"follow","max-snippet":"max-snippet:-1","max-image-preview":"max-image-preview:large","max-video-preview":"max-video-preview:-1"},"canonical":"https:\/\/newplace.ch\/fr\/einbindung-von-stakeholdern-schluessel-zum-erfolgreichen-trennungsmanagement\/","og_locale":"fr_FR","og_type":"article","og_title":"Standortbestimmung und ihr Wert f\u00fcr die eigene Entwicklung","og_description":"Standortbestimmungen und ihr Wert f\u00fcr die pers\u00f6nliche und berufliche Entwicklung - unabh\u00e4ngig vom Alter","og_url":"https:\/\/newplace.ch\/fr\/einbindung-von-stakeholdern-schluessel-zum-erfolgreichen-trennungsmanagement\/","og_site_name":"newplace","article_published_time":"2025-01-09T13:30:59+00:00","article_modified_time":"2025-03-27T13:11:40+00:00","author":"Eve Kaiser","twitter_card":"summary_large_image","schema":{"@context":"https:\/\/schema.org","@graph":[{"@type":"Article","@id":"https:\/\/newplace.ch\/einbindung-von-stakeholdern-schluessel-zum-erfolgreichen-trennungsmanagement\/#article","isPartOf":{"@id":"https:\/\/newplace.ch\/einbindung-von-stakeholdern-schluessel-zum-erfolgreichen-trennungsmanagement\/"},"author":{"name":"Eve Kaiser","@id":"https:\/\/newplace.ch\/#\/schema\/person\/4fb9d1c27d6b96b5b88d45e150fa59aa"},"headline":"Einbindung von Stakeholdern: Schl\u00fcssel zum erfolgreichen Trennungsmanagement","datePublished":"2025-01-09T13:30:59+00:00","dateModified":"2025-03-27T13:11:40+00:00","mainEntityOfPage":{"@id":"https:\/\/newplace.ch\/einbindung-von-stakeholdern-schluessel-zum-erfolgreichen-trennungsmanagement\/"},"wordCount":967,"commentCount":0,"publisher":{"@id":"https:\/\/newplace.ch\/#organization"},"articleSection":["Uncategorized"],"inLanguage":"fr-FR","potentialAction":[{"@type":"CommentAction","name":"Comment","target":["https:\/\/newplace.ch\/einbindung-von-stakeholdern-schluessel-zum-erfolgreichen-trennungsmanagement\/#respond"]}]},{"@type":"WebPage","@id":"https:\/\/newplace.ch\/einbindung-von-stakeholdern-schluessel-zum-erfolgreichen-trennungsmanagement\/","url":"https:\/\/newplace.ch\/einbindung-von-stakeholdern-schluessel-zum-erfolgreichen-trennungsmanagement\/","name":"Standortbestimmung und ihr Wert f\u00fcr die eigene Entwicklung","isPartOf":{"@id":"https:\/\/newplace.ch\/#website"},"datePublished":"2025-01-09T13:30:59+00:00","dateModified":"2025-03-27T13:11:40+00:00","description":"Standortbestimmungen und ihr Wert f\u00fcr die pers\u00f6nliche und berufliche Entwicklung - unabh\u00e4ngig vom Alter","breadcrumb":{"@id":"https:\/\/newplace.ch\/einbindung-von-stakeholdern-schluessel-zum-erfolgreichen-trennungsmanagement\/#breadcrumb"},"inLanguage":"fr-FR","potentialAction":[{"@type":"ReadAction","target":["https:\/\/newplace.ch\/einbindung-von-stakeholdern-schluessel-zum-erfolgreichen-trennungsmanagement\/"]}]},{"@type":"BreadcrumbList","@id":"https:\/\/newplace.ch\/einbindung-von-stakeholdern-schluessel-zum-erfolgreichen-trennungsmanagement\/#breadcrumb","itemListElement":[{"@type":"ListItem","position":1,"name":"Startseite","item":"https:\/\/newplace.ch\/"},{"@type":"ListItem","position":2,"name":"Einbindung von Stakeholdern: Schl\u00fcssel zum erfolgreichen Trennungsmanagement"}]},{"@type":"WebSite","@id":"https:\/\/newplace.ch\/#website","url":"https:\/\/newplace.ch\/","name":"newplace","description":"","publisher":{"@id":"https:\/\/newplace.ch\/#organization"},"potentialAction":[{"@type":"SearchAction","target":{"@type":"EntryPoint","urlTemplate":"https:\/\/newplace.ch\/?s={search_term_string}"},"query-input":{"@type":"PropertyValueSpecification","valueRequired":true,"valueName":"search_term_string"}}],"inLanguage":"fr-FR"},{"@type":"Organization","@id":"https:\/\/newplace.ch\/#organization","name":"newplace AG","url":"https:\/\/newplace.ch\/","logo":{"@type":"ImageObject","inLanguage":"fr-FR","@id":"https:\/\/newplace.ch\/#\/schema\/logo\/image\/","url":"https:\/\/newplace.ch\/wp-content\/uploads\/2025\/02\/newplace.svg","contentUrl":"https:\/\/newplace.ch\/wp-content\/uploads\/2025\/02\/newplace.svg","width":345,"height":120,"caption":"newplace AG"},"image":{"@id":"https:\/\/newplace.ch\/#\/schema\/logo\/image\/"},"sameAs":["https:\/\/www.linkedin.com\/company\/newplace-ag"]},{"@type":"Person","@id":"https:\/\/newplace.ch\/#\/schema\/person\/4fb9d1c27d6b96b5b88d45e150fa59aa","name":"Eve Kaiser","image":{"@type":"ImageObject","inLanguage":"fr-FR","@id":"https:\/\/secure.gravatar.com\/avatar\/7c2d6d328de78931d92c8d6e08d766db4ba97f53879eaba54c71747faeed578d?s=96&d=mm&r=g","url":"https:\/\/secure.gravatar.com\/avatar\/7c2d6d328de78931d92c8d6e08d766db4ba97f53879eaba54c71747faeed578d?s=96&d=mm&r=g","contentUrl":"https:\/\/secure.gravatar.com\/avatar\/7c2d6d328de78931d92c8d6e08d766db4ba97f53879eaba54c71747faeed578d?s=96&d=mm&r=g","caption":"Eve Kaiser"}}]}},"_links":{"self":[{"href":"https:\/\/newplace.ch\/fr\/wp-json\/wp\/v2\/posts\/4226","targetHints":{"allow":["GET"]}}],"collection":[{"href":"https:\/\/newplace.ch\/fr\/wp-json\/wp\/v2\/posts"}],"about":[{"href":"https:\/\/newplace.ch\/fr\/wp-json\/wp\/v2\/types\/post"}],"author":[{"embeddable":true,"href":"https:\/\/newplace.ch\/fr\/wp-json\/wp\/v2\/users\/3"}],"replies":[{"embeddable":true,"href":"https:\/\/newplace.ch\/fr\/wp-json\/wp\/v2\/comments?post=4226"}],"version-history":[{"count":1,"href":"https:\/\/newplace.ch\/fr\/wp-json\/wp\/v2\/posts\/4226\/revisions"}],"predecessor-version":[{"id":4968,"href":"https:\/\/newplace.ch\/fr\/wp-json\/wp\/v2\/posts\/4226\/revisions\/4968"}],"wp:attachment":[{"href":"https:\/\/newplace.ch\/fr\/wp-json\/wp\/v2\/media?parent=4226"}],"wp:term":[{"taxonomy":"category","embeddable":true,"href":"https:\/\/newplace.ch\/fr\/wp-json\/wp\/v2\/categories?post=4226"},{"taxonomy":"post_tag","embeddable":true,"href":"https:\/\/newplace.ch\/fr\/wp-json\/wp\/v2\/tags?post=4226"}],"curies":[{"name":"wp","href":"https:\/\/api.w.org\/{rel}","templated":true}]}}