{"id":3835,"date":"2024-03-28T07:33:02","date_gmt":"2024-03-28T07:33:02","guid":{"rendered":"https:\/\/www.newplace.ch\/?p=3835"},"modified":"2025-03-27T13:18:23","modified_gmt":"2025-03-27T13:18:23","slug":"wir-sind-am-hr-festival-europe","status":"publish","type":"post","link":"https:\/\/newplace.ch\/fr\/wir-sind-am-hr-festival-europe\/","title":{"rendered":"Le HR Festival europe a \u00e9t\u00e9 un v\u00e9ritable succ\u00e8s !"},"content":{"rendered":"<div class=\"wpb_text_column wpb_content_element\">\n<div class=\"wpb_wrapper\">\n<p>Lors du HR FESTIVAL europe de cette ann\u00e9e, nous avons profit\u00e9 de l'occasion pour parler avec les visiteurs de la gestion des s\u00e9parations et de l'outplacement.<\/p>\n<p>C'est justement l'\u00e9change et l'\u00e9largissement de ses propres connaissances et capacit\u00e9s qui sont \u00e0 notre avis centraux - c'est pourquoi nous avons \u00e9t\u00e9 tr\u00e8s heureux de rencontrer personnellement certains d'entre vous pour parler des possibilit\u00e9s de vos processus de r\u00e9organisation du personnel - en particulier de l'outplacement et de la gestion des s\u00e9parations.<\/p>\n<p>Nous nous r\u00e9jouissons de ces nouvelles collaborations et de continuer \u00e0 marquer le monde du travail de notre empreinte commune !<\/p>\n<\/div>\n<\/div>\n<div class=\"vc_empty_space\"><\/div>\n<div class=\"wpb_text_column wpb_content_element\">\n<div class=\"wpb_wrapper\">\n<p><img fetchpriority=\"high\" decoding=\"async\" class=\"alignnone size-medium wp-image-3850\" src=\"https:\/\/www.newplace.ch\/wp-content\/uploads\/2024\/03\/Bildschirmfoto-2024-03-26-um-20.16.02-300x213.png\" sizes=\"(max-width: 300px) 100vw, 300px\" srcset=\"https:\/\/www.newplace.ch\/wp-content\/uploads\/2024\/03\/Bildschirmfoto-2024-03-26-um-20.16.02-300x213.png 300w, https:\/\/www.newplace.ch\/wp-content\/uploads\/2024\/03\/Bildschirmfoto-2024-03-26-um-20.16.02.png 686w\" alt=\"\" width=\"300\" height=\"213\" \/><\/p>\n<p><img decoding=\"async\" class=\"alignnone wp-image-3854\" src=\"https:\/\/www.newplace.ch\/wp-content\/uploads\/2024\/03\/WhatsApp-Image-2024-03-26-at-16.53.04-225x300.jpeg\" sizes=\"(max-width: 213px) 100vw, 213px\" srcset=\"https:\/\/www.newplace.ch\/wp-content\/uploads\/2024\/03\/WhatsApp-Image-2024-03-26-at-16.53.04-225x300.jpeg 225w, https:\/\/www.newplace.ch\/wp-content\/uploads\/2024\/03\/WhatsApp-Image-2024-03-26-at-16.53.04-768x1024.jpeg 768w, https:\/\/www.newplace.ch\/wp-content\/uploads\/2024\/03\/WhatsApp-Image-2024-03-26-at-16.53.04-1152x1536.jpeg 1152w, https:\/\/www.newplace.ch\/wp-content\/uploads\/2024\/03\/WhatsApp-Image-2024-03-26-at-16.53.04-600x800.jpeg 600w, https:\/\/www.newplace.ch\/wp-content\/uploads\/2024\/03\/WhatsApp-Image-2024-03-26-at-16.53.04-700x933.jpeg 700w, https:\/\/www.newplace.ch\/wp-content\/uploads\/2024\/03\/WhatsApp-Image-2024-03-26-at-16.53.04.jpeg 1536w\" alt=\"\" width=\"213\" height=\"284\" \/>\u00a0\u00a0\u00a0<img decoding=\"async\" class=\"alignnone wp-image-3853\" src=\"https:\/\/www.newplace.ch\/wp-content\/uploads\/2024\/03\/WhatsApp-Image-2024-03-26-at-16.52.34-225x300.jpeg\" sizes=\"(max-width: 214px) 100vw, 214px\" srcset=\"https:\/\/www.newplace.ch\/wp-content\/uploads\/2024\/03\/WhatsApp-Image-2024-03-26-at-16.52.34-225x300.jpeg 225w, https:\/\/www.newplace.ch\/wp-content\/uploads\/2024\/03\/WhatsApp-Image-2024-03-26-at-16.52.34-768x1024.jpeg 768w, https:\/\/www.newplace.ch\/wp-content\/uploads\/2024\/03\/WhatsApp-Image-2024-03-26-at-16.52.34-1152x1536.jpeg 1152w, https:\/\/www.newplace.ch\/wp-content\/uploads\/2024\/03\/WhatsApp-Image-2024-03-26-at-16.52.34-600x800.jpeg 600w, https:\/\/www.newplace.ch\/wp-content\/uploads\/2024\/03\/WhatsApp-Image-2024-03-26-at-16.52.34-700x933.jpeg 700w, https:\/\/www.newplace.ch\/wp-content\/uploads\/2024\/03\/WhatsApp-Image-2024-03-26-at-16.52.34.jpeg 1536w\" alt=\"\" width=\"214\" height=\"285\" \/>\u00a0 \u00a0<img loading=\"lazy\" decoding=\"async\" class=\"alignnone wp-image-3852\" src=\"https:\/\/www.newplace.ch\/wp-content\/uploads\/2024\/03\/WhatsApp-Image-2024-03-26-at-16.52.16-225x300.jpeg\" sizes=\"auto, (max-width: 215px) 100vw, 215px\" srcset=\"https:\/\/www.newplace.ch\/wp-content\/uploads\/2024\/03\/WhatsApp-Image-2024-03-26-at-16.52.16-225x300.jpeg 225w, https:\/\/www.newplace.ch\/wp-content\/uploads\/2024\/03\/WhatsApp-Image-2024-03-26-at-16.52.16-768x1024.jpeg 768w, https:\/\/www.newplace.ch\/wp-content\/uploads\/2024\/03\/WhatsApp-Image-2024-03-26-at-16.52.16-1152x1536.jpeg 1152w, https:\/\/www.newplace.ch\/wp-content\/uploads\/2024\/03\/WhatsApp-Image-2024-03-26-at-16.52.16-600x800.jpeg 600w, https:\/\/www.newplace.ch\/wp-content\/uploads\/2024\/03\/WhatsApp-Image-2024-03-26-at-16.52.16-700x933.jpeg 700w, https:\/\/www.newplace.ch\/wp-content\/uploads\/2024\/03\/WhatsApp-Image-2024-03-26-at-16.52.16.jpeg 1536w\" alt=\"\" width=\"215\" height=\"286\" \/><\/p>\n<\/div>\n<\/div>\n<div class=\"vc_empty_space\"><\/div>\n<div class=\"wpb_text_column wpb_content_element\">\n<div class=\"wpb_wrapper\">\n<p><strong>Cela pourrait aussi vous int\u00e9resser :<\/strong><\/p>\n<ul>\n<li><a href=\"https:\/\/newplace.ch\/fr\/loopings\/\">Loopings met en r\u00e9seau tout ce qui concerne le travail avec 45+.<\/a><\/li>\n<li><a href=\"https:\/\/newplace.ch\/fr\/survivors-reorganisation\/\">Les \"survivants\" sont souvent perdus lors des mesures de r\u00e9organisation<\/a><\/li>\n<li><a href=\"https:\/\/newplace.ch\/fr\/gruende-outplacement-arbeitnehmer\/\">L'outplacement, une valeur ajout\u00e9e pour les travailleurs<\/a><\/li>\n<\/ul>\n<\/div>\n<\/div>","protected":false},"excerpt":{"rendered":"<p>Nous avons \u00e9t\u00e9 ravis de participer au festival RH europe 2024. Voici quelques impressions. <\/p>","protected":false},"author":3,"featured_media":0,"comment_status":"open","ping_status":"open","sticky":false,"template":"","format":"standard","meta":{"_acf_changed":false,"footnotes":""},"categories":[12,11],"tags":[],"class_list":["post-3835","post","type-post","status-publish","format-standard","hentry","category-news","category-newplace"],"acf":[],"yoast_head":"<!-- This site is optimized with the Yoast SEO plugin v24.7 - https:\/\/yoast.com\/wordpress\/plugins\/seo\/ -->\n<title>Standortbestimmung und ihr Wert f\u00fcr die eigene Entwicklung<\/title>\n<meta name=\"description\" content=\"Standortbestimmungen und ihr Wert f\u00fcr die pers\u00f6nliche und berufliche Entwicklung - unabh\u00e4ngig vom Alter\" \/>\n<meta name=\"robots\" content=\"index, follow, max-snippet:-1, max-image-preview:large, max-video-preview:-1\" \/>\n<link rel=\"canonical\" href=\"https:\/\/newplace.ch\/fr\/wir-sind-am-hr-festival-europe\/\" \/>\n<meta property=\"og:locale\" content=\"fr_FR\" \/>\n<meta property=\"og:type\" content=\"article\" \/>\n<meta property=\"og:title\" content=\"Standortbestimmung und ihr Wert f\u00fcr die eigene Entwicklung\" \/>\n<meta property=\"og:description\" content=\"Standortbestimmungen und ihr Wert f\u00fcr die pers\u00f6nliche und berufliche Entwicklung - unabh\u00e4ngig vom Alter\" \/>\n<meta property=\"og:url\" content=\"https:\/\/newplace.ch\/fr\/wir-sind-am-hr-festival-europe\/\" \/>\n<meta property=\"og:site_name\" content=\"newplace\" \/>\n<meta property=\"article:published_time\" content=\"2024-03-28T07:33:02+00:00\" \/>\n<meta property=\"article:modified_time\" content=\"2025-03-27T13:18:23+00:00\" \/>\n<meta name=\"author\" content=\"Eve Kaiser\" \/>\n<meta name=\"twitter:card\" content=\"summary_large_image\" \/>\n<script type=\"application\/ld+json\" class=\"yoast-schema-graph\">{\"@context\":\"https:\/\/schema.org\",\"@graph\":[{\"@type\":\"Article\",\"@id\":\"https:\/\/newplace.ch\/wir-sind-am-hr-festival-europe\/#article\",\"isPartOf\":{\"@id\":\"https:\/\/newplace.ch\/wir-sind-am-hr-festival-europe\/\"},\"author\":{\"name\":\"Eve Kaiser\",\"@id\":\"https:\/\/newplace.ch\/#\/schema\/person\/4fb9d1c27d6b96b5b88d45e150fa59aa\"},\"headline\":\"Das HR Festival europe war ein voller Erfolg!\",\"datePublished\":\"2024-03-28T07:33:02+00:00\",\"dateModified\":\"2025-03-27T13:18:23+00:00\",\"mainEntityOfPage\":{\"@id\":\"https:\/\/newplace.ch\/wir-sind-am-hr-festival-europe\/\"},\"wordCount\":117,\"commentCount\":0,\"publisher\":{\"@id\":\"https:\/\/newplace.ch\/#organization\"},\"image\":{\"@id\":\"https:\/\/newplace.ch\/wir-sind-am-hr-festival-europe\/#primaryimage\"},\"thumbnailUrl\":\"https:\/\/www.newplace.ch\/wp-content\/uploads\/2024\/03\/Bildschirmfoto-2024-03-26-um-20.16.02-300x213.png\",\"articleSection\":[\"News\",\"von newplace\"],\"inLanguage\":\"fr-FR\",\"potentialAction\":[{\"@type\":\"CommentAction\",\"name\":\"Comment\",\"target\":[\"https:\/\/newplace.ch\/wir-sind-am-hr-festival-europe\/#respond\"]}]},{\"@type\":\"WebPage\",\"@id\":\"https:\/\/newplace.ch\/wir-sind-am-hr-festival-europe\/\",\"url\":\"https:\/\/newplace.ch\/wir-sind-am-hr-festival-europe\/\",\"name\":\"Standortbestimmung und ihr Wert f\u00fcr die eigene Entwicklung\",\"isPartOf\":{\"@id\":\"https:\/\/newplace.ch\/#website\"},\"primaryImageOfPage\":{\"@id\":\"https:\/\/newplace.ch\/wir-sind-am-hr-festival-europe\/#primaryimage\"},\"image\":{\"@id\":\"https:\/\/newplace.ch\/wir-sind-am-hr-festival-europe\/#primaryimage\"},\"thumbnailUrl\":\"https:\/\/www.newplace.ch\/wp-content\/uploads\/2024\/03\/Bildschirmfoto-2024-03-26-um-20.16.02-300x213.png\",\"datePublished\":\"2024-03-28T07:33:02+00:00\",\"dateModified\":\"2025-03-27T13:18:23+00:00\",\"description\":\"Standortbestimmungen und ihr Wert f\u00fcr die pers\u00f6nliche und berufliche Entwicklung - unabh\u00e4ngig vom Alter\",\"breadcrumb\":{\"@id\":\"https:\/\/newplace.ch\/wir-sind-am-hr-festival-europe\/#breadcrumb\"},\"inLanguage\":\"fr-FR\",\"potentialAction\":[{\"@type\":\"ReadAction\",\"target\":[\"https:\/\/newplace.ch\/wir-sind-am-hr-festival-europe\/\"]}]},{\"@type\":\"ImageObject\",\"inLanguage\":\"fr-FR\",\"@id\":\"https:\/\/newplace.ch\/wir-sind-am-hr-festival-europe\/#primaryimage\",\"url\":\"https:\/\/www.newplace.ch\/wp-content\/uploads\/2024\/03\/Bildschirmfoto-2024-03-26-um-20.16.02-300x213.png\",\"contentUrl\":\"https:\/\/www.newplace.ch\/wp-content\/uploads\/2024\/03\/Bildschirmfoto-2024-03-26-um-20.16.02-300x213.png\"},{\"@type\":\"BreadcrumbList\",\"@id\":\"https:\/\/newplace.ch\/wir-sind-am-hr-festival-europe\/#breadcrumb\",\"itemListElement\":[{\"@type\":\"ListItem\",\"position\":1,\"name\":\"Startseite\",\"item\":\"https:\/\/newplace.ch\/\"},{\"@type\":\"ListItem\",\"position\":2,\"name\":\"Das HR Festival europe war ein voller Erfolg!\"}]},{\"@type\":\"WebSite\",\"@id\":\"https:\/\/newplace.ch\/#website\",\"url\":\"https:\/\/newplace.ch\/\",\"name\":\"newplace\",\"description\":\"\",\"publisher\":{\"@id\":\"https:\/\/newplace.ch\/#organization\"},\"potentialAction\":[{\"@type\":\"SearchAction\",\"target\":{\"@type\":\"EntryPoint\",\"urlTemplate\":\"https:\/\/newplace.ch\/?s={search_term_string}\"},\"query-input\":{\"@type\":\"PropertyValueSpecification\",\"valueRequired\":true,\"valueName\":\"search_term_string\"}}],\"inLanguage\":\"fr-FR\"},{\"@type\":\"Organization\",\"@id\":\"https:\/\/newplace.ch\/#organization\",\"name\":\"newplace AG\",\"url\":\"https:\/\/newplace.ch\/\",\"logo\":{\"@type\":\"ImageObject\",\"inLanguage\":\"fr-FR\",\"@id\":\"https:\/\/newplace.ch\/#\/schema\/logo\/image\/\",\"url\":\"https:\/\/newplace.ch\/wp-content\/uploads\/2025\/02\/newplace.svg\",\"contentUrl\":\"https:\/\/newplace.ch\/wp-content\/uploads\/2025\/02\/newplace.svg\",\"width\":345,\"height\":120,\"caption\":\"newplace AG\"},\"image\":{\"@id\":\"https:\/\/newplace.ch\/#\/schema\/logo\/image\/\"},\"sameAs\":[\"https:\/\/www.linkedin.com\/company\/newplace-ag\"]},{\"@type\":\"Person\",\"@id\":\"https:\/\/newplace.ch\/#\/schema\/person\/4fb9d1c27d6b96b5b88d45e150fa59aa\",\"name\":\"Eve Kaiser\",\"image\":{\"@type\":\"ImageObject\",\"inLanguage\":\"fr-FR\",\"@id\":\"https:\/\/newplace.ch\/#\/schema\/person\/image\/\",\"url\":\"https:\/\/secure.gravatar.com\/avatar\/7c2d6d328de78931d92c8d6e08d766db4ba97f53879eaba54c71747faeed578d?s=96&d=mm&r=g\",\"contentUrl\":\"https:\/\/secure.gravatar.com\/avatar\/7c2d6d328de78931d92c8d6e08d766db4ba97f53879eaba54c71747faeed578d?s=96&d=mm&r=g\",\"caption\":\"Eve Kaiser\"}}]}<\/script>\n<!-- \/ Yoast SEO plugin. -->","yoast_head_json":{"title":"Standortbestimmung und ihr Wert f\u00fcr die eigene Entwicklung","description":"Standortbestimmungen und ihr Wert f\u00fcr die pers\u00f6nliche und berufliche Entwicklung - unabh\u00e4ngig vom Alter","robots":{"index":"index","follow":"follow","max-snippet":"max-snippet:-1","max-image-preview":"max-image-preview:large","max-video-preview":"max-video-preview:-1"},"canonical":"https:\/\/newplace.ch\/fr\/wir-sind-am-hr-festival-europe\/","og_locale":"fr_FR","og_type":"article","og_title":"Standortbestimmung und ihr Wert f\u00fcr die eigene Entwicklung","og_description":"Standortbestimmungen und ihr Wert f\u00fcr die pers\u00f6nliche und berufliche Entwicklung - unabh\u00e4ngig vom Alter","og_url":"https:\/\/newplace.ch\/fr\/wir-sind-am-hr-festival-europe\/","og_site_name":"newplace","article_published_time":"2024-03-28T07:33:02+00:00","article_modified_time":"2025-03-27T13:18:23+00:00","author":"Eve Kaiser","twitter_card":"summary_large_image","schema":{"@context":"https:\/\/schema.org","@graph":[{"@type":"Article","@id":"https:\/\/newplace.ch\/wir-sind-am-hr-festival-europe\/#article","isPartOf":{"@id":"https:\/\/newplace.ch\/wir-sind-am-hr-festival-europe\/"},"author":{"name":"Eve Kaiser","@id":"https:\/\/newplace.ch\/#\/schema\/person\/4fb9d1c27d6b96b5b88d45e150fa59aa"},"headline":"Das HR Festival europe war ein voller Erfolg!","datePublished":"2024-03-28T07:33:02+00:00","dateModified":"2025-03-27T13:18:23+00:00","mainEntityOfPage":{"@id":"https:\/\/newplace.ch\/wir-sind-am-hr-festival-europe\/"},"wordCount":117,"commentCount":0,"publisher":{"@id":"https:\/\/newplace.ch\/#organization"},"image":{"@id":"https:\/\/newplace.ch\/wir-sind-am-hr-festival-europe\/#primaryimage"},"thumbnailUrl":"https:\/\/www.newplace.ch\/wp-content\/uploads\/2024\/03\/Bildschirmfoto-2024-03-26-um-20.16.02-300x213.png","articleSection":["News","von newplace"],"inLanguage":"fr-FR","potentialAction":[{"@type":"CommentAction","name":"Comment","target":["https:\/\/newplace.ch\/wir-sind-am-hr-festival-europe\/#respond"]}]},{"@type":"WebPage","@id":"https:\/\/newplace.ch\/wir-sind-am-hr-festival-europe\/","url":"https:\/\/newplace.ch\/wir-sind-am-hr-festival-europe\/","name":"Standortbestimmung und ihr Wert f\u00fcr die eigene Entwicklung","isPartOf":{"@id":"https:\/\/newplace.ch\/#website"},"primaryImageOfPage":{"@id":"https:\/\/newplace.ch\/wir-sind-am-hr-festival-europe\/#primaryimage"},"image":{"@id":"https:\/\/newplace.ch\/wir-sind-am-hr-festival-europe\/#primaryimage"},"thumbnailUrl":"https:\/\/www.newplace.ch\/wp-content\/uploads\/2024\/03\/Bildschirmfoto-2024-03-26-um-20.16.02-300x213.png","datePublished":"2024-03-28T07:33:02+00:00","dateModified":"2025-03-27T13:18:23+00:00","description":"Standortbestimmungen und ihr Wert f\u00fcr die pers\u00f6nliche und berufliche Entwicklung - unabh\u00e4ngig vom Alter","breadcrumb":{"@id":"https:\/\/newplace.ch\/wir-sind-am-hr-festival-europe\/#breadcrumb"},"inLanguage":"fr-FR","potentialAction":[{"@type":"ReadAction","target":["https:\/\/newplace.ch\/wir-sind-am-hr-festival-europe\/"]}]},{"@type":"ImageObject","inLanguage":"fr-FR","@id":"https:\/\/newplace.ch\/wir-sind-am-hr-festival-europe\/#primaryimage","url":"https:\/\/www.newplace.ch\/wp-content\/uploads\/2024\/03\/Bildschirmfoto-2024-03-26-um-20.16.02-300x213.png","contentUrl":"https:\/\/www.newplace.ch\/wp-content\/uploads\/2024\/03\/Bildschirmfoto-2024-03-26-um-20.16.02-300x213.png"},{"@type":"BreadcrumbList","@id":"https:\/\/newplace.ch\/wir-sind-am-hr-festival-europe\/#breadcrumb","itemListElement":[{"@type":"ListItem","position":1,"name":"Startseite","item":"https:\/\/newplace.ch\/"},{"@type":"ListItem","position":2,"name":"Das HR Festival europe war ein voller Erfolg!"}]},{"@type":"WebSite","@id":"https:\/\/newplace.ch\/#website","url":"https:\/\/newplace.ch\/","name":"newplace","description":"","publisher":{"@id":"https:\/\/newplace.ch\/#organization"},"potentialAction":[{"@type":"SearchAction","target":{"@type":"EntryPoint","urlTemplate":"https:\/\/newplace.ch\/?s={search_term_string}"},"query-input":{"@type":"PropertyValueSpecification","valueRequired":true,"valueName":"search_term_string"}}],"inLanguage":"fr-FR"},{"@type":"Organization","@id":"https:\/\/newplace.ch\/#organization","name":"newplace AG","url":"https:\/\/newplace.ch\/","logo":{"@type":"ImageObject","inLanguage":"fr-FR","@id":"https:\/\/newplace.ch\/#\/schema\/logo\/image\/","url":"https:\/\/newplace.ch\/wp-content\/uploads\/2025\/02\/newplace.svg","contentUrl":"https:\/\/newplace.ch\/wp-content\/uploads\/2025\/02\/newplace.svg","width":345,"height":120,"caption":"newplace AG"},"image":{"@id":"https:\/\/newplace.ch\/#\/schema\/logo\/image\/"},"sameAs":["https:\/\/www.linkedin.com\/company\/newplace-ag"]},{"@type":"Person","@id":"https:\/\/newplace.ch\/#\/schema\/person\/4fb9d1c27d6b96b5b88d45e150fa59aa","name":"Eve Kaiser","image":{"@type":"ImageObject","inLanguage":"fr-FR","@id":"https:\/\/newplace.ch\/#\/schema\/person\/image\/","url":"https:\/\/secure.gravatar.com\/avatar\/7c2d6d328de78931d92c8d6e08d766db4ba97f53879eaba54c71747faeed578d?s=96&d=mm&r=g","contentUrl":"https:\/\/secure.gravatar.com\/avatar\/7c2d6d328de78931d92c8d6e08d766db4ba97f53879eaba54c71747faeed578d?s=96&d=mm&r=g","caption":"Eve Kaiser"}}]}},"_links":{"self":[{"href":"https:\/\/newplace.ch\/fr\/wp-json\/wp\/v2\/posts\/3835","targetHints":{"allow":["GET"]}}],"collection":[{"href":"https:\/\/newplace.ch\/fr\/wp-json\/wp\/v2\/posts"}],"about":[{"href":"https:\/\/newplace.ch\/fr\/wp-json\/wp\/v2\/types\/post"}],"author":[{"embeddable":true,"href":"https:\/\/newplace.ch\/fr\/wp-json\/wp\/v2\/users\/3"}],"replies":[{"embeddable":true,"href":"https:\/\/newplace.ch\/fr\/wp-json\/wp\/v2\/comments?post=3835"}],"version-history":[{"count":1,"href":"https:\/\/newplace.ch\/fr\/wp-json\/wp\/v2\/posts\/3835\/revisions"}],"predecessor-version":[{"id":4977,"href":"https:\/\/newplace.ch\/fr\/wp-json\/wp\/v2\/posts\/3835\/revisions\/4977"}],"wp:attachment":[{"href":"https:\/\/newplace.ch\/fr\/wp-json\/wp\/v2\/media?parent=3835"}],"wp:term":[{"taxonomy":"category","embeddable":true,"href":"https:\/\/newplace.ch\/fr\/wp-json\/wp\/v2\/categories?post=3835"},{"taxonomy":"post_tag","embeddable":true,"href":"https:\/\/newplace.ch\/fr\/wp-json\/wp\/v2\/tags?post=3835"}],"curies":[{"name":"wp","href":"https:\/\/api.w.org\/{rel}","templated":true}]}}