{"id":3629,"date":"2023-10-03T06:08:15","date_gmt":"2023-10-03T06:08:15","guid":{"rendered":"https:\/\/www.newplace.ch\/?p=3629"},"modified":"2025-03-27T13:19:11","modified_gmt":"2025-03-27T13:19:11","slug":"massentlassungen-treten-vermehrt-auf","status":"publish","type":"post","link":"https:\/\/newplace.ch\/fr\/massentlassungen-treten-vermehrt-auf\/","title":{"rendered":"Licenciements collectifs - ils sont de nouveau en augmentation."},"content":{"rendered":"<div class=\"wpb_text_column wpb_content_element\">\n<div class=\"wpb_wrapper\">\n<p class=\"p1\">Actuellement, nous assistons \u00e0 un nombre croissant de suppressions d'emplois importantes dans diff\u00e9rents secteurs, \u00e9galement connues dans le langage courant sous le nom de licenciements collectifs. Nous sommes conscients que les processus de s\u00e9paration sont extr\u00eamement difficiles, en particulier lorsque de nombreux collaborateurs sont touch\u00e9s simultan\u00e9ment.<\/p>\n<\/div>\n<\/div>\n<div class=\"vc_empty_space\"><\/div>\n<div class=\"wpb_text_column wpb_content_element\">\n<div class=\"wpb_wrapper\">\n<p class=\"p1\">Il est extr\u00eamement important de rendre ce processus aussi respectueux et \u00e9quitable que possible. L'\u00eatre humain est au centre de ce processus et il est essentiel de garder \u00e0 l'esprit les diff\u00e9rents groupes d'int\u00e9r\u00eat.<\/p>\n<\/div>\n<\/div>\n<div class=\"vc_empty_space\"><\/div>\n<div class=\"wpb_text_column wpb_content_element\">\n<div class=\"wpb_wrapper\">\n<p class=\"p1\"><b>De quels groupes d'int\u00e9r\u00eat s'agit-il en priorit\u00e9 ?<\/b><\/p>\n<p class=\"p1\">Bien entendu, les collaborateurs directement concern\u00e9s, le service du personnel (RH), les cadres impliqu\u00e9s, sans oublier les collaborateurs restants (survivants). Ces derniers sont souvent n\u00e9glig\u00e9s dans les processus de s\u00e9paration, alors qu'ils constituent le fondement de la performance et du d\u00e9veloppement futurs d'une entreprise. Il est donc indispensable de prendre en compte leurs besoins.<\/p>\n<\/div>\n<\/div>\n<div class=\"vc_empty_space\"><\/div>\n<div class=\"wpb_text_column wpb_content_element\">\n<div class=\"wpb_wrapper\">\n<p class=\"p1\">R\u00e9pondre aux besoins de toutes les personnes concern\u00e9es de la m\u00eame mani\u00e8re est un d\u00e9fi. C'est pr\u00e9cis\u00e9ment l\u00e0 que la\u00a0<a href=\"https:\/\/tdc7fce4b.emailsys1a.net\/c\/53\/6969515\/7395\/0\/12160566\/970\/380795\/0c924fff96.html\"><span class=\"s1\">newplace AG<\/span><\/a>\u00a0\u00e0 nos clients. Nous sommes experts dans les processus de r\u00e9duction d'effectifs \u00e0 grande \u00e9chelle et offrons \u00e0 nos clients un soutien complet \u00e0 travers toutes les phases de ce processus complexe :<\/p>\n<\/div>\n<\/div>\n<div class=\"vc_empty_space\"><\/div>\n<div class=\"wpb_text_column wpb_content_element\">\n<div class=\"wpb_wrapper\">\n<p class=\"p1\"><b>Planification :\u00a0<\/b>Nous les soutenons d\u00e8s la phase d\u00e9cisive de planification, y compris dans l'\u00e9laboration des plans sociaux.<\/p>\n<p class=\"p1\"><b>Mise en \u0153uvre :\u00a0<\/b>Pendant la phase de r\u00e9siliation, nous soutenons toutes les personnes concern\u00e9es afin que la transition se passe le mieux possible.<\/p>\n<p class=\"p1\"><b>Stabilisation :<\/b>\u00a0Nous offrons un soutien actif et un accompagnement des collaborateurs dans leur r\u00e9orientation professionnelle (par exemple avec\u00a0<a href=\"https:\/\/tdc7fce4b.emailsys1a.net\/c\/53\/6969515\/7395\/0\/12160566\/970\/380818\/5042454422.html\"><span class=\"s1\">Outplacements<\/span><\/a>). Cela inclut \u00e9galement le soutien des cadres, de l'\u00e9quipe RH et des \"survivants\", si n\u00e9cessaire.<\/p>\n<\/div>\n<\/div>\n<div class=\"vc_empty_space\"><\/div>\n<div class=\"wpb_text_column wpb_content_element\">\n<div class=\"wpb_wrapper\">\n<p>Vous avez besoin d'aide pour pr\u00e9parer un processus de s\u00e9paration ?<\/p>\n<p>newplace vous soutient volontiers personnellement !<\/p>\n<\/div>\n<\/div>\n<div class=\"vc_empty_space\"><\/div>\n<div class=\"vc_empty_space\"><\/div>\n<div class=\"vc_empty_space\"><\/div>\n<div class=\"wpb_text_column wpb_content_element\">\n<div class=\"wpb_wrapper\">\n<p><strong>Cela pourrait aussi vous int\u00e9resser :<\/strong><\/p>\n<ul>\n<li><a href=\"https:\/\/newplace.ch\/fr\/loopings\/\">Loopings met en r\u00e9seau tout ce qui concerne le travail avec 45+.<\/a><\/li>\n<li><a href=\"https:\/\/newplace.ch\/fr\/survivors-reorganisation\/\">Les \"survivants\" sont souvent perdus lors des mesures de r\u00e9organisation<\/a><\/li>\n<li><a href=\"https:\/\/newplace.ch\/fr\/gruende-outplacement-arbeitnehmer\/\">L'outplacement, une valeur ajout\u00e9e pour les travailleurs<\/a><\/li>\n<\/ul>\n<\/div>\n<\/div>","protected":false},"excerpt":{"rendered":"<p>Actuellement, nous assistons \u00e0 un nombre croissant de suppressions d'emplois importantes dans diff\u00e9rents secteurs, \u00e9galement connues dans le langage courant sous le nom de licenciements collectifs. Nous sommes conscients que les processus de s\u00e9paration sont extr\u00eamement difficiles, en particulier lorsque de nombreux collaborateurs sont touch\u00e9s simultan\u00e9ment.<\/p>","protected":false},"author":3,"featured_media":0,"comment_status":"open","ping_status":"open","sticky":false,"template":"","format":"standard","meta":{"_acf_changed":false,"footnotes":""},"categories":[10,11],"tags":[],"class_list":["post-3629","post","type-post","status-publish","format-standard","hentry","category-hr-welt","category-newplace"],"acf":[],"yoast_head":"<!-- This site is optimized with the Yoast SEO plugin v27.5 - https:\/\/yoast.com\/product\/yoast-seo-wordpress\/ -->\n<title>Standortbestimmung und ihr Wert f\u00fcr die eigene Entwicklung<\/title>\n<meta name=\"description\" content=\"Standortbestimmungen und ihr Wert f\u00fcr die pers\u00f6nliche und berufliche Entwicklung - unabh\u00e4ngig vom Alter\" \/>\n<meta name=\"robots\" content=\"index, follow, max-snippet:-1, max-image-preview:large, max-video-preview:-1\" \/>\n<link rel=\"canonical\" href=\"https:\/\/newplace.ch\/fr\/massentlassungen-treten-vermehrt-auf\/\" \/>\n<meta property=\"og:locale\" content=\"fr_FR\" \/>\n<meta property=\"og:type\" content=\"article\" \/>\n<meta property=\"og:title\" content=\"Standortbestimmung und ihr Wert f\u00fcr die eigene Entwicklung\" \/>\n<meta property=\"og:description\" content=\"Standortbestimmungen und ihr Wert f\u00fcr die pers\u00f6nliche und berufliche Entwicklung - unabh\u00e4ngig vom Alter\" \/>\n<meta property=\"og:url\" content=\"https:\/\/newplace.ch\/fr\/massentlassungen-treten-vermehrt-auf\/\" \/>\n<meta property=\"og:site_name\" content=\"newplace\" \/>\n<meta property=\"article:published_time\" content=\"2023-10-03T06:08:15+00:00\" \/>\n<meta property=\"article:modified_time\" content=\"2025-03-27T13:19:11+00:00\" \/>\n<meta name=\"author\" content=\"Eve Kaiser\" \/>\n<meta name=\"twitter:card\" content=\"summary_large_image\" \/>\n<script type=\"application\/ld+json\" class=\"yoast-schema-graph\">{\"@context\":\"https:\\\/\\\/schema.org\",\"@graph\":[{\"@type\":\"Article\",\"@id\":\"https:\\\/\\\/newplace.ch\\\/massentlassungen-treten-vermehrt-auf\\\/#article\",\"isPartOf\":{\"@id\":\"https:\\\/\\\/newplace.ch\\\/massentlassungen-treten-vermehrt-auf\\\/\"},\"author\":{\"name\":\"Eve Kaiser\",\"@id\":\"https:\\\/\\\/newplace.ch\\\/#\\\/schema\\\/person\\\/4fb9d1c27d6b96b5b88d45e150fa59aa\"},\"headline\":\"Massenentlassungen &#8211; sie treten wieder vermehrt auf.\",\"datePublished\":\"2023-10-03T06:08:15+00:00\",\"dateModified\":\"2025-03-27T13:19:11+00:00\",\"mainEntityOfPage\":{\"@id\":\"https:\\\/\\\/newplace.ch\\\/massentlassungen-treten-vermehrt-auf\\\/\"},\"wordCount\":297,\"commentCount\":0,\"publisher\":{\"@id\":\"https:\\\/\\\/newplace.ch\\\/#organization\"},\"articleSection\":[\"aus der HR-Welt\",\"von newplace\"],\"inLanguage\":\"fr-FR\",\"potentialAction\":[{\"@type\":\"CommentAction\",\"name\":\"Comment\",\"target\":[\"https:\\\/\\\/newplace.ch\\\/massentlassungen-treten-vermehrt-auf\\\/#respond\"]}]},{\"@type\":\"WebPage\",\"@id\":\"https:\\\/\\\/newplace.ch\\\/massentlassungen-treten-vermehrt-auf\\\/\",\"url\":\"https:\\\/\\\/newplace.ch\\\/massentlassungen-treten-vermehrt-auf\\\/\",\"name\":\"Standortbestimmung und ihr Wert f\u00fcr die eigene Entwicklung\",\"isPartOf\":{\"@id\":\"https:\\\/\\\/newplace.ch\\\/#website\"},\"datePublished\":\"2023-10-03T06:08:15+00:00\",\"dateModified\":\"2025-03-27T13:19:11+00:00\",\"description\":\"Standortbestimmungen und ihr Wert f\u00fcr die pers\u00f6nliche und berufliche Entwicklung - unabh\u00e4ngig vom Alter\",\"breadcrumb\":{\"@id\":\"https:\\\/\\\/newplace.ch\\\/massentlassungen-treten-vermehrt-auf\\\/#breadcrumb\"},\"inLanguage\":\"fr-FR\",\"potentialAction\":[{\"@type\":\"ReadAction\",\"target\":[\"https:\\\/\\\/newplace.ch\\\/massentlassungen-treten-vermehrt-auf\\\/\"]}]},{\"@type\":\"BreadcrumbList\",\"@id\":\"https:\\\/\\\/newplace.ch\\\/massentlassungen-treten-vermehrt-auf\\\/#breadcrumb\",\"itemListElement\":[{\"@type\":\"ListItem\",\"position\":1,\"name\":\"Startseite\",\"item\":\"https:\\\/\\\/newplace.ch\\\/\"},{\"@type\":\"ListItem\",\"position\":2,\"name\":\"Massenentlassungen &#8211; sie treten wieder vermehrt auf.\"}]},{\"@type\":\"WebSite\",\"@id\":\"https:\\\/\\\/newplace.ch\\\/#website\",\"url\":\"https:\\\/\\\/newplace.ch\\\/\",\"name\":\"newplace\",\"description\":\"\",\"publisher\":{\"@id\":\"https:\\\/\\\/newplace.ch\\\/#organization\"},\"potentialAction\":[{\"@type\":\"SearchAction\",\"target\":{\"@type\":\"EntryPoint\",\"urlTemplate\":\"https:\\\/\\\/newplace.ch\\\/?s={search_term_string}\"},\"query-input\":{\"@type\":\"PropertyValueSpecification\",\"valueRequired\":true,\"valueName\":\"search_term_string\"}}],\"inLanguage\":\"fr-FR\"},{\"@type\":\"Organization\",\"@id\":\"https:\\\/\\\/newplace.ch\\\/#organization\",\"name\":\"newplace AG\",\"url\":\"https:\\\/\\\/newplace.ch\\\/\",\"logo\":{\"@type\":\"ImageObject\",\"inLanguage\":\"fr-FR\",\"@id\":\"https:\\\/\\\/newplace.ch\\\/#\\\/schema\\\/logo\\\/image\\\/\",\"url\":\"https:\\\/\\\/newplace.ch\\\/wp-content\\\/uploads\\\/2025\\\/02\\\/newplace.svg\",\"contentUrl\":\"https:\\\/\\\/newplace.ch\\\/wp-content\\\/uploads\\\/2025\\\/02\\\/newplace.svg\",\"width\":345,\"height\":120,\"caption\":\"newplace AG\"},\"image\":{\"@id\":\"https:\\\/\\\/newplace.ch\\\/#\\\/schema\\\/logo\\\/image\\\/\"},\"sameAs\":[\"https:\\\/\\\/www.linkedin.com\\\/company\\\/newplace-ag\"]},{\"@type\":\"Person\",\"@id\":\"https:\\\/\\\/newplace.ch\\\/#\\\/schema\\\/person\\\/4fb9d1c27d6b96b5b88d45e150fa59aa\",\"name\":\"Eve Kaiser\",\"image\":{\"@type\":\"ImageObject\",\"inLanguage\":\"fr-FR\",\"@id\":\"https:\\\/\\\/secure.gravatar.com\\\/avatar\\\/7c2d6d328de78931d92c8d6e08d766db4ba97f53879eaba54c71747faeed578d?s=96&d=mm&r=g\",\"url\":\"https:\\\/\\\/secure.gravatar.com\\\/avatar\\\/7c2d6d328de78931d92c8d6e08d766db4ba97f53879eaba54c71747faeed578d?s=96&d=mm&r=g\",\"contentUrl\":\"https:\\\/\\\/secure.gravatar.com\\\/avatar\\\/7c2d6d328de78931d92c8d6e08d766db4ba97f53879eaba54c71747faeed578d?s=96&d=mm&r=g\",\"caption\":\"Eve Kaiser\"}}]}<\/script>\n<!-- \/ Yoast SEO plugin. -->","yoast_head_json":{"title":"Standortbestimmung und ihr Wert f\u00fcr die eigene Entwicklung","description":"Standortbestimmungen und ihr Wert f\u00fcr die pers\u00f6nliche und berufliche Entwicklung - unabh\u00e4ngig vom Alter","robots":{"index":"index","follow":"follow","max-snippet":"max-snippet:-1","max-image-preview":"max-image-preview:large","max-video-preview":"max-video-preview:-1"},"canonical":"https:\/\/newplace.ch\/fr\/massentlassungen-treten-vermehrt-auf\/","og_locale":"fr_FR","og_type":"article","og_title":"Standortbestimmung und ihr Wert f\u00fcr die eigene Entwicklung","og_description":"Standortbestimmungen und ihr Wert f\u00fcr die pers\u00f6nliche und berufliche Entwicklung - unabh\u00e4ngig vom Alter","og_url":"https:\/\/newplace.ch\/fr\/massentlassungen-treten-vermehrt-auf\/","og_site_name":"newplace","article_published_time":"2023-10-03T06:08:15+00:00","article_modified_time":"2025-03-27T13:19:11+00:00","author":"Eve Kaiser","twitter_card":"summary_large_image","schema":{"@context":"https:\/\/schema.org","@graph":[{"@type":"Article","@id":"https:\/\/newplace.ch\/massentlassungen-treten-vermehrt-auf\/#article","isPartOf":{"@id":"https:\/\/newplace.ch\/massentlassungen-treten-vermehrt-auf\/"},"author":{"name":"Eve Kaiser","@id":"https:\/\/newplace.ch\/#\/schema\/person\/4fb9d1c27d6b96b5b88d45e150fa59aa"},"headline":"Massenentlassungen &#8211; sie treten wieder vermehrt auf.","datePublished":"2023-10-03T06:08:15+00:00","dateModified":"2025-03-27T13:19:11+00:00","mainEntityOfPage":{"@id":"https:\/\/newplace.ch\/massentlassungen-treten-vermehrt-auf\/"},"wordCount":297,"commentCount":0,"publisher":{"@id":"https:\/\/newplace.ch\/#organization"},"articleSection":["aus der HR-Welt","von newplace"],"inLanguage":"fr-FR","potentialAction":[{"@type":"CommentAction","name":"Comment","target":["https:\/\/newplace.ch\/massentlassungen-treten-vermehrt-auf\/#respond"]}]},{"@type":"WebPage","@id":"https:\/\/newplace.ch\/massentlassungen-treten-vermehrt-auf\/","url":"https:\/\/newplace.ch\/massentlassungen-treten-vermehrt-auf\/","name":"Standortbestimmung und ihr Wert f\u00fcr die eigene Entwicklung","isPartOf":{"@id":"https:\/\/newplace.ch\/#website"},"datePublished":"2023-10-03T06:08:15+00:00","dateModified":"2025-03-27T13:19:11+00:00","description":"Standortbestimmungen und ihr Wert f\u00fcr die pers\u00f6nliche und berufliche Entwicklung - unabh\u00e4ngig vom Alter","breadcrumb":{"@id":"https:\/\/newplace.ch\/massentlassungen-treten-vermehrt-auf\/#breadcrumb"},"inLanguage":"fr-FR","potentialAction":[{"@type":"ReadAction","target":["https:\/\/newplace.ch\/massentlassungen-treten-vermehrt-auf\/"]}]},{"@type":"BreadcrumbList","@id":"https:\/\/newplace.ch\/massentlassungen-treten-vermehrt-auf\/#breadcrumb","itemListElement":[{"@type":"ListItem","position":1,"name":"Startseite","item":"https:\/\/newplace.ch\/"},{"@type":"ListItem","position":2,"name":"Massenentlassungen &#8211; sie treten wieder vermehrt auf."}]},{"@type":"WebSite","@id":"https:\/\/newplace.ch\/#website","url":"https:\/\/newplace.ch\/","name":"newplace","description":"","publisher":{"@id":"https:\/\/newplace.ch\/#organization"},"potentialAction":[{"@type":"SearchAction","target":{"@type":"EntryPoint","urlTemplate":"https:\/\/newplace.ch\/?s={search_term_string}"},"query-input":{"@type":"PropertyValueSpecification","valueRequired":true,"valueName":"search_term_string"}}],"inLanguage":"fr-FR"},{"@type":"Organization","@id":"https:\/\/newplace.ch\/#organization","name":"newplace AG","url":"https:\/\/newplace.ch\/","logo":{"@type":"ImageObject","inLanguage":"fr-FR","@id":"https:\/\/newplace.ch\/#\/schema\/logo\/image\/","url":"https:\/\/newplace.ch\/wp-content\/uploads\/2025\/02\/newplace.svg","contentUrl":"https:\/\/newplace.ch\/wp-content\/uploads\/2025\/02\/newplace.svg","width":345,"height":120,"caption":"newplace AG"},"image":{"@id":"https:\/\/newplace.ch\/#\/schema\/logo\/image\/"},"sameAs":["https:\/\/www.linkedin.com\/company\/newplace-ag"]},{"@type":"Person","@id":"https:\/\/newplace.ch\/#\/schema\/person\/4fb9d1c27d6b96b5b88d45e150fa59aa","name":"Eve Kaiser","image":{"@type":"ImageObject","inLanguage":"fr-FR","@id":"https:\/\/secure.gravatar.com\/avatar\/7c2d6d328de78931d92c8d6e08d766db4ba97f53879eaba54c71747faeed578d?s=96&d=mm&r=g","url":"https:\/\/secure.gravatar.com\/avatar\/7c2d6d328de78931d92c8d6e08d766db4ba97f53879eaba54c71747faeed578d?s=96&d=mm&r=g","contentUrl":"https:\/\/secure.gravatar.com\/avatar\/7c2d6d328de78931d92c8d6e08d766db4ba97f53879eaba54c71747faeed578d?s=96&d=mm&r=g","caption":"Eve Kaiser"}}]}},"_links":{"self":[{"href":"https:\/\/newplace.ch\/fr\/wp-json\/wp\/v2\/posts\/3629","targetHints":{"allow":["GET"]}}],"collection":[{"href":"https:\/\/newplace.ch\/fr\/wp-json\/wp\/v2\/posts"}],"about":[{"href":"https:\/\/newplace.ch\/fr\/wp-json\/wp\/v2\/types\/post"}],"author":[{"embeddable":true,"href":"https:\/\/newplace.ch\/fr\/wp-json\/wp\/v2\/users\/3"}],"replies":[{"embeddable":true,"href":"https:\/\/newplace.ch\/fr\/wp-json\/wp\/v2\/comments?post=3629"}],"version-history":[{"count":1,"href":"https:\/\/newplace.ch\/fr\/wp-json\/wp\/v2\/posts\/3629\/revisions"}],"predecessor-version":[{"id":4980,"href":"https:\/\/newplace.ch\/fr\/wp-json\/wp\/v2\/posts\/3629\/revisions\/4980"}],"wp:attachment":[{"href":"https:\/\/newplace.ch\/fr\/wp-json\/wp\/v2\/media?parent=3629"}],"wp:term":[{"taxonomy":"category","embeddable":true,"href":"https:\/\/newplace.ch\/fr\/wp-json\/wp\/v2\/categories?post=3629"},{"taxonomy":"post_tag","embeddable":true,"href":"https:\/\/newplace.ch\/fr\/wp-json\/wp\/v2\/tags?post=3629"}],"curies":[{"name":"wp","href":"https:\/\/api.w.org\/{rel}","templated":true}]}}