{"id":3606,"date":"2023-08-09T08:41:26","date_gmt":"2023-08-09T08:41:26","guid":{"rendered":"https:\/\/www.newplace.ch\/?p=3606"},"modified":"2025-03-27T13:19:22","modified_gmt":"2025-03-27T13:19:22","slug":"fairer-trennungsprozess-moeglich","status":"publish","type":"post","link":"https:\/\/newplace.ch\/fr\/fairer-trennungsprozess-moeglich\/","title":{"rendered":"Un processus de s\u00e9paration \u00e9quitable - est-ce vraiment possible ?"},"content":{"rendered":"<div class=\"wpb_text_column wpb_content_element\">\n<div class=\"wpb_wrapper\">\n<p>La pi\u00e8ce ma\u00eetresse d'un processus de s\u00e9paration \u00e9quitable est l'entretien de licenciement - il est donc d'autant plus important de le pr\u00e9parer de mani\u00e8re professionnelle et efficace.<\/p>\n<\/div>\n<\/div>\n<div class=\"vc_empty_space\"><\/div>\n<div class=\"wpb_text_column wpb_content_element\">\n<div class=\"wpb_wrapper\">\n<p>Une pr\u00e9paration minutieuse vous permettra de mener plus facilement l'entretien de s\u00e9paration de mani\u00e8re \u00e0 la fois pertinente et \u00e9quitable. Elle vous aide \u00e0 g\u00e9rer vos propres sentiments ainsi que les r\u00e9actions possibles de votre collaborateur et minimise la possibilit\u00e9 d'un litige juridique.<\/p>\n<\/div>\n<\/div>\n<div class=\"vc_empty_space\"><\/div>\n<div class=\"wpb_text_column wpb_content_element\">\n<div class=\"wpb_wrapper\">\n<p>La pr\u00e9paration ne porte toutefois pas uniquement sur des points de contenu, mais aussi sur des questions telles que<\/p>\n<\/div>\n<\/div>\n<div class=\"vc_empty_space\"><\/div>\n<div class=\"wpb_text_column wpb_content_element\">\n<div class=\"wpb_wrapper\">\n<p>Qui m\u00e8ne l'entretien de licenciement ?<\/p>\n<p>Quand, o\u00f9 et dans quel d\u00e9lai se d\u00e9roule-t-il ?<\/p>\n<p>Comment la personne concern\u00e9e pourrait-elle r\u00e9agir ? Comment r\u00e9agissez-vous ?<\/p>\n<p>La r\u00e9siliation est-elle effectu\u00e9e correctement sur le plan juridique ?<\/p>\n<p>Comment se pr\u00e9sentent les finances de l'entreprise si la personne est licenci\u00e9e ?<\/p>\n<\/div>\n<\/div>\n<div class=\"vc_empty_space\"><\/div>\n<div class=\"wpb_text_column wpb_content_element\">\n<div class=\"wpb_wrapper\">\n<p>Les diff\u00e9rents aspects de la pr\u00e9paration d'un entretien de licenciement montrent qu'un licenciement ne doit pas \u00eatre une surprise.<\/p>\n<\/div>\n<\/div>\n<div class=\"vc_empty_space\"><\/div>\n<div class=\"wpb_text_column wpb_content_element\">\n<div class=\"wpb_wrapper\">\n<p>Vous avez besoin d'aide pour pr\u00e9parer un processus de s\u00e9paration ?<\/p>\n<p>newplace vous soutient volontiers personnellement !<\/p>\n<\/div>\n<\/div>\n<div class=\"vc_empty_space\"><\/div>\n<div class=\"vc_empty_space\"><\/div>\n<div class=\"vc_empty_space\"><\/div>\n<div class=\"wpb_text_column wpb_content_element\">\n<div class=\"wpb_wrapper\">\n<p><strong>Cela pourrait aussi vous int\u00e9resser :<\/strong><\/p>\n<ul>\n<li><a href=\"https:\/\/newplace.ch\/fr\/loopings\/\">Loopings met en r\u00e9seau tout ce qui concerne le travail avec 45+.<\/a><\/li>\n<li><a href=\"https:\/\/newplace.ch\/fr\/survivors-reorganisation\/\">Les \"survivants\" sont souvent perdus lors des mesures de r\u00e9organisation<\/a><\/li>\n<li><a href=\"https:\/\/newplace.ch\/fr\/gruende-outplacement-arbeitnehmer\/\">L'outplacement, une valeur ajout\u00e9e pour les travailleurs<\/a><\/li>\n<\/ul>\n<\/div>\n<\/div>","protected":false},"excerpt":{"rendered":"<p>Les s\u00e9parations ne sont pas faciles \u00e0 vivre - comment les g\u00e9rer de mani\u00e8re \u00e9quitable ? C'est ce que nous vous montrons dans cet article !<\/p>","protected":false},"author":3,"featured_media":0,"comment_status":"open","ping_status":"open","sticky":false,"template":"","format":"standard","meta":{"_acf_changed":false,"footnotes":""},"categories":[10,11],"tags":[],"class_list":["post-3606","post","type-post","status-publish","format-standard","hentry","category-hr-welt","category-newplace"],"acf":[],"yoast_head":"<!-- This site is optimized with the Yoast SEO plugin v27.5 - https:\/\/yoast.com\/product\/yoast-seo-wordpress\/ -->\n<title>Standortbestimmung und ihr Wert f\u00fcr die eigene Entwicklung<\/title>\n<meta name=\"description\" content=\"Standortbestimmungen und ihr Wert f\u00fcr die pers\u00f6nliche und berufliche Entwicklung - unabh\u00e4ngig vom Alter\" \/>\n<meta name=\"robots\" content=\"index, follow, max-snippet:-1, max-image-preview:large, max-video-preview:-1\" \/>\n<link rel=\"canonical\" href=\"https:\/\/newplace.ch\/fr\/fairer-trennungsprozess-moeglich\/\" \/>\n<meta property=\"og:locale\" content=\"fr_FR\" \/>\n<meta property=\"og:type\" content=\"article\" \/>\n<meta property=\"og:title\" content=\"Standortbestimmung und ihr Wert f\u00fcr die eigene Entwicklung\" \/>\n<meta property=\"og:description\" content=\"Standortbestimmungen und ihr Wert f\u00fcr die pers\u00f6nliche und berufliche Entwicklung - unabh\u00e4ngig vom Alter\" \/>\n<meta property=\"og:url\" content=\"https:\/\/newplace.ch\/fr\/fairer-trennungsprozess-moeglich\/\" \/>\n<meta property=\"og:site_name\" content=\"newplace\" \/>\n<meta property=\"article:published_time\" content=\"2023-08-09T08:41:26+00:00\" \/>\n<meta property=\"article:modified_time\" content=\"2025-03-27T13:19:22+00:00\" \/>\n<meta name=\"author\" content=\"Eve Kaiser\" \/>\n<meta name=\"twitter:card\" content=\"summary_large_image\" \/>\n<script type=\"application\/ld+json\" class=\"yoast-schema-graph\">{\"@context\":\"https:\\\/\\\/schema.org\",\"@graph\":[{\"@type\":\"Article\",\"@id\":\"https:\\\/\\\/newplace.ch\\\/fairer-trennungsprozess-moeglich\\\/#article\",\"isPartOf\":{\"@id\":\"https:\\\/\\\/newplace.ch\\\/fairer-trennungsprozess-moeglich\\\/\"},\"author\":{\"name\":\"Eve Kaiser\",\"@id\":\"https:\\\/\\\/newplace.ch\\\/#\\\/schema\\\/person\\\/4fb9d1c27d6b96b5b88d45e150fa59aa\"},\"headline\":\"Ein fairer Trennungsprozess \u2013 ist das wirklich m\u00f6glich?\",\"datePublished\":\"2023-08-09T08:41:26+00:00\",\"dateModified\":\"2025-03-27T13:19:22+00:00\",\"mainEntityOfPage\":{\"@id\":\"https:\\\/\\\/newplace.ch\\\/fairer-trennungsprozess-moeglich\\\/\"},\"wordCount\":192,\"commentCount\":0,\"publisher\":{\"@id\":\"https:\\\/\\\/newplace.ch\\\/#organization\"},\"articleSection\":[\"aus der HR-Welt\",\"von newplace\"],\"inLanguage\":\"fr-FR\",\"potentialAction\":[{\"@type\":\"CommentAction\",\"name\":\"Comment\",\"target\":[\"https:\\\/\\\/newplace.ch\\\/fairer-trennungsprozess-moeglich\\\/#respond\"]}]},{\"@type\":\"WebPage\",\"@id\":\"https:\\\/\\\/newplace.ch\\\/fairer-trennungsprozess-moeglich\\\/\",\"url\":\"https:\\\/\\\/newplace.ch\\\/fairer-trennungsprozess-moeglich\\\/\",\"name\":\"Standortbestimmung und ihr Wert f\u00fcr die eigene Entwicklung\",\"isPartOf\":{\"@id\":\"https:\\\/\\\/newplace.ch\\\/#website\"},\"datePublished\":\"2023-08-09T08:41:26+00:00\",\"dateModified\":\"2025-03-27T13:19:22+00:00\",\"description\":\"Standortbestimmungen und ihr Wert f\u00fcr die pers\u00f6nliche und berufliche Entwicklung - unabh\u00e4ngig vom Alter\",\"breadcrumb\":{\"@id\":\"https:\\\/\\\/newplace.ch\\\/fairer-trennungsprozess-moeglich\\\/#breadcrumb\"},\"inLanguage\":\"fr-FR\",\"potentialAction\":[{\"@type\":\"ReadAction\",\"target\":[\"https:\\\/\\\/newplace.ch\\\/fairer-trennungsprozess-moeglich\\\/\"]}]},{\"@type\":\"BreadcrumbList\",\"@id\":\"https:\\\/\\\/newplace.ch\\\/fairer-trennungsprozess-moeglich\\\/#breadcrumb\",\"itemListElement\":[{\"@type\":\"ListItem\",\"position\":1,\"name\":\"Startseite\",\"item\":\"https:\\\/\\\/newplace.ch\\\/\"},{\"@type\":\"ListItem\",\"position\":2,\"name\":\"Ein fairer Trennungsprozess \u2013 ist das wirklich m\u00f6glich?\"}]},{\"@type\":\"WebSite\",\"@id\":\"https:\\\/\\\/newplace.ch\\\/#website\",\"url\":\"https:\\\/\\\/newplace.ch\\\/\",\"name\":\"newplace\",\"description\":\"\",\"publisher\":{\"@id\":\"https:\\\/\\\/newplace.ch\\\/#organization\"},\"potentialAction\":[{\"@type\":\"SearchAction\",\"target\":{\"@type\":\"EntryPoint\",\"urlTemplate\":\"https:\\\/\\\/newplace.ch\\\/?s={search_term_string}\"},\"query-input\":{\"@type\":\"PropertyValueSpecification\",\"valueRequired\":true,\"valueName\":\"search_term_string\"}}],\"inLanguage\":\"fr-FR\"},{\"@type\":\"Organization\",\"@id\":\"https:\\\/\\\/newplace.ch\\\/#organization\",\"name\":\"newplace AG\",\"url\":\"https:\\\/\\\/newplace.ch\\\/\",\"logo\":{\"@type\":\"ImageObject\",\"inLanguage\":\"fr-FR\",\"@id\":\"https:\\\/\\\/newplace.ch\\\/#\\\/schema\\\/logo\\\/image\\\/\",\"url\":\"https:\\\/\\\/newplace.ch\\\/wp-content\\\/uploads\\\/2025\\\/02\\\/newplace.svg\",\"contentUrl\":\"https:\\\/\\\/newplace.ch\\\/wp-content\\\/uploads\\\/2025\\\/02\\\/newplace.svg\",\"width\":345,\"height\":120,\"caption\":\"newplace AG\"},\"image\":{\"@id\":\"https:\\\/\\\/newplace.ch\\\/#\\\/schema\\\/logo\\\/image\\\/\"},\"sameAs\":[\"https:\\\/\\\/www.linkedin.com\\\/company\\\/newplace-ag\"]},{\"@type\":\"Person\",\"@id\":\"https:\\\/\\\/newplace.ch\\\/#\\\/schema\\\/person\\\/4fb9d1c27d6b96b5b88d45e150fa59aa\",\"name\":\"Eve Kaiser\",\"image\":{\"@type\":\"ImageObject\",\"inLanguage\":\"fr-FR\",\"@id\":\"https:\\\/\\\/secure.gravatar.com\\\/avatar\\\/7c2d6d328de78931d92c8d6e08d766db4ba97f53879eaba54c71747faeed578d?s=96&d=mm&r=g\",\"url\":\"https:\\\/\\\/secure.gravatar.com\\\/avatar\\\/7c2d6d328de78931d92c8d6e08d766db4ba97f53879eaba54c71747faeed578d?s=96&d=mm&r=g\",\"contentUrl\":\"https:\\\/\\\/secure.gravatar.com\\\/avatar\\\/7c2d6d328de78931d92c8d6e08d766db4ba97f53879eaba54c71747faeed578d?s=96&d=mm&r=g\",\"caption\":\"Eve Kaiser\"}}]}<\/script>\n<!-- \/ Yoast SEO plugin. -->","yoast_head_json":{"title":"Standortbestimmung und ihr Wert f\u00fcr die eigene Entwicklung","description":"Standortbestimmungen und ihr Wert f\u00fcr die pers\u00f6nliche und berufliche Entwicklung - unabh\u00e4ngig vom Alter","robots":{"index":"index","follow":"follow","max-snippet":"max-snippet:-1","max-image-preview":"max-image-preview:large","max-video-preview":"max-video-preview:-1"},"canonical":"https:\/\/newplace.ch\/fr\/fairer-trennungsprozess-moeglich\/","og_locale":"fr_FR","og_type":"article","og_title":"Standortbestimmung und ihr Wert f\u00fcr die eigene Entwicklung","og_description":"Standortbestimmungen und ihr Wert f\u00fcr die pers\u00f6nliche und berufliche Entwicklung - unabh\u00e4ngig vom Alter","og_url":"https:\/\/newplace.ch\/fr\/fairer-trennungsprozess-moeglich\/","og_site_name":"newplace","article_published_time":"2023-08-09T08:41:26+00:00","article_modified_time":"2025-03-27T13:19:22+00:00","author":"Eve Kaiser","twitter_card":"summary_large_image","schema":{"@context":"https:\/\/schema.org","@graph":[{"@type":"Article","@id":"https:\/\/newplace.ch\/fairer-trennungsprozess-moeglich\/#article","isPartOf":{"@id":"https:\/\/newplace.ch\/fairer-trennungsprozess-moeglich\/"},"author":{"name":"Eve Kaiser","@id":"https:\/\/newplace.ch\/#\/schema\/person\/4fb9d1c27d6b96b5b88d45e150fa59aa"},"headline":"Ein fairer Trennungsprozess \u2013 ist das wirklich m\u00f6glich?","datePublished":"2023-08-09T08:41:26+00:00","dateModified":"2025-03-27T13:19:22+00:00","mainEntityOfPage":{"@id":"https:\/\/newplace.ch\/fairer-trennungsprozess-moeglich\/"},"wordCount":192,"commentCount":0,"publisher":{"@id":"https:\/\/newplace.ch\/#organization"},"articleSection":["aus der HR-Welt","von newplace"],"inLanguage":"fr-FR","potentialAction":[{"@type":"CommentAction","name":"Comment","target":["https:\/\/newplace.ch\/fairer-trennungsprozess-moeglich\/#respond"]}]},{"@type":"WebPage","@id":"https:\/\/newplace.ch\/fairer-trennungsprozess-moeglich\/","url":"https:\/\/newplace.ch\/fairer-trennungsprozess-moeglich\/","name":"Standortbestimmung und ihr Wert f\u00fcr die eigene Entwicklung","isPartOf":{"@id":"https:\/\/newplace.ch\/#website"},"datePublished":"2023-08-09T08:41:26+00:00","dateModified":"2025-03-27T13:19:22+00:00","description":"Standortbestimmungen und ihr Wert f\u00fcr die pers\u00f6nliche und berufliche Entwicklung - unabh\u00e4ngig vom Alter","breadcrumb":{"@id":"https:\/\/newplace.ch\/fairer-trennungsprozess-moeglich\/#breadcrumb"},"inLanguage":"fr-FR","potentialAction":[{"@type":"ReadAction","target":["https:\/\/newplace.ch\/fairer-trennungsprozess-moeglich\/"]}]},{"@type":"BreadcrumbList","@id":"https:\/\/newplace.ch\/fairer-trennungsprozess-moeglich\/#breadcrumb","itemListElement":[{"@type":"ListItem","position":1,"name":"Startseite","item":"https:\/\/newplace.ch\/"},{"@type":"ListItem","position":2,"name":"Ein fairer Trennungsprozess \u2013 ist das wirklich m\u00f6glich?"}]},{"@type":"WebSite","@id":"https:\/\/newplace.ch\/#website","url":"https:\/\/newplace.ch\/","name":"newplace","description":"","publisher":{"@id":"https:\/\/newplace.ch\/#organization"},"potentialAction":[{"@type":"SearchAction","target":{"@type":"EntryPoint","urlTemplate":"https:\/\/newplace.ch\/?s={search_term_string}"},"query-input":{"@type":"PropertyValueSpecification","valueRequired":true,"valueName":"search_term_string"}}],"inLanguage":"fr-FR"},{"@type":"Organization","@id":"https:\/\/newplace.ch\/#organization","name":"newplace AG","url":"https:\/\/newplace.ch\/","logo":{"@type":"ImageObject","inLanguage":"fr-FR","@id":"https:\/\/newplace.ch\/#\/schema\/logo\/image\/","url":"https:\/\/newplace.ch\/wp-content\/uploads\/2025\/02\/newplace.svg","contentUrl":"https:\/\/newplace.ch\/wp-content\/uploads\/2025\/02\/newplace.svg","width":345,"height":120,"caption":"newplace AG"},"image":{"@id":"https:\/\/newplace.ch\/#\/schema\/logo\/image\/"},"sameAs":["https:\/\/www.linkedin.com\/company\/newplace-ag"]},{"@type":"Person","@id":"https:\/\/newplace.ch\/#\/schema\/person\/4fb9d1c27d6b96b5b88d45e150fa59aa","name":"Eve Kaiser","image":{"@type":"ImageObject","inLanguage":"fr-FR","@id":"https:\/\/secure.gravatar.com\/avatar\/7c2d6d328de78931d92c8d6e08d766db4ba97f53879eaba54c71747faeed578d?s=96&d=mm&r=g","url":"https:\/\/secure.gravatar.com\/avatar\/7c2d6d328de78931d92c8d6e08d766db4ba97f53879eaba54c71747faeed578d?s=96&d=mm&r=g","contentUrl":"https:\/\/secure.gravatar.com\/avatar\/7c2d6d328de78931d92c8d6e08d766db4ba97f53879eaba54c71747faeed578d?s=96&d=mm&r=g","caption":"Eve Kaiser"}}]}},"_links":{"self":[{"href":"https:\/\/newplace.ch\/fr\/wp-json\/wp\/v2\/posts\/3606","targetHints":{"allow":["GET"]}}],"collection":[{"href":"https:\/\/newplace.ch\/fr\/wp-json\/wp\/v2\/posts"}],"about":[{"href":"https:\/\/newplace.ch\/fr\/wp-json\/wp\/v2\/types\/post"}],"author":[{"embeddable":true,"href":"https:\/\/newplace.ch\/fr\/wp-json\/wp\/v2\/users\/3"}],"replies":[{"embeddable":true,"href":"https:\/\/newplace.ch\/fr\/wp-json\/wp\/v2\/comments?post=3606"}],"version-history":[{"count":1,"href":"https:\/\/newplace.ch\/fr\/wp-json\/wp\/v2\/posts\/3606\/revisions"}],"predecessor-version":[{"id":4981,"href":"https:\/\/newplace.ch\/fr\/wp-json\/wp\/v2\/posts\/3606\/revisions\/4981"}],"wp:attachment":[{"href":"https:\/\/newplace.ch\/fr\/wp-json\/wp\/v2\/media?parent=3606"}],"wp:term":[{"taxonomy":"category","embeddable":true,"href":"https:\/\/newplace.ch\/fr\/wp-json\/wp\/v2\/categories?post=3606"},{"taxonomy":"post_tag","embeddable":true,"href":"https:\/\/newplace.ch\/fr\/wp-json\/wp\/v2\/tags?post=3606"}],"curies":[{"name":"wp","href":"https:\/\/api.w.org\/{rel}","templated":true}]}}