{"id":3420,"date":"2023-02-01T08:05:49","date_gmt":"2023-02-01T08:05:49","guid":{"rendered":"https:\/\/www.newplace.ch\/?p=3420"},"modified":"2025-03-27T13:21:25","modified_gmt":"2025-03-27T13:21:25","slug":"stellenabbau-50-plus-reorganisationen","status":"publish","type":"post","link":"https:\/\/newplace.ch\/fr\/stellenabbau-50-plus-reorganisationen\/","title":{"rendered":"Suppression croissante de postes chez les 50+ dans le cadre de r\u00e9organisations"},"content":{"rendered":"<div class=\"wpb_text_column wpb_content_element\">\n<div class=\"wpb_wrapper\">\n<p>Au cours des six derniers mois, de nombreuses entreprises ont multipli\u00e9 les annonces de suppressions d'emplois. Celles-ci sont actuellement mises en \u0153uvre en de nombreux endroits, tandis que les entreprises sont r\u00e9organis\u00e9es dans le m\u00eame temps. Les suppressions de postes actuelles ne sont pas n\u00e9cessairement dues \u00e0 un manque de possibilit\u00e9s d'emploi. Dans le cadre de leurs r\u00e9organisations, les entreprises recherchent de nouvelles t\u00eates pour enrichir leur \u00e9quipe et \u00e9ventuellement apporter d'autres comp\u00e9tences \u00e0 l'entreprise.<\/p>\n<\/div>\n<\/div>\n<div class=\"vc_empty_space\"><\/div>\n<div class=\"wpb_text_column wpb_content_element\">\n<div class=\"wpb_wrapper\">\n<p>Le taux de ch\u00f4mage - qui a atteint son niveau le plus bas l'ann\u00e9e derni\u00e8re - devrait donc repartir \u00e0 la hausse. Nos observations au quotidien montrent que de nombreuses personnes licenci\u00e9es se trouvent dans la tranche d'\u00e2ge des 50 ans et plus. Pour les personnes concern\u00e9es, cela peut \u00eatre effrayant, car trouver un nouvel emploi apr\u00e8s la cinquantaine semble difficile, voire impossible pour une majorit\u00e9 de personnes : l'\u00e2ge de la retraite approche, les co\u00fbts salariaux annexes augmentent et les pr\u00e9jug\u00e9s sur le manque de flexibilit\u00e9 ou la baisse de productivit\u00e9 pr\u00e9valent parfois.<\/p>\n<\/div>\n<\/div>\n<div class=\"vc_empty_space\"><\/div>\n<div class=\"wpb_text_column wpb_content_element\">\n<div class=\"wpb_wrapper\">\n<p>Il nous tient \u00e0 c\u0153ur d'aller \u00e0 l'encontre de ces clich\u00e9s et conditions g\u00e9n\u00e9rales dominantes. Comment mettons-nous cela en pratique ? newplace AG propose des outplacements avec des coachings et des ateliers individuels afin de soutenir au mieux les personnes concern\u00e9es et de permettre une r\u00e9insertion rapide.<\/p>\n<\/div>\n<\/div>\n<div class=\"vc_empty_space\"><\/div>\n<div class=\"wpb_text_column wpb_content_element\">\n<div class=\"wpb_wrapper\">\n<p>Nous sommes fermement convaincus que, compte tenu du vieillissement de la population et de la p\u00e9nurie de main-d'\u0153uvre qualifi\u00e9e, il est indispensable de maintenir les travailleurs \u00e2g\u00e9s dans leur emploi et de r\u00e9int\u00e9grer les demandeurs d'emploi de plus de 50 ans dans la vie professionnelle. M\u00eame les suppressions d'emplois croissantes ne doivent pas y changer quelque chose et nous y travaillons avec notre partenaire de services\u00a0<a href=\"https:\/\/newplace.ch\/fr\/arbeitsmarkt-50-plus\/\">focus50plus<\/a>\u00a0et nous engageons dans la\u00a0<a href=\"https:\/\/newplace.ch\/fr\/loopings\/\">Initiative de Loopings<\/a>.<\/p>\n<\/div>\n<\/div>\n<div class=\"vc_empty_space\"><\/div>\n<div class=\"wpb_text_column wpb_content_element\">\n<div class=\"wpb_wrapper\">\n<p><strong>Cela pourrait aussi vous int\u00e9resser :<\/strong><\/p>\n<ul>\n<li><a href=\"https:\/\/newplace.ch\/fr\/loopings\/\">Loopings met en r\u00e9seau tout ce qui concerne le travail avec 45+.<\/a><\/li>\n<li><a href=\"https:\/\/newplace.ch\/fr\/survivors-reorganisation\/\">Les \"survivants\" sont souvent perdus lors des mesures de r\u00e9organisation<\/a><\/li>\n<li><a href=\"https:\/\/newplace.ch\/fr\/gruende-outplacement-arbeitnehmer\/\">L'outplacement, une valeur ajout\u00e9e pour les travailleurs<\/a><\/li>\n<\/ul>\n<\/div>\n<\/div>","protected":false},"excerpt":{"rendered":"<p>De nombreuses entreprises ont annonc\u00e9 une augmentation des suppressions d'emplois. Mais les suppressions d'emplois actuelles ne sont pas n\u00e9cessairement dues \u00e0 un manque de possibilit\u00e9s d'emploi. <\/p>","protected":false},"author":3,"featured_media":3421,"comment_status":"open","ping_status":"open","sticky":false,"template":"","format":"standard","meta":{"_acf_changed":false,"footnotes":""},"categories":[11],"tags":[],"class_list":["post-3420","post","type-post","status-publish","format-standard","has-post-thumbnail","hentry","category-newplace"],"acf":[],"yoast_head":"<!-- This site is optimized with the Yoast SEO plugin v24.7 - https:\/\/yoast.com\/wordpress\/plugins\/seo\/ -->\n<title>Zunehmender Stellenabbau &#8226; Reorganisationen<\/title>\n<meta name=\"description\" content=\"Der Stellenabbau d\u00fcrfte die Arbeitslosenquote wieder ansteigen lassen - insbesondere bei Menschen im Alter 50plus.\" \/>\n<meta name=\"robots\" content=\"index, follow, max-snippet:-1, max-image-preview:large, max-video-preview:-1\" \/>\n<link rel=\"canonical\" href=\"https:\/\/newplace.ch\/fr\/stellenabbau-50-plus-reorganisationen\/\" \/>\n<meta property=\"og:locale\" content=\"fr_FR\" \/>\n<meta property=\"og:type\" content=\"article\" \/>\n<meta property=\"og:title\" content=\"Zunehmender Stellenabbau &#8226; Reorganisationen\" \/>\n<meta property=\"og:description\" content=\"Der Stellenabbau d\u00fcrfte die Arbeitslosenquote wieder ansteigen lassen - insbesondere bei Menschen im Alter 50plus.\" \/>\n<meta property=\"og:url\" content=\"https:\/\/newplace.ch\/fr\/stellenabbau-50-plus-reorganisationen\/\" \/>\n<meta property=\"og:site_name\" content=\"newplace\" \/>\n<meta property=\"article:published_time\" content=\"2023-02-01T08:05:49+00:00\" \/>\n<meta property=\"article:modified_time\" content=\"2025-03-27T13:21:25+00:00\" \/>\n<meta name=\"author\" content=\"Eve Kaiser\" \/>\n<meta name=\"twitter:card\" content=\"summary_large_image\" \/>\n<script type=\"application\/ld+json\" class=\"yoast-schema-graph\">{\"@context\":\"https:\/\/schema.org\",\"@graph\":[{\"@type\":\"Article\",\"@id\":\"https:\/\/newplace.ch\/stellenabbau-50-plus-reorganisationen\/#article\",\"isPartOf\":{\"@id\":\"https:\/\/newplace.ch\/stellenabbau-50-plus-reorganisationen\/\"},\"author\":{\"name\":\"Eve Kaiser\",\"@id\":\"https:\/\/newplace.ch\/#\/schema\/person\/4fb9d1c27d6b96b5b88d45e150fa59aa\"},\"headline\":\"Zunehmender Stellenabbau bei 50+ im Zuge von Reorganisationen\",\"datePublished\":\"2023-02-01T08:05:49+00:00\",\"dateModified\":\"2025-03-27T13:21:25+00:00\",\"mainEntityOfPage\":{\"@id\":\"https:\/\/newplace.ch\/stellenabbau-50-plus-reorganisationen\/\"},\"wordCount\":294,\"commentCount\":0,\"publisher\":{\"@id\":\"https:\/\/newplace.ch\/#organization\"},\"image\":{\"@id\":\"https:\/\/newplace.ch\/stellenabbau-50-plus-reorganisationen\/#primaryimage\"},\"thumbnailUrl\":\"\",\"articleSection\":[\"von newplace\"],\"inLanguage\":\"fr-FR\",\"potentialAction\":[{\"@type\":\"CommentAction\",\"name\":\"Comment\",\"target\":[\"https:\/\/newplace.ch\/stellenabbau-50-plus-reorganisationen\/#respond\"]}]},{\"@type\":\"WebPage\",\"@id\":\"https:\/\/newplace.ch\/stellenabbau-50-plus-reorganisationen\/\",\"url\":\"https:\/\/newplace.ch\/stellenabbau-50-plus-reorganisationen\/\",\"name\":\"Zunehmender Stellenabbau &#8226; Reorganisationen\",\"isPartOf\":{\"@id\":\"https:\/\/newplace.ch\/#website\"},\"primaryImageOfPage\":{\"@id\":\"https:\/\/newplace.ch\/stellenabbau-50-plus-reorganisationen\/#primaryimage\"},\"image\":{\"@id\":\"https:\/\/newplace.ch\/stellenabbau-50-plus-reorganisationen\/#primaryimage\"},\"thumbnailUrl\":\"\",\"datePublished\":\"2023-02-01T08:05:49+00:00\",\"dateModified\":\"2025-03-27T13:21:25+00:00\",\"description\":\"Der Stellenabbau d\u00fcrfte die Arbeitslosenquote wieder ansteigen lassen - insbesondere bei Menschen im Alter 50plus.\",\"breadcrumb\":{\"@id\":\"https:\/\/newplace.ch\/stellenabbau-50-plus-reorganisationen\/#breadcrumb\"},\"inLanguage\":\"fr-FR\",\"potentialAction\":[{\"@type\":\"ReadAction\",\"target\":[\"https:\/\/newplace.ch\/stellenabbau-50-plus-reorganisationen\/\"]}]},{\"@type\":\"ImageObject\",\"inLanguage\":\"fr-FR\",\"@id\":\"https:\/\/newplace.ch\/stellenabbau-50-plus-reorganisationen\/#primaryimage\",\"url\":\"\",\"contentUrl\":\"\"},{\"@type\":\"BreadcrumbList\",\"@id\":\"https:\/\/newplace.ch\/stellenabbau-50-plus-reorganisationen\/#breadcrumb\",\"itemListElement\":[{\"@type\":\"ListItem\",\"position\":1,\"name\":\"Startseite\",\"item\":\"https:\/\/newplace.ch\/\"},{\"@type\":\"ListItem\",\"position\":2,\"name\":\"Zunehmender Stellenabbau bei 50+ im Zuge von Reorganisationen\"}]},{\"@type\":\"WebSite\",\"@id\":\"https:\/\/newplace.ch\/#website\",\"url\":\"https:\/\/newplace.ch\/\",\"name\":\"newplace\",\"description\":\"\",\"publisher\":{\"@id\":\"https:\/\/newplace.ch\/#organization\"},\"potentialAction\":[{\"@type\":\"SearchAction\",\"target\":{\"@type\":\"EntryPoint\",\"urlTemplate\":\"https:\/\/newplace.ch\/?s={search_term_string}\"},\"query-input\":{\"@type\":\"PropertyValueSpecification\",\"valueRequired\":true,\"valueName\":\"search_term_string\"}}],\"inLanguage\":\"fr-FR\"},{\"@type\":\"Organization\",\"@id\":\"https:\/\/newplace.ch\/#organization\",\"name\":\"newplace AG\",\"url\":\"https:\/\/newplace.ch\/\",\"logo\":{\"@type\":\"ImageObject\",\"inLanguage\":\"fr-FR\",\"@id\":\"https:\/\/newplace.ch\/#\/schema\/logo\/image\/\",\"url\":\"https:\/\/newplace.ch\/wp-content\/uploads\/2025\/02\/newplace.svg\",\"contentUrl\":\"https:\/\/newplace.ch\/wp-content\/uploads\/2025\/02\/newplace.svg\",\"width\":345,\"height\":120,\"caption\":\"newplace AG\"},\"image\":{\"@id\":\"https:\/\/newplace.ch\/#\/schema\/logo\/image\/\"},\"sameAs\":[\"https:\/\/www.linkedin.com\/company\/newplace-ag\"]},{\"@type\":\"Person\",\"@id\":\"https:\/\/newplace.ch\/#\/schema\/person\/4fb9d1c27d6b96b5b88d45e150fa59aa\",\"name\":\"Eve Kaiser\",\"image\":{\"@type\":\"ImageObject\",\"inLanguage\":\"fr-FR\",\"@id\":\"https:\/\/newplace.ch\/#\/schema\/person\/image\/\",\"url\":\"https:\/\/secure.gravatar.com\/avatar\/7c2d6d328de78931d92c8d6e08d766db4ba97f53879eaba54c71747faeed578d?s=96&d=mm&r=g\",\"contentUrl\":\"https:\/\/secure.gravatar.com\/avatar\/7c2d6d328de78931d92c8d6e08d766db4ba97f53879eaba54c71747faeed578d?s=96&d=mm&r=g\",\"caption\":\"Eve Kaiser\"}}]}<\/script>\n<!-- \/ Yoast SEO plugin. -->","yoast_head_json":{"title":"Zunehmender Stellenabbau &#8226; Reorganisationen","description":"Der Stellenabbau d\u00fcrfte die Arbeitslosenquote wieder ansteigen lassen - insbesondere bei Menschen im Alter 50plus.","robots":{"index":"index","follow":"follow","max-snippet":"max-snippet:-1","max-image-preview":"max-image-preview:large","max-video-preview":"max-video-preview:-1"},"canonical":"https:\/\/newplace.ch\/fr\/stellenabbau-50-plus-reorganisationen\/","og_locale":"fr_FR","og_type":"article","og_title":"Zunehmender Stellenabbau &#8226; Reorganisationen","og_description":"Der Stellenabbau d\u00fcrfte die Arbeitslosenquote wieder ansteigen lassen - insbesondere bei Menschen im Alter 50plus.","og_url":"https:\/\/newplace.ch\/fr\/stellenabbau-50-plus-reorganisationen\/","og_site_name":"newplace","article_published_time":"2023-02-01T08:05:49+00:00","article_modified_time":"2025-03-27T13:21:25+00:00","author":"Eve Kaiser","twitter_card":"summary_large_image","schema":{"@context":"https:\/\/schema.org","@graph":[{"@type":"Article","@id":"https:\/\/newplace.ch\/stellenabbau-50-plus-reorganisationen\/#article","isPartOf":{"@id":"https:\/\/newplace.ch\/stellenabbau-50-plus-reorganisationen\/"},"author":{"name":"Eve Kaiser","@id":"https:\/\/newplace.ch\/#\/schema\/person\/4fb9d1c27d6b96b5b88d45e150fa59aa"},"headline":"Zunehmender Stellenabbau bei 50+ im Zuge von Reorganisationen","datePublished":"2023-02-01T08:05:49+00:00","dateModified":"2025-03-27T13:21:25+00:00","mainEntityOfPage":{"@id":"https:\/\/newplace.ch\/stellenabbau-50-plus-reorganisationen\/"},"wordCount":294,"commentCount":0,"publisher":{"@id":"https:\/\/newplace.ch\/#organization"},"image":{"@id":"https:\/\/newplace.ch\/stellenabbau-50-plus-reorganisationen\/#primaryimage"},"thumbnailUrl":"","articleSection":["von newplace"],"inLanguage":"fr-FR","potentialAction":[{"@type":"CommentAction","name":"Comment","target":["https:\/\/newplace.ch\/stellenabbau-50-plus-reorganisationen\/#respond"]}]},{"@type":"WebPage","@id":"https:\/\/newplace.ch\/stellenabbau-50-plus-reorganisationen\/","url":"https:\/\/newplace.ch\/stellenabbau-50-plus-reorganisationen\/","name":"Zunehmender Stellenabbau &#8226; Reorganisationen","isPartOf":{"@id":"https:\/\/newplace.ch\/#website"},"primaryImageOfPage":{"@id":"https:\/\/newplace.ch\/stellenabbau-50-plus-reorganisationen\/#primaryimage"},"image":{"@id":"https:\/\/newplace.ch\/stellenabbau-50-plus-reorganisationen\/#primaryimage"},"thumbnailUrl":"","datePublished":"2023-02-01T08:05:49+00:00","dateModified":"2025-03-27T13:21:25+00:00","description":"Der Stellenabbau d\u00fcrfte die Arbeitslosenquote wieder ansteigen lassen - insbesondere bei Menschen im Alter 50plus.","breadcrumb":{"@id":"https:\/\/newplace.ch\/stellenabbau-50-plus-reorganisationen\/#breadcrumb"},"inLanguage":"fr-FR","potentialAction":[{"@type":"ReadAction","target":["https:\/\/newplace.ch\/stellenabbau-50-plus-reorganisationen\/"]}]},{"@type":"ImageObject","inLanguage":"fr-FR","@id":"https:\/\/newplace.ch\/stellenabbau-50-plus-reorganisationen\/#primaryimage","url":"","contentUrl":""},{"@type":"BreadcrumbList","@id":"https:\/\/newplace.ch\/stellenabbau-50-plus-reorganisationen\/#breadcrumb","itemListElement":[{"@type":"ListItem","position":1,"name":"Startseite","item":"https:\/\/newplace.ch\/"},{"@type":"ListItem","position":2,"name":"Zunehmender Stellenabbau bei 50+ im Zuge von Reorganisationen"}]},{"@type":"WebSite","@id":"https:\/\/newplace.ch\/#website","url":"https:\/\/newplace.ch\/","name":"newplace","description":"","publisher":{"@id":"https:\/\/newplace.ch\/#organization"},"potentialAction":[{"@type":"SearchAction","target":{"@type":"EntryPoint","urlTemplate":"https:\/\/newplace.ch\/?s={search_term_string}"},"query-input":{"@type":"PropertyValueSpecification","valueRequired":true,"valueName":"search_term_string"}}],"inLanguage":"fr-FR"},{"@type":"Organization","@id":"https:\/\/newplace.ch\/#organization","name":"newplace AG","url":"https:\/\/newplace.ch\/","logo":{"@type":"ImageObject","inLanguage":"fr-FR","@id":"https:\/\/newplace.ch\/#\/schema\/logo\/image\/","url":"https:\/\/newplace.ch\/wp-content\/uploads\/2025\/02\/newplace.svg","contentUrl":"https:\/\/newplace.ch\/wp-content\/uploads\/2025\/02\/newplace.svg","width":345,"height":120,"caption":"newplace AG"},"image":{"@id":"https:\/\/newplace.ch\/#\/schema\/logo\/image\/"},"sameAs":["https:\/\/www.linkedin.com\/company\/newplace-ag"]},{"@type":"Person","@id":"https:\/\/newplace.ch\/#\/schema\/person\/4fb9d1c27d6b96b5b88d45e150fa59aa","name":"Eve Kaiser","image":{"@type":"ImageObject","inLanguage":"fr-FR","@id":"https:\/\/newplace.ch\/#\/schema\/person\/image\/","url":"https:\/\/secure.gravatar.com\/avatar\/7c2d6d328de78931d92c8d6e08d766db4ba97f53879eaba54c71747faeed578d?s=96&d=mm&r=g","contentUrl":"https:\/\/secure.gravatar.com\/avatar\/7c2d6d328de78931d92c8d6e08d766db4ba97f53879eaba54c71747faeed578d?s=96&d=mm&r=g","caption":"Eve Kaiser"}}]}},"_links":{"self":[{"href":"https:\/\/newplace.ch\/fr\/wp-json\/wp\/v2\/posts\/3420","targetHints":{"allow":["GET"]}}],"collection":[{"href":"https:\/\/newplace.ch\/fr\/wp-json\/wp\/v2\/posts"}],"about":[{"href":"https:\/\/newplace.ch\/fr\/wp-json\/wp\/v2\/types\/post"}],"author":[{"embeddable":true,"href":"https:\/\/newplace.ch\/fr\/wp-json\/wp\/v2\/users\/3"}],"replies":[{"embeddable":true,"href":"https:\/\/newplace.ch\/fr\/wp-json\/wp\/v2\/comments?post=3420"}],"version-history":[{"count":1,"href":"https:\/\/newplace.ch\/fr\/wp-json\/wp\/v2\/posts\/3420\/revisions"}],"predecessor-version":[{"id":4989,"href":"https:\/\/newplace.ch\/fr\/wp-json\/wp\/v2\/posts\/3420\/revisions\/4989"}],"wp:featuredmedia":[{"embeddable":true,"href":"https:\/\/newplace.ch\/fr\/wp-json\/"}],"wp:attachment":[{"href":"https:\/\/newplace.ch\/fr\/wp-json\/wp\/v2\/media?parent=3420"}],"wp:term":[{"taxonomy":"category","embeddable":true,"href":"https:\/\/newplace.ch\/fr\/wp-json\/wp\/v2\/categories?post=3420"},{"taxonomy":"post_tag","embeddable":true,"href":"https:\/\/newplace.ch\/fr\/wp-json\/wp\/v2\/tags?post=3420"}],"curies":[{"name":"wp","href":"https:\/\/api.w.org\/{rel}","templated":true}]}}