{"id":3352,"date":"2022-11-22T09:49:32","date_gmt":"2022-11-22T09:49:32","guid":{"rendered":"https:\/\/www.newplace.ch\/?p=3352"},"modified":"2025-03-27T13:33:45","modified_gmt":"2025-03-27T13:33:45","slug":"arbeitsmarkt-50-plus","status":"publish","type":"post","link":"https:\/\/newplace.ch\/fr\/arbeitsmarkt-50-plus\/","title":{"rendered":"Le march\u00e9 du travail avec 50 ans et plus : nous provoquons le changement"},"content":{"rendered":"<div class=\"wpb_text_column wpb_content_element\">\n<div class=\"wpb_wrapper\">\n<h2>Entrer sur le march\u00e9 du travail \u00e0 50 ans et plus ?<\/h2>\n<p>Trouver un nouvel emploi semble difficile, voire impossible pour de nombreuses personnes \u00e0 partir de la cinquantaine : L'\u00e2ge de la retraite approche, les co\u00fbts salariaux indirects sont plus \u00e9lev\u00e9s et, parfois, des pr\u00e9jug\u00e9s sur le manque de flexibilit\u00e9 ou la baisse de productivit\u00e9 pr\u00e9valent. Le site\u00a0<a href=\"https:\/\/newplace.ch\/fr\/\">newplace AG<\/a>\u00a0est donc tr\u00e8s soucieux de modifier \u00e0 long terme ces conditions-cadres pour les personnes actives plus \u00e2g\u00e9es. Nous sommes en outre fermement convaincus que, compte tenu du vieillissement de la population et de la p\u00e9nurie de main-d'\u0153uvre qualifi\u00e9e, il est indispensable de maintenir les travailleurs \u00e2g\u00e9s dans leur emploi et de r\u00e9int\u00e9grer les ch\u00f4meurs de plus de 50 ans dans la vie professionnelle.<\/p>\n<\/div>\n<\/div>\n<div class=\"vc_empty_space\"><\/div>\n<div class=\"wpb_text_column wpb_content_element\">\n<div class=\"wpb_wrapper\">\n<h2>Est-ce seulement la faute du mill\u00e9sime ?<\/h2>\n<p>L'\u00e2ge n'est pas un crit\u00e8re suffisant pour expliquer les difficult\u00e9s de r\u00e9insertion dans la vie professionnelle. Pour r\u00e9ussir \u00e0 r\u00e9int\u00e9grer le monde du travail, il est essentiel de disposer d'un dossier de candidature complet et soign\u00e9 sur son parcours ant\u00e9rieur, mais aussi de conna\u00eetre pr\u00e9cis\u00e9ment ses forces et ses faiblesses. Pour cela, nos instruments de\u00a0<a href=\"https:\/\/newplace.ch\/fr\/outplacement-arbeitnehmende\/#standortbestimmung\">Bilan de comp\u00e9tences<\/a>\u00a0Nous sommes l\u00e0 pour vous aider \u00e0 vous orienter et \u00e0 prendre un nouveau d\u00e9part dans ce contexte de tensions permanentes !<\/p>\n<\/div>\n<\/div>\n<div class=\"vc_empty_space\"><\/div>\n<div class=\"wpb_text_column wpb_content_element\">\n<div class=\"wpb_wrapper\">\n<p>Nous sommes heureux de pouvoir, avec nos partenaires de services\u00a0<a href=\"https:\/\/loopings.ch\/\">Loopings<\/a>\u00a0et\u00a0<a href=\"https:\/\/www.focus50plus.ch\/de\">focus50 plus<\/a>\u00a0de faire avancer de grands changements dans ce domaine du march\u00e9 du travail : Ensemble, nous faisons de grandes choses !<\/p>\n<\/div>\n<\/div>\n<div class=\"vc_empty_space\"><\/div>\n<div class=\"wpb_text_column wpb_content_element\">\n<div class=\"wpb_wrapper\">\n<p>Pour en savoir plus sur nos partenariats avec Loopings et focus50plus, cliquez ici.\u00a0<a href=\"https:\/\/newplace.ch\/fr\/loopings\/\">ici<\/a>\u00a0et\u00a0<a href=\"https:\/\/www.linkedin.com\/posts\/newplace-ag_wir-sind-focus50plus-activity-6998594313169305600-UaqJ?utm_source=share&amp;utm_medium=member_desktop\">Profil LinkedIn<\/a>.<\/p>\n<\/div>\n<\/div>\n<div class=\"vc_empty_space\"><\/div>\n<div class=\"wpb_text_column wpb_content_element\">\n<div class=\"wpb_wrapper\">\n<p><strong>Cela pourrait aussi vous int\u00e9resser :<\/strong><\/p>\n<ul>\n<li><a href=\"https:\/\/newplace.ch\/fr\/loopings\/\">Loopings met en r\u00e9seau tout ce qui concerne le travail avec 45+.<\/a><\/li>\n<li><a href=\"https:\/\/newplace.ch\/fr\/survivors-reorganisation\/\">Les \"survivants\" sont souvent perdus lors des mesures de r\u00e9organisation<\/a><\/li>\n<li><a href=\"https:\/\/newplace.ch\/fr\/gruende-outplacement-arbeitnehmer\/\">L'outplacement, une valeur ajout\u00e9e pour les travailleurs<\/a><\/li>\n<\/ul>\n<\/div>\n<\/div>","protected":false},"excerpt":{"rendered":"<p>Les personnes de 50 ans et plus \u00e0 la recherche d'un nouvel emploi n'ont pas la t\u00e2che facile sur le march\u00e9 du travail actuel. Mais avec une pr\u00e9paration comp\u00e9tente, la r\u00e9orientation et le repositionnement sont \u00e9galement r\u00e9ussis. <\/p>","protected":false},"author":6,"featured_media":3355,"comment_status":"open","ping_status":"open","sticky":false,"template":"","format":"standard","meta":{"_acf_changed":false,"footnotes":""},"categories":[11],"tags":[],"class_list":["post-3352","post","type-post","status-publish","format-standard","has-post-thumbnail","hentry","category-newplace"],"acf":[],"yoast_head":"<!-- This site is optimized with the Yoast SEO plugin v24.7 - https:\/\/yoast.com\/wordpress\/plugins\/seo\/ -->\n<title>Arbeitsmarkt 50 plus &#8226; gemeinsam ver\u00e4ndern wir<\/title>\n<meta name=\"description\" content=\"Trotz vielf\u00e4ltiger Potenziale ist eine Neuorientierung oder ein Wiedereinstieg im Arbeitsmarkt mit 50 plus mit Herausforderungen verbunden.\" \/>\n<meta name=\"robots\" content=\"index, follow, max-snippet:-1, max-image-preview:large, max-video-preview:-1\" \/>\n<link rel=\"canonical\" href=\"https:\/\/newplace.ch\/fr\/arbeitsmarkt-50-plus\/\" \/>\n<meta property=\"og:locale\" content=\"fr_FR\" \/>\n<meta property=\"og:type\" content=\"article\" \/>\n<meta property=\"og:title\" content=\"Arbeitsmarkt 50 plus &#8226; gemeinsam ver\u00e4ndern wir\" \/>\n<meta property=\"og:description\" content=\"Trotz vielf\u00e4ltiger Potenziale ist eine Neuorientierung oder ein Wiedereinstieg im Arbeitsmarkt mit 50 plus mit Herausforderungen verbunden.\" \/>\n<meta property=\"og:url\" content=\"https:\/\/newplace.ch\/fr\/arbeitsmarkt-50-plus\/\" \/>\n<meta property=\"og:site_name\" content=\"newplace\" \/>\n<meta property=\"article:published_time\" content=\"2022-11-22T09:49:32+00:00\" \/>\n<meta property=\"article:modified_time\" content=\"2025-03-27T13:33:45+00:00\" \/>\n<meta name=\"author\" content=\"Cornelia Steffen\" \/>\n<meta name=\"twitter:card\" content=\"summary_large_image\" \/>\n<script type=\"application\/ld+json\" class=\"yoast-schema-graph\">{\"@context\":\"https:\/\/schema.org\",\"@graph\":[{\"@type\":\"Article\",\"@id\":\"https:\/\/newplace.ch\/arbeitsmarkt-50-plus\/#article\",\"isPartOf\":{\"@id\":\"https:\/\/newplace.ch\/arbeitsmarkt-50-plus\/\"},\"author\":{\"name\":\"Cornelia Steffen\",\"@id\":\"https:\/\/newplace.ch\/#\/schema\/person\/f60d3b078c64d17e55733cd5e71a8430\"},\"headline\":\"Arbeitsmarkt mit 50 plus: Wir bewirken Ver\u00e4nderung\",\"datePublished\":\"2022-11-22T09:49:32+00:00\",\"dateModified\":\"2025-03-27T13:33:45+00:00\",\"mainEntityOfPage\":{\"@id\":\"https:\/\/newplace.ch\/arbeitsmarkt-50-plus\/\"},\"wordCount\":274,\"commentCount\":0,\"publisher\":{\"@id\":\"https:\/\/newplace.ch\/#organization\"},\"image\":{\"@id\":\"https:\/\/newplace.ch\/arbeitsmarkt-50-plus\/#primaryimage\"},\"thumbnailUrl\":\"\",\"articleSection\":[\"von newplace\"],\"inLanguage\":\"fr-FR\",\"potentialAction\":[{\"@type\":\"CommentAction\",\"name\":\"Comment\",\"target\":[\"https:\/\/newplace.ch\/arbeitsmarkt-50-plus\/#respond\"]}]},{\"@type\":\"WebPage\",\"@id\":\"https:\/\/newplace.ch\/arbeitsmarkt-50-plus\/\",\"url\":\"https:\/\/newplace.ch\/arbeitsmarkt-50-plus\/\",\"name\":\"Arbeitsmarkt 50 plus &#8226; gemeinsam ver\u00e4ndern wir\",\"isPartOf\":{\"@id\":\"https:\/\/newplace.ch\/#website\"},\"primaryImageOfPage\":{\"@id\":\"https:\/\/newplace.ch\/arbeitsmarkt-50-plus\/#primaryimage\"},\"image\":{\"@id\":\"https:\/\/newplace.ch\/arbeitsmarkt-50-plus\/#primaryimage\"},\"thumbnailUrl\":\"\",\"datePublished\":\"2022-11-22T09:49:32+00:00\",\"dateModified\":\"2025-03-27T13:33:45+00:00\",\"description\":\"Trotz vielf\u00e4ltiger Potenziale ist eine Neuorientierung oder ein Wiedereinstieg im Arbeitsmarkt mit 50 plus mit Herausforderungen verbunden.\",\"breadcrumb\":{\"@id\":\"https:\/\/newplace.ch\/arbeitsmarkt-50-plus\/#breadcrumb\"},\"inLanguage\":\"fr-FR\",\"potentialAction\":[{\"@type\":\"ReadAction\",\"target\":[\"https:\/\/newplace.ch\/arbeitsmarkt-50-plus\/\"]}]},{\"@type\":\"ImageObject\",\"inLanguage\":\"fr-FR\",\"@id\":\"https:\/\/newplace.ch\/arbeitsmarkt-50-plus\/#primaryimage\",\"url\":\"\",\"contentUrl\":\"\"},{\"@type\":\"BreadcrumbList\",\"@id\":\"https:\/\/newplace.ch\/arbeitsmarkt-50-plus\/#breadcrumb\",\"itemListElement\":[{\"@type\":\"ListItem\",\"position\":1,\"name\":\"Startseite\",\"item\":\"https:\/\/newplace.ch\/\"},{\"@type\":\"ListItem\",\"position\":2,\"name\":\"Arbeitsmarkt mit 50 plus: Wir bewirken Ver\u00e4nderung\"}]},{\"@type\":\"WebSite\",\"@id\":\"https:\/\/newplace.ch\/#website\",\"url\":\"https:\/\/newplace.ch\/\",\"name\":\"newplace\",\"description\":\"\",\"publisher\":{\"@id\":\"https:\/\/newplace.ch\/#organization\"},\"potentialAction\":[{\"@type\":\"SearchAction\",\"target\":{\"@type\":\"EntryPoint\",\"urlTemplate\":\"https:\/\/newplace.ch\/?s={search_term_string}\"},\"query-input\":{\"@type\":\"PropertyValueSpecification\",\"valueRequired\":true,\"valueName\":\"search_term_string\"}}],\"inLanguage\":\"fr-FR\"},{\"@type\":\"Organization\",\"@id\":\"https:\/\/newplace.ch\/#organization\",\"name\":\"newplace AG\",\"url\":\"https:\/\/newplace.ch\/\",\"logo\":{\"@type\":\"ImageObject\",\"inLanguage\":\"fr-FR\",\"@id\":\"https:\/\/newplace.ch\/#\/schema\/logo\/image\/\",\"url\":\"https:\/\/newplace.ch\/wp-content\/uploads\/2025\/02\/newplace.svg\",\"contentUrl\":\"https:\/\/newplace.ch\/wp-content\/uploads\/2025\/02\/newplace.svg\",\"width\":345,\"height\":120,\"caption\":\"newplace AG\"},\"image\":{\"@id\":\"https:\/\/newplace.ch\/#\/schema\/logo\/image\/\"},\"sameAs\":[\"https:\/\/www.linkedin.com\/company\/newplace-ag\"]},{\"@type\":\"Person\",\"@id\":\"https:\/\/newplace.ch\/#\/schema\/person\/f60d3b078c64d17e55733cd5e71a8430\",\"name\":\"Cornelia Steffen\",\"image\":{\"@type\":\"ImageObject\",\"inLanguage\":\"fr-FR\",\"@id\":\"https:\/\/newplace.ch\/#\/schema\/person\/image\/\",\"url\":\"https:\/\/secure.gravatar.com\/avatar\/aebe96983ca916db533ec4d57d4b633cd240f4c19f0c5662c1baea7faa9666e1?s=96&d=mm&r=g\",\"contentUrl\":\"https:\/\/secure.gravatar.com\/avatar\/aebe96983ca916db533ec4d57d4b633cd240f4c19f0c5662c1baea7faa9666e1?s=96&d=mm&r=g\",\"caption\":\"Cornelia Steffen\"}}]}<\/script>\n<!-- \/ Yoast SEO plugin. -->","yoast_head_json":{"title":"Arbeitsmarkt 50 plus &#8226; gemeinsam ver\u00e4ndern wir","description":"Trotz vielf\u00e4ltiger Potenziale ist eine Neuorientierung oder ein Wiedereinstieg im Arbeitsmarkt mit 50 plus mit Herausforderungen verbunden.","robots":{"index":"index","follow":"follow","max-snippet":"max-snippet:-1","max-image-preview":"max-image-preview:large","max-video-preview":"max-video-preview:-1"},"canonical":"https:\/\/newplace.ch\/fr\/arbeitsmarkt-50-plus\/","og_locale":"fr_FR","og_type":"article","og_title":"Arbeitsmarkt 50 plus &#8226; gemeinsam ver\u00e4ndern wir","og_description":"Trotz vielf\u00e4ltiger Potenziale ist eine Neuorientierung oder ein Wiedereinstieg im Arbeitsmarkt mit 50 plus mit Herausforderungen verbunden.","og_url":"https:\/\/newplace.ch\/fr\/arbeitsmarkt-50-plus\/","og_site_name":"newplace","article_published_time":"2022-11-22T09:49:32+00:00","article_modified_time":"2025-03-27T13:33:45+00:00","author":"Cornelia Steffen","twitter_card":"summary_large_image","schema":{"@context":"https:\/\/schema.org","@graph":[{"@type":"Article","@id":"https:\/\/newplace.ch\/arbeitsmarkt-50-plus\/#article","isPartOf":{"@id":"https:\/\/newplace.ch\/arbeitsmarkt-50-plus\/"},"author":{"name":"Cornelia Steffen","@id":"https:\/\/newplace.ch\/#\/schema\/person\/f60d3b078c64d17e55733cd5e71a8430"},"headline":"Arbeitsmarkt mit 50 plus: Wir bewirken Ver\u00e4nderung","datePublished":"2022-11-22T09:49:32+00:00","dateModified":"2025-03-27T13:33:45+00:00","mainEntityOfPage":{"@id":"https:\/\/newplace.ch\/arbeitsmarkt-50-plus\/"},"wordCount":274,"commentCount":0,"publisher":{"@id":"https:\/\/newplace.ch\/#organization"},"image":{"@id":"https:\/\/newplace.ch\/arbeitsmarkt-50-plus\/#primaryimage"},"thumbnailUrl":"","articleSection":["von newplace"],"inLanguage":"fr-FR","potentialAction":[{"@type":"CommentAction","name":"Comment","target":["https:\/\/newplace.ch\/arbeitsmarkt-50-plus\/#respond"]}]},{"@type":"WebPage","@id":"https:\/\/newplace.ch\/arbeitsmarkt-50-plus\/","url":"https:\/\/newplace.ch\/arbeitsmarkt-50-plus\/","name":"Arbeitsmarkt 50 plus &#8226; gemeinsam ver\u00e4ndern wir","isPartOf":{"@id":"https:\/\/newplace.ch\/#website"},"primaryImageOfPage":{"@id":"https:\/\/newplace.ch\/arbeitsmarkt-50-plus\/#primaryimage"},"image":{"@id":"https:\/\/newplace.ch\/arbeitsmarkt-50-plus\/#primaryimage"},"thumbnailUrl":"","datePublished":"2022-11-22T09:49:32+00:00","dateModified":"2025-03-27T13:33:45+00:00","description":"Trotz vielf\u00e4ltiger Potenziale ist eine Neuorientierung oder ein Wiedereinstieg im Arbeitsmarkt mit 50 plus mit Herausforderungen verbunden.","breadcrumb":{"@id":"https:\/\/newplace.ch\/arbeitsmarkt-50-plus\/#breadcrumb"},"inLanguage":"fr-FR","potentialAction":[{"@type":"ReadAction","target":["https:\/\/newplace.ch\/arbeitsmarkt-50-plus\/"]}]},{"@type":"ImageObject","inLanguage":"fr-FR","@id":"https:\/\/newplace.ch\/arbeitsmarkt-50-plus\/#primaryimage","url":"","contentUrl":""},{"@type":"BreadcrumbList","@id":"https:\/\/newplace.ch\/arbeitsmarkt-50-plus\/#breadcrumb","itemListElement":[{"@type":"ListItem","position":1,"name":"Startseite","item":"https:\/\/newplace.ch\/"},{"@type":"ListItem","position":2,"name":"Arbeitsmarkt mit 50 plus: Wir bewirken Ver\u00e4nderung"}]},{"@type":"WebSite","@id":"https:\/\/newplace.ch\/#website","url":"https:\/\/newplace.ch\/","name":"newplace","description":"","publisher":{"@id":"https:\/\/newplace.ch\/#organization"},"potentialAction":[{"@type":"SearchAction","target":{"@type":"EntryPoint","urlTemplate":"https:\/\/newplace.ch\/?s={search_term_string}"},"query-input":{"@type":"PropertyValueSpecification","valueRequired":true,"valueName":"search_term_string"}}],"inLanguage":"fr-FR"},{"@type":"Organization","@id":"https:\/\/newplace.ch\/#organization","name":"newplace AG","url":"https:\/\/newplace.ch\/","logo":{"@type":"ImageObject","inLanguage":"fr-FR","@id":"https:\/\/newplace.ch\/#\/schema\/logo\/image\/","url":"https:\/\/newplace.ch\/wp-content\/uploads\/2025\/02\/newplace.svg","contentUrl":"https:\/\/newplace.ch\/wp-content\/uploads\/2025\/02\/newplace.svg","width":345,"height":120,"caption":"newplace AG"},"image":{"@id":"https:\/\/newplace.ch\/#\/schema\/logo\/image\/"},"sameAs":["https:\/\/www.linkedin.com\/company\/newplace-ag"]},{"@type":"Person","@id":"https:\/\/newplace.ch\/#\/schema\/person\/f60d3b078c64d17e55733cd5e71a8430","name":"Cornelia Steffen","image":{"@type":"ImageObject","inLanguage":"fr-FR","@id":"https:\/\/newplace.ch\/#\/schema\/person\/image\/","url":"https:\/\/secure.gravatar.com\/avatar\/aebe96983ca916db533ec4d57d4b633cd240f4c19f0c5662c1baea7faa9666e1?s=96&d=mm&r=g","contentUrl":"https:\/\/secure.gravatar.com\/avatar\/aebe96983ca916db533ec4d57d4b633cd240f4c19f0c5662c1baea7faa9666e1?s=96&d=mm&r=g","caption":"Cornelia Steffen"}}]}},"_links":{"self":[{"href":"https:\/\/newplace.ch\/fr\/wp-json\/wp\/v2\/posts\/3352","targetHints":{"allow":["GET"]}}],"collection":[{"href":"https:\/\/newplace.ch\/fr\/wp-json\/wp\/v2\/posts"}],"about":[{"href":"https:\/\/newplace.ch\/fr\/wp-json\/wp\/v2\/types\/post"}],"author":[{"embeddable":true,"href":"https:\/\/newplace.ch\/fr\/wp-json\/wp\/v2\/users\/6"}],"replies":[{"embeddable":true,"href":"https:\/\/newplace.ch\/fr\/wp-json\/wp\/v2\/comments?post=3352"}],"version-history":[{"count":1,"href":"https:\/\/newplace.ch\/fr\/wp-json\/wp\/v2\/posts\/3352\/revisions"}],"predecessor-version":[{"id":4990,"href":"https:\/\/newplace.ch\/fr\/wp-json\/wp\/v2\/posts\/3352\/revisions\/4990"}],"wp:featuredmedia":[{"embeddable":true,"href":"https:\/\/newplace.ch\/fr\/wp-json\/"}],"wp:attachment":[{"href":"https:\/\/newplace.ch\/fr\/wp-json\/wp\/v2\/media?parent=3352"}],"wp:term":[{"taxonomy":"category","embeddable":true,"href":"https:\/\/newplace.ch\/fr\/wp-json\/wp\/v2\/categories?post=3352"},{"taxonomy":"post_tag","embeddable":true,"href":"https:\/\/newplace.ch\/fr\/wp-json\/wp\/v2\/tags?post=3352"}],"curies":[{"name":"wp","href":"https:\/\/api.w.org\/{rel}","templated":true}]}}