{"id":3176,"date":"2022-05-05T08:25:16","date_gmt":"2022-05-05T08:25:16","guid":{"rendered":"https:\/\/www.newplace.ch\/?p=3176"},"modified":"2025-03-27T13:33:45","modified_gmt":"2025-03-27T13:33:45","slug":"kuendigung-aussprechen","status":"publish","type":"post","link":"https:\/\/newplace.ch\/fr\/kuendigung-aussprechen\/","title":{"rendered":"Annoncer son licenciement : Comment l'annoncer au collaborateur ?"},"content":{"rendered":"<div class=\"wpb_text_column wpb_content_element\">\n<div class=\"wpb_wrapper\">\n<p>Annoncer \u00e0 quelqu'un qu'il n'aura bient\u00f4t plus de travail n'est pas une t\u00e2che facile pour la plupart des gens. On a peur d'offenser l'autre, voire de d\u00e9clencher des r\u00e9actions \u00e9motionnelles violentes.<br \/>\nDans l'id\u00e9al, le licenciement n'est pas inattendu pour le collaborateur concern\u00e9, mais intervient apr\u00e8s une s\u00e9rie d'entretiens au cours desquels on a d\u00e9j\u00e0 discut\u00e9 des changements n\u00e9cessaires dans le comportement, les performances ou les structures organisationnelles. La pratique montre toutefois que ce n'est pas toujours le cas et que les licenciements peuvent tout \u00e0 fait survenir par surprise.<\/p>\n<p>Il est donc d'autant plus important de prononcer le licenciement de mani\u00e8re empathique, mais claire et juste, et ce personnellement sur place, et non par t\u00e9l\u00e9phone ou par vid\u00e9oconf\u00e9rence. En tant que sup\u00e9rieur hi\u00e9rarchique, il est en outre conseill\u00e9 de faire appel \u00e0 quelqu'un des RH pour vous soutenir et de bien vous pr\u00e9parer, tant sur le plan du contenu que sur le plan mental.<\/p>\n<\/div>\n<\/div>\n<div class=\"vc_empty_space\"><\/div>\n<div class=\"wpb_text_column wpb_content_element\">\n<div class=\"wpb_wrapper\">\n<h2>Mais comment le dire concr\u00e8tement au collaborateur ? \u00c0 quoi dois-je faire attention et que dois-je absolument \u00e9viter ? Comment entamer un tel entretien ?<\/h2>\n<\/div>\n<\/div>\n<div class=\"vc_empty_space\"><\/div>\n<div class=\"wpb_text_column wpb_content_element\">\n<div class=\"wpb_wrapper\">\n<p>Dans la pratique, la proc\u00e9dure suivante a fait ses preuves :<\/p>\n<p><strong>Phase 1 -<\/strong>\u00a0<strong>Prononcer et motiver le licenciement :\u00a0<\/strong>Le sup\u00e9rieur hi\u00e9rarchique devrait prononcer le licenciement assez rapidement et directement, et le motiver de mani\u00e8re br\u00e8ve et objective. Il doit \u00e9viter les erreurs suivantes : explications alambiqu\u00e9es et r\u00e9p\u00e9titives, excuses et justifications, affirmation que le licenciement ne serait pas prononc\u00e9 s'il \u00e9tait seul \u00e0 d\u00e9cider, se placer exclusivement du point de vue l\u00e9gal et faire des remarques inutilement r\u00e9confortantes et triviales.<\/p>\n<p><strong>Phase 2 - Capter la r\u00e9action \u00e9motionnelle :\u00a0<\/strong>Il est maintenant important d'\u00e9couter et de faire preuve de compr\u00e9hension pour les \u00e9ventuelles r\u00e9actions \u00e9motionnelles. De nombreuses personnes concern\u00e9es r\u00e9agissent soit de mani\u00e8re d\u00e9fensive (retrait), soit de mani\u00e8re agressive (attaque), soit de mani\u00e8re distante (d\u00e9ni), soit de mani\u00e8re rationnelle (d\u00e9mission en tant que business). L'empathie et l'humanit\u00e9 sont ici essentielles.<\/p>\n<p><strong>Phase 3 - Orientation vers l'avenir :<\/strong>\u00a0Montrer au collaborateur les aides dont il peut b\u00e9n\u00e9ficier pendant le temps qui lui reste.<\/p>\n<p><strong>Phase 4 - Concertation sur la suite des op\u00e9rations :<\/strong>\u00a0Si possible, il s'agit enfin de clarifier la mani\u00e8re dont on organise la p\u00e9riode jusqu'\u00e0 la fin de l'engagement (dernier jour de travail, vacances restantes, communication interne et externe, conclusion et transfert des t\u00e2ches, etc.) D'un point de vue purement formel, on fait en outre signer la r\u00e9siliation.<\/p>\n<p>Un entretien de licenciement n'est donc pas facile et il est normal de se sentir inquiet, maladroit ou m\u00eame coupable en tant que porteur de la nouvelle. Mais avec une bonne pr\u00e9paration, de l'empathie et de la clart\u00e9, il est possible de mener des entretiens de licenciement de mani\u00e8re professionnelle, juste et surtout humaine. Car le licenciement doit mettre fin \u00e0 la relation de travail, et non \u00e0 l'avenir du collaborateur.<\/p>\n<\/div>\n<\/div>\n<div class=\"vc_empty_space\"><\/div>\n<div class=\"wpb_text_column wpb_content_element\">\n<div class=\"wpb_wrapper\">\n<p>Nous nous ferons un plaisir de vous pr\u00e9senter les services de newplace, sans engagement. N'h\u00e9sitez pas \u00e0 nous contacter !<\/p>\n<\/div>\n<\/div>\n<div class=\"vc_empty_space\"><\/div>\n<div class=\"wpb_text_column wpb_content_element\">\n<div class=\"wpb_wrapper\">\n<p><strong>Cela pourrait aussi vous int\u00e9resser :<\/strong><\/p>\n<ul>\n<li><a href=\"https:\/\/newplace.ch\/fr\/kuendigung-fair-gestalten\/\">Tous les adieux sont difficiles<\/a><\/li>\n<li><a href=\"https:\/\/newplace.ch\/fr\/trennung-im-beruflichen-umfeld\/\">Pourquoi avons-nous tant de mal \u00e0 nous s\u00e9parer ?<\/a><\/li>\n<li><a href=\"https:\/\/newplace.ch\/fr\/gruende-outplacement-arbeitgeber\/\">L'outplacement, une valeur ajout\u00e9e pour les employeurs<\/a><\/li>\n<\/ul>\n<\/div>\n<\/div>","protected":false},"excerpt":{"rendered":"<p>Devoir annoncer \u00e0 quelqu'un qu'il n'aura bient\u00f4t plus de travail n'est probablement pas une t\u00e2che facile pour la plupart des gens. Un guide pour rendre le licenciement juste, emphatique et aussi clair que possible.<\/p>","protected":false},"author":6,"featured_media":3187,"comment_status":"open","ping_status":"open","sticky":false,"template":"","format":"standard","meta":{"_acf_changed":false,"footnotes":""},"categories":[11],"tags":[],"class_list":["post-3176","post","type-post","status-publish","format-standard","has-post-thumbnail","hentry","category-newplace"],"acf":[],"yoast_head":"<!-- This site is optimized with the Yoast SEO plugin v27.5 - https:\/\/yoast.com\/product\/yoast-seo-wordpress\/ -->\n<title>K\u00fcndigung aussprechen: Wie sage ich es dem Mitarbeitenden?<\/title>\n<meta name=\"description\" content=\"Eine K\u00fcndigung aussprechen zu m\u00fcssen, ist f\u00fcr die meisten keine leichte Aufgabe. Ein Leitfaden f\u00fcr das K\u00fcndigungsgespr\u00e4ch\" \/>\n<meta name=\"robots\" content=\"index, follow, max-snippet:-1, max-image-preview:large, max-video-preview:-1\" \/>\n<link rel=\"canonical\" href=\"https:\/\/newplace.ch\/fr\/kuendigung-aussprechen\/\" \/>\n<meta property=\"og:locale\" content=\"fr_FR\" \/>\n<meta property=\"og:type\" content=\"article\" \/>\n<meta property=\"og:title\" content=\"K\u00fcndigung aussprechen: Wie sage ich es dem Mitarbeitenden?\" \/>\n<meta property=\"og:description\" content=\"Eine K\u00fcndigung aussprechen zu m\u00fcssen, ist f\u00fcr die meisten keine leichte Aufgabe. Ein Leitfaden f\u00fcr das K\u00fcndigungsgespr\u00e4ch\" \/>\n<meta property=\"og:url\" content=\"https:\/\/newplace.ch\/fr\/kuendigung-aussprechen\/\" \/>\n<meta property=\"og:site_name\" content=\"newplace\" \/>\n<meta property=\"article:published_time\" content=\"2022-05-05T08:25:16+00:00\" \/>\n<meta property=\"article:modified_time\" content=\"2025-03-27T13:33:45+00:00\" \/>\n<meta name=\"author\" content=\"Cornelia Steffen\" \/>\n<meta name=\"twitter:card\" content=\"summary_large_image\" \/>\n<script type=\"application\/ld+json\" class=\"yoast-schema-graph\">{\"@context\":\"https:\\\/\\\/schema.org\",\"@graph\":[{\"@type\":\"Article\",\"@id\":\"https:\\\/\\\/newplace.ch\\\/kuendigung-aussprechen\\\/#article\",\"isPartOf\":{\"@id\":\"https:\\\/\\\/newplace.ch\\\/kuendigung-aussprechen\\\/\"},\"author\":{\"name\":\"Cornelia Steffen\",\"@id\":\"https:\\\/\\\/newplace.ch\\\/#\\\/schema\\\/person\\\/f60d3b078c64d17e55733cd5e71a8430\"},\"headline\":\"K\u00fcndigung aussprechen: Wie sage ich es dem Mitarbeitenden?\",\"datePublished\":\"2022-05-05T08:25:16+00:00\",\"dateModified\":\"2025-03-27T13:33:45+00:00\",\"mainEntityOfPage\":{\"@id\":\"https:\\\/\\\/newplace.ch\\\/kuendigung-aussprechen\\\/\"},\"wordCount\":483,\"commentCount\":0,\"publisher\":{\"@id\":\"https:\\\/\\\/newplace.ch\\\/#organization\"},\"image\":{\"@id\":\"https:\\\/\\\/newplace.ch\\\/kuendigung-aussprechen\\\/#primaryimage\"},\"thumbnailUrl\":\"\",\"articleSection\":[\"von newplace\"],\"inLanguage\":\"fr-FR\",\"potentialAction\":[{\"@type\":\"CommentAction\",\"name\":\"Comment\",\"target\":[\"https:\\\/\\\/newplace.ch\\\/kuendigung-aussprechen\\\/#respond\"]}]},{\"@type\":\"WebPage\",\"@id\":\"https:\\\/\\\/newplace.ch\\\/kuendigung-aussprechen\\\/\",\"url\":\"https:\\\/\\\/newplace.ch\\\/kuendigung-aussprechen\\\/\",\"name\":\"K\u00fcndigung aussprechen: Wie sage ich es dem Mitarbeitenden?\",\"isPartOf\":{\"@id\":\"https:\\\/\\\/newplace.ch\\\/#website\"},\"primaryImageOfPage\":{\"@id\":\"https:\\\/\\\/newplace.ch\\\/kuendigung-aussprechen\\\/#primaryimage\"},\"image\":{\"@id\":\"https:\\\/\\\/newplace.ch\\\/kuendigung-aussprechen\\\/#primaryimage\"},\"thumbnailUrl\":\"\",\"datePublished\":\"2022-05-05T08:25:16+00:00\",\"dateModified\":\"2025-03-27T13:33:45+00:00\",\"description\":\"Eine K\u00fcndigung aussprechen zu m\u00fcssen, ist f\u00fcr die meisten keine leichte Aufgabe. Ein Leitfaden f\u00fcr das K\u00fcndigungsgespr\u00e4ch\",\"breadcrumb\":{\"@id\":\"https:\\\/\\\/newplace.ch\\\/kuendigung-aussprechen\\\/#breadcrumb\"},\"inLanguage\":\"fr-FR\",\"potentialAction\":[{\"@type\":\"ReadAction\",\"target\":[\"https:\\\/\\\/newplace.ch\\\/kuendigung-aussprechen\\\/\"]}]},{\"@type\":\"ImageObject\",\"inLanguage\":\"fr-FR\",\"@id\":\"https:\\\/\\\/newplace.ch\\\/kuendigung-aussprechen\\\/#primaryimage\",\"url\":\"\",\"contentUrl\":\"\"},{\"@type\":\"BreadcrumbList\",\"@id\":\"https:\\\/\\\/newplace.ch\\\/kuendigung-aussprechen\\\/#breadcrumb\",\"itemListElement\":[{\"@type\":\"ListItem\",\"position\":1,\"name\":\"Startseite\",\"item\":\"https:\\\/\\\/newplace.ch\\\/\"},{\"@type\":\"ListItem\",\"position\":2,\"name\":\"K\u00fcndigung aussprechen: Wie sage ich es dem Mitarbeitenden?\"}]},{\"@type\":\"WebSite\",\"@id\":\"https:\\\/\\\/newplace.ch\\\/#website\",\"url\":\"https:\\\/\\\/newplace.ch\\\/\",\"name\":\"newplace\",\"description\":\"\",\"publisher\":{\"@id\":\"https:\\\/\\\/newplace.ch\\\/#organization\"},\"potentialAction\":[{\"@type\":\"SearchAction\",\"target\":{\"@type\":\"EntryPoint\",\"urlTemplate\":\"https:\\\/\\\/newplace.ch\\\/?s={search_term_string}\"},\"query-input\":{\"@type\":\"PropertyValueSpecification\",\"valueRequired\":true,\"valueName\":\"search_term_string\"}}],\"inLanguage\":\"fr-FR\"},{\"@type\":\"Organization\",\"@id\":\"https:\\\/\\\/newplace.ch\\\/#organization\",\"name\":\"newplace AG\",\"url\":\"https:\\\/\\\/newplace.ch\\\/\",\"logo\":{\"@type\":\"ImageObject\",\"inLanguage\":\"fr-FR\",\"@id\":\"https:\\\/\\\/newplace.ch\\\/#\\\/schema\\\/logo\\\/image\\\/\",\"url\":\"https:\\\/\\\/newplace.ch\\\/wp-content\\\/uploads\\\/2025\\\/02\\\/newplace.svg\",\"contentUrl\":\"https:\\\/\\\/newplace.ch\\\/wp-content\\\/uploads\\\/2025\\\/02\\\/newplace.svg\",\"width\":345,\"height\":120,\"caption\":\"newplace AG\"},\"image\":{\"@id\":\"https:\\\/\\\/newplace.ch\\\/#\\\/schema\\\/logo\\\/image\\\/\"},\"sameAs\":[\"https:\\\/\\\/www.linkedin.com\\\/company\\\/newplace-ag\"]},{\"@type\":\"Person\",\"@id\":\"https:\\\/\\\/newplace.ch\\\/#\\\/schema\\\/person\\\/f60d3b078c64d17e55733cd5e71a8430\",\"name\":\"Cornelia Steffen\",\"image\":{\"@type\":\"ImageObject\",\"inLanguage\":\"fr-FR\",\"@id\":\"https:\\\/\\\/secure.gravatar.com\\\/avatar\\\/aebe96983ca916db533ec4d57d4b633cd240f4c19f0c5662c1baea7faa9666e1?s=96&d=mm&r=g\",\"url\":\"https:\\\/\\\/secure.gravatar.com\\\/avatar\\\/aebe96983ca916db533ec4d57d4b633cd240f4c19f0c5662c1baea7faa9666e1?s=96&d=mm&r=g\",\"contentUrl\":\"https:\\\/\\\/secure.gravatar.com\\\/avatar\\\/aebe96983ca916db533ec4d57d4b633cd240f4c19f0c5662c1baea7faa9666e1?s=96&d=mm&r=g\",\"caption\":\"Cornelia Steffen\"}}]}<\/script>\n<!-- \/ Yoast SEO plugin. -->","yoast_head_json":{"title":"Annoncer son licenciement : Comment l'annoncer au collaborateur ?","description":"Eine K\u00fcndigung aussprechen zu m\u00fcssen, ist f\u00fcr die meisten keine leichte Aufgabe. Ein Leitfaden f\u00fcr das K\u00fcndigungsgespr\u00e4ch","robots":{"index":"index","follow":"follow","max-snippet":"max-snippet:-1","max-image-preview":"max-image-preview:large","max-video-preview":"max-video-preview:-1"},"canonical":"https:\/\/newplace.ch\/fr\/kuendigung-aussprechen\/","og_locale":"fr_FR","og_type":"article","og_title":"K\u00fcndigung aussprechen: Wie sage ich es dem Mitarbeitenden?","og_description":"Eine K\u00fcndigung aussprechen zu m\u00fcssen, ist f\u00fcr die meisten keine leichte Aufgabe. Ein Leitfaden f\u00fcr das K\u00fcndigungsgespr\u00e4ch","og_url":"https:\/\/newplace.ch\/fr\/kuendigung-aussprechen\/","og_site_name":"newplace","article_published_time":"2022-05-05T08:25:16+00:00","article_modified_time":"2025-03-27T13:33:45+00:00","author":"Cornelia Steffen","twitter_card":"summary_large_image","schema":{"@context":"https:\/\/schema.org","@graph":[{"@type":"Article","@id":"https:\/\/newplace.ch\/kuendigung-aussprechen\/#article","isPartOf":{"@id":"https:\/\/newplace.ch\/kuendigung-aussprechen\/"},"author":{"name":"Cornelia Steffen","@id":"https:\/\/newplace.ch\/#\/schema\/person\/f60d3b078c64d17e55733cd5e71a8430"},"headline":"K\u00fcndigung aussprechen: Wie sage ich es dem Mitarbeitenden?","datePublished":"2022-05-05T08:25:16+00:00","dateModified":"2025-03-27T13:33:45+00:00","mainEntityOfPage":{"@id":"https:\/\/newplace.ch\/kuendigung-aussprechen\/"},"wordCount":483,"commentCount":0,"publisher":{"@id":"https:\/\/newplace.ch\/#organization"},"image":{"@id":"https:\/\/newplace.ch\/kuendigung-aussprechen\/#primaryimage"},"thumbnailUrl":"","articleSection":["von newplace"],"inLanguage":"fr-FR","potentialAction":[{"@type":"CommentAction","name":"Comment","target":["https:\/\/newplace.ch\/kuendigung-aussprechen\/#respond"]}]},{"@type":"WebPage","@id":"https:\/\/newplace.ch\/kuendigung-aussprechen\/","url":"https:\/\/newplace.ch\/kuendigung-aussprechen\/","name":"Annoncer son licenciement : Comment l'annoncer au collaborateur ?","isPartOf":{"@id":"https:\/\/newplace.ch\/#website"},"primaryImageOfPage":{"@id":"https:\/\/newplace.ch\/kuendigung-aussprechen\/#primaryimage"},"image":{"@id":"https:\/\/newplace.ch\/kuendigung-aussprechen\/#primaryimage"},"thumbnailUrl":"","datePublished":"2022-05-05T08:25:16+00:00","dateModified":"2025-03-27T13:33:45+00:00","description":"Eine K\u00fcndigung aussprechen zu m\u00fcssen, ist f\u00fcr die meisten keine leichte Aufgabe. Ein Leitfaden f\u00fcr das K\u00fcndigungsgespr\u00e4ch","breadcrumb":{"@id":"https:\/\/newplace.ch\/kuendigung-aussprechen\/#breadcrumb"},"inLanguage":"fr-FR","potentialAction":[{"@type":"ReadAction","target":["https:\/\/newplace.ch\/kuendigung-aussprechen\/"]}]},{"@type":"ImageObject","inLanguage":"fr-FR","@id":"https:\/\/newplace.ch\/kuendigung-aussprechen\/#primaryimage","url":"","contentUrl":""},{"@type":"BreadcrumbList","@id":"https:\/\/newplace.ch\/kuendigung-aussprechen\/#breadcrumb","itemListElement":[{"@type":"ListItem","position":1,"name":"Startseite","item":"https:\/\/newplace.ch\/"},{"@type":"ListItem","position":2,"name":"K\u00fcndigung aussprechen: Wie sage ich es dem Mitarbeitenden?"}]},{"@type":"WebSite","@id":"https:\/\/newplace.ch\/#website","url":"https:\/\/newplace.ch\/","name":"newplace","description":"","publisher":{"@id":"https:\/\/newplace.ch\/#organization"},"potentialAction":[{"@type":"SearchAction","target":{"@type":"EntryPoint","urlTemplate":"https:\/\/newplace.ch\/?s={search_term_string}"},"query-input":{"@type":"PropertyValueSpecification","valueRequired":true,"valueName":"search_term_string"}}],"inLanguage":"fr-FR"},{"@type":"Organization","@id":"https:\/\/newplace.ch\/#organization","name":"newplace AG","url":"https:\/\/newplace.ch\/","logo":{"@type":"ImageObject","inLanguage":"fr-FR","@id":"https:\/\/newplace.ch\/#\/schema\/logo\/image\/","url":"https:\/\/newplace.ch\/wp-content\/uploads\/2025\/02\/newplace.svg","contentUrl":"https:\/\/newplace.ch\/wp-content\/uploads\/2025\/02\/newplace.svg","width":345,"height":120,"caption":"newplace AG"},"image":{"@id":"https:\/\/newplace.ch\/#\/schema\/logo\/image\/"},"sameAs":["https:\/\/www.linkedin.com\/company\/newplace-ag"]},{"@type":"Person","@id":"https:\/\/newplace.ch\/#\/schema\/person\/f60d3b078c64d17e55733cd5e71a8430","name":"Cornelia Steffen","image":{"@type":"ImageObject","inLanguage":"fr-FR","@id":"https:\/\/secure.gravatar.com\/avatar\/aebe96983ca916db533ec4d57d4b633cd240f4c19f0c5662c1baea7faa9666e1?s=96&d=mm&r=g","url":"https:\/\/secure.gravatar.com\/avatar\/aebe96983ca916db533ec4d57d4b633cd240f4c19f0c5662c1baea7faa9666e1?s=96&d=mm&r=g","contentUrl":"https:\/\/secure.gravatar.com\/avatar\/aebe96983ca916db533ec4d57d4b633cd240f4c19f0c5662c1baea7faa9666e1?s=96&d=mm&r=g","caption":"Cornelia Steffen"}}]}},"_links":{"self":[{"href":"https:\/\/newplace.ch\/fr\/wp-json\/wp\/v2\/posts\/3176","targetHints":{"allow":["GET"]}}],"collection":[{"href":"https:\/\/newplace.ch\/fr\/wp-json\/wp\/v2\/posts"}],"about":[{"href":"https:\/\/newplace.ch\/fr\/wp-json\/wp\/v2\/types\/post"}],"author":[{"embeddable":true,"href":"https:\/\/newplace.ch\/fr\/wp-json\/wp\/v2\/users\/6"}],"replies":[{"embeddable":true,"href":"https:\/\/newplace.ch\/fr\/wp-json\/wp\/v2\/comments?post=3176"}],"version-history":[{"count":1,"href":"https:\/\/newplace.ch\/fr\/wp-json\/wp\/v2\/posts\/3176\/revisions"}],"predecessor-version":[{"id":4995,"href":"https:\/\/newplace.ch\/fr\/wp-json\/wp\/v2\/posts\/3176\/revisions\/4995"}],"wp:featuredmedia":[{"embeddable":true,"href":"https:\/\/newplace.ch\/fr\/wp-json\/"}],"wp:attachment":[{"href":"https:\/\/newplace.ch\/fr\/wp-json\/wp\/v2\/media?parent=3176"}],"wp:term":[{"taxonomy":"category","embeddable":true,"href":"https:\/\/newplace.ch\/fr\/wp-json\/wp\/v2\/categories?post=3176"},{"taxonomy":"post_tag","embeddable":true,"href":"https:\/\/newplace.ch\/fr\/wp-json\/wp\/v2\/tags?post=3176"}],"curies":[{"name":"wp","href":"https:\/\/api.w.org\/{rel}","templated":true}]}}