{"id":3110,"date":"2022-01-13T17:09:15","date_gmt":"2022-01-13T17:09:15","guid":{"rendered":"https:\/\/www.newplace.ch\/?p=3110"},"modified":"2025-03-27T13:33:45","modified_gmt":"2025-03-27T13:33:45","slug":"kuendigung-fair-gestalten","status":"publish","type":"post","link":"https:\/\/newplace.ch\/fr\/kuendigung-fair-gestalten\/","title":{"rendered":"Tous les adieux sont difficiles"},"content":{"rendered":"<div class=\"wpb_text_column wpb_content_element\">\n<div class=\"wpb_wrapper\">\n<p><strong>Contrairement aux Etats-Unis et \u00e0 la Grande-Bretagne, la Suisse a \u00e9t\u00e9 \u00e9pargn\u00e9e jusqu'\u00e0 pr\u00e9sent par la grande vague de licenciements - malgr\u00e9 la crise de Corona. Comme le montre\u00a0<\/strong><a href=\"https:\/\/www.handelszeitung.ch\/beruf\/jobwechsel-vergesst-die-great-resignation\"><strong>Handelszeitung<\/strong><\/a><strong>\u00a0le niveau de l'emploi au troisi\u00e8me trimestre 2021 \u00e9tait m\u00eame plus \u00e9lev\u00e9 qu'avant la crise et 75 000 nouveaux postes ont \u00e9t\u00e9 cr\u00e9\u00e9s.<\/strong><\/p>\n<p>La Handelszeitung voit une raison possible de cette \u00e9volution positive dans la bonne gestion de la crise par le gouvernement, qui s'est focalis\u00e9 sur le maintien des emplois, par exemple avec le ch\u00f4mage partiel. Une autre raison pourrait toutefois \u00eatre l'ins\u00e9curit\u00e9 g\u00e9n\u00e9rale qui a conduit les gens - malgr\u00e9 une \u00e9ventuelle insatisfaction au travail - \u00e0 reporter un licenciement depuis mars 2020, de peur de ne pas trouver un nouvel emploi.<\/p>\n<p>Et l'insatisfaction semble grande, comme le sugg\u00e8re l'enqu\u00eate d'une entreprise de services du personnel : environ 50% des employ\u00e9s suisses seraient insatisfaits de leur travail. La question se pose alors, pour les employ\u00e9s* comme pour les employeurs, de savoir dans quelle mesure les collaborateurs qui ne font leur travail qu'\u00e0 moiti\u00e9 sont encore productifs et efficaces.<\/p>\n<\/div>\n<\/div>\n<div class=\"vc_empty_space\"><\/div>\n<div class=\"wpb_text_column wpb_content_element\">\n<div class=\"wpb_wrapper\">\n<h2>Il est difficile pour beaucoup de gens de dire au revoir \u00e0 quelque chose qui ne va plus depuis longtemps.<\/h2>\n<\/div>\n<\/div>\n<div class=\"vc_empty_space\"><\/div>\n<div class=\"wpb_text_column wpb_content_element\">\n<div class=\"wpb_wrapper\">\n<p>Mieux vaut un moineau dans la main qu'un pigeon sur le toit, semble se dire l'un ou l'autre. Et les sup\u00e9rieurs hi\u00e9rarchiques ne prennent pas non plus \u00e0 la l\u00e9g\u00e8re la d\u00e9cision de se s\u00e9parer d'un collaborateur. En r\u00e8gle g\u00e9n\u00e9rale, ils ont eu de nombreux entretiens avec la personne concern\u00e9e et ont pris de nombreuses mesures pour \u00e9viter une telle d\u00e9cision. Le licenciement est g\u00e9n\u00e9ralement la solution de dernier recours.<\/p>\n<p>Si un licenciement intervient finalement, il est essentiel d'organiser le processus de s\u00e9paration avec autant de soin et d'empathie que possible. En effet, elles sont toujours \u00e9motionnelles, non seulement pour les personnes directement concern\u00e9es, mais aussi pour les collaborateurs \"survivants\", qui r\u00e9agissent souvent avec beaucoup d'ins\u00e9curit\u00e9 - surtout lorsque plusieurs collaborateurs quittent l'entreprise en m\u00eame temps. Dans de telles situations, il peut \u00eatre judicieux de faire appel \u00e0 des professionnels pour soutenir le processus de s\u00e9paration.<\/p>\n<p>Chez Newplace, des sp\u00e9cialistes du droit du travail, des ressources humaines, du march\u00e9 du travail et du coaching travaillent main dans la main et conseillent sur les questions de droit du travail, \u00e9laborent des plans sociaux ou soutiennent les personnes concern\u00e9es dans leur recherche d'un nouvel emploi avec empathie et professionnalisme.<\/p>\n<\/div>\n<\/div>\n<div class=\"vc_empty_space\"><\/div>\n<div class=\"wpb_text_column wpb_content_element\">\n<div class=\"wpb_wrapper\">\n<p><strong>Cela pourrait aussi vous int\u00e9resser :<\/strong><\/p>\n<ul>\n<li><a href=\"https:\/\/newplace.ch\/fr\/gruende-outplacement-arbeitgeber\/\">L'outplacement, une valeur ajout\u00e9e pour les employeurs<\/a><\/li>\n<li><a href=\"https:\/\/newplace.ch\/fr\/gruende-outplacement-arbeitnehmer\/\">L'outplacement, une valeur ajout\u00e9e pour les travailleurs<\/a><\/li>\n<li><a href=\"https:\/\/newplace.ch\/fr\/trennung-im-beruflichen-umfeld\/\">Pourquoi avons-nous tant de mal \u00e0 nous s\u00e9parer ?<\/a><\/li>\n<\/ul>\n<\/div>\n<\/div>\n<div class=\"vc_empty_space\"><\/div>\n<div class=\"wpb_text_column wpb_content_element\">\n<div class=\"wpb_wrapper\">\n<p>Nous nous ferons un plaisir de vous pr\u00e9senter les services de Newplace, sans engagement. N'h\u00e9sitez pas \u00e0 nous contacter !<\/p>\n<\/div>\n<\/div>\n<div class=\"vc_empty_space\"><\/div>\n<div class=\"wpb_text_column wpb_content_element\">\n<div class=\"wpb_wrapper\"><\/div>\n<\/div>","protected":false},"excerpt":{"rendered":"<p>Malgr\u00e9 la crise de Corona, la Suisse a \u00e9t\u00e9 \u00e9pargn\u00e9e jusqu'\u00e0 pr\u00e9sent par la grande vague de licenciements. Pourtant, le m\u00e9contentement des travailleurs suisses est grand. Lorsqu'un licenciement survient, il est essentiel de g\u00e9rer le processus de s\u00e9paration avec autant de soin, d'\u00e9quit\u00e9 et d'empathie que possible.<\/p>","protected":false},"author":6,"featured_media":3115,"comment_status":"open","ping_status":"open","sticky":false,"template":"","format":"standard","meta":{"_acf_changed":false,"footnotes":""},"categories":[11],"tags":[],"class_list":["post-3110","post","type-post","status-publish","format-standard","has-post-thumbnail","hentry","category-newplace"],"acf":[],"yoast_head":"<!-- This site is optimized with the Yoast SEO plugin v24.7 - https:\/\/yoast.com\/wordpress\/plugins\/seo\/ -->\n<title>K\u00fcndigung fair gestalten: Aller Abschied ist schwer<\/title>\n<meta name=\"description\" content=\"Wenn es zu einer K\u00fcndigung kommt, ist es zentral, den Trennungsprozess so sorgf\u00e4ltig, fair und so empathisch wie m\u00f6glich zu gestalten.\" \/>\n<meta name=\"robots\" content=\"index, follow, max-snippet:-1, max-image-preview:large, max-video-preview:-1\" \/>\n<link rel=\"canonical\" href=\"https:\/\/newplace.ch\/fr\/kuendigung-fair-gestalten\/\" \/>\n<meta property=\"og:locale\" content=\"fr_FR\" \/>\n<meta property=\"og:type\" content=\"article\" \/>\n<meta property=\"og:title\" content=\"K\u00fcndigung fair gestalten: Aller Abschied ist schwer\" \/>\n<meta property=\"og:description\" content=\"Wenn es zu einer K\u00fcndigung kommt, ist es zentral, den Trennungsprozess so sorgf\u00e4ltig, fair und so empathisch wie m\u00f6glich zu gestalten.\" \/>\n<meta property=\"og:url\" content=\"https:\/\/newplace.ch\/fr\/kuendigung-fair-gestalten\/\" \/>\n<meta property=\"og:site_name\" content=\"newplace\" \/>\n<meta property=\"article:published_time\" content=\"2022-01-13T17:09:15+00:00\" \/>\n<meta property=\"article:modified_time\" content=\"2025-03-27T13:33:45+00:00\" \/>\n<meta name=\"author\" content=\"Cornelia Steffen\" \/>\n<meta name=\"twitter:card\" content=\"summary_large_image\" \/>\n<script type=\"application\/ld+json\" class=\"yoast-schema-graph\">{\"@context\":\"https:\/\/schema.org\",\"@graph\":[{\"@type\":\"Article\",\"@id\":\"https:\/\/newplace.ch\/kuendigung-fair-gestalten\/#article\",\"isPartOf\":{\"@id\":\"https:\/\/newplace.ch\/kuendigung-fair-gestalten\/\"},\"author\":{\"name\":\"Cornelia Steffen\",\"@id\":\"https:\/\/newplace.ch\/#\/schema\/person\/f60d3b078c64d17e55733cd5e71a8430\"},\"headline\":\"Aller Abschied ist schwer\",\"datePublished\":\"2022-01-13T17:09:15+00:00\",\"dateModified\":\"2025-03-27T13:33:45+00:00\",\"mainEntityOfPage\":{\"@id\":\"https:\/\/newplace.ch\/kuendigung-fair-gestalten\/\"},\"wordCount\":399,\"commentCount\":0,\"publisher\":{\"@id\":\"https:\/\/newplace.ch\/#organization\"},\"image\":{\"@id\":\"https:\/\/newplace.ch\/kuendigung-fair-gestalten\/#primaryimage\"},\"thumbnailUrl\":\"\",\"articleSection\":[\"von newplace\"],\"inLanguage\":\"fr-FR\",\"potentialAction\":[{\"@type\":\"CommentAction\",\"name\":\"Comment\",\"target\":[\"https:\/\/newplace.ch\/kuendigung-fair-gestalten\/#respond\"]}]},{\"@type\":\"WebPage\",\"@id\":\"https:\/\/newplace.ch\/kuendigung-fair-gestalten\/\",\"url\":\"https:\/\/newplace.ch\/kuendigung-fair-gestalten\/\",\"name\":\"K\u00fcndigung fair gestalten: Aller Abschied ist schwer\",\"isPartOf\":{\"@id\":\"https:\/\/newplace.ch\/#website\"},\"primaryImageOfPage\":{\"@id\":\"https:\/\/newplace.ch\/kuendigung-fair-gestalten\/#primaryimage\"},\"image\":{\"@id\":\"https:\/\/newplace.ch\/kuendigung-fair-gestalten\/#primaryimage\"},\"thumbnailUrl\":\"\",\"datePublished\":\"2022-01-13T17:09:15+00:00\",\"dateModified\":\"2025-03-27T13:33:45+00:00\",\"description\":\"Wenn es zu einer K\u00fcndigung kommt, ist es zentral, den Trennungsprozess so sorgf\u00e4ltig, fair und so empathisch wie m\u00f6glich zu gestalten.\",\"breadcrumb\":{\"@id\":\"https:\/\/newplace.ch\/kuendigung-fair-gestalten\/#breadcrumb\"},\"inLanguage\":\"fr-FR\",\"potentialAction\":[{\"@type\":\"ReadAction\",\"target\":[\"https:\/\/newplace.ch\/kuendigung-fair-gestalten\/\"]}]},{\"@type\":\"ImageObject\",\"inLanguage\":\"fr-FR\",\"@id\":\"https:\/\/newplace.ch\/kuendigung-fair-gestalten\/#primaryimage\",\"url\":\"\",\"contentUrl\":\"\"},{\"@type\":\"BreadcrumbList\",\"@id\":\"https:\/\/newplace.ch\/kuendigung-fair-gestalten\/#breadcrumb\",\"itemListElement\":[{\"@type\":\"ListItem\",\"position\":1,\"name\":\"Startseite\",\"item\":\"https:\/\/newplace.ch\/\"},{\"@type\":\"ListItem\",\"position\":2,\"name\":\"Aller Abschied ist schwer\"}]},{\"@type\":\"WebSite\",\"@id\":\"https:\/\/newplace.ch\/#website\",\"url\":\"https:\/\/newplace.ch\/\",\"name\":\"newplace\",\"description\":\"\",\"publisher\":{\"@id\":\"https:\/\/newplace.ch\/#organization\"},\"potentialAction\":[{\"@type\":\"SearchAction\",\"target\":{\"@type\":\"EntryPoint\",\"urlTemplate\":\"https:\/\/newplace.ch\/?s={search_term_string}\"},\"query-input\":{\"@type\":\"PropertyValueSpecification\",\"valueRequired\":true,\"valueName\":\"search_term_string\"}}],\"inLanguage\":\"fr-FR\"},{\"@type\":\"Organization\",\"@id\":\"https:\/\/newplace.ch\/#organization\",\"name\":\"newplace AG\",\"url\":\"https:\/\/newplace.ch\/\",\"logo\":{\"@type\":\"ImageObject\",\"inLanguage\":\"fr-FR\",\"@id\":\"https:\/\/newplace.ch\/#\/schema\/logo\/image\/\",\"url\":\"https:\/\/newplace.ch\/wp-content\/uploads\/2025\/02\/newplace.svg\",\"contentUrl\":\"https:\/\/newplace.ch\/wp-content\/uploads\/2025\/02\/newplace.svg\",\"width\":345,\"height\":120,\"caption\":\"newplace AG\"},\"image\":{\"@id\":\"https:\/\/newplace.ch\/#\/schema\/logo\/image\/\"},\"sameAs\":[\"https:\/\/www.linkedin.com\/company\/newplace-ag\"]},{\"@type\":\"Person\",\"@id\":\"https:\/\/newplace.ch\/#\/schema\/person\/f60d3b078c64d17e55733cd5e71a8430\",\"name\":\"Cornelia Steffen\",\"image\":{\"@type\":\"ImageObject\",\"inLanguage\":\"fr-FR\",\"@id\":\"https:\/\/newplace.ch\/#\/schema\/person\/image\/\",\"url\":\"https:\/\/secure.gravatar.com\/avatar\/aebe96983ca916db533ec4d57d4b633cd240f4c19f0c5662c1baea7faa9666e1?s=96&d=mm&r=g\",\"contentUrl\":\"https:\/\/secure.gravatar.com\/avatar\/aebe96983ca916db533ec4d57d4b633cd240f4c19f0c5662c1baea7faa9666e1?s=96&d=mm&r=g\",\"caption\":\"Cornelia Steffen\"}}]}<\/script>\n<!-- \/ Yoast SEO plugin. -->","yoast_head_json":{"title":"K\u00fcndigung fair gestalten: Aller Abschied ist schwer","description":"Wenn es zu einer K\u00fcndigung kommt, ist es zentral, den Trennungsprozess so sorgf\u00e4ltig, fair und so empathisch wie m\u00f6glich zu gestalten.","robots":{"index":"index","follow":"follow","max-snippet":"max-snippet:-1","max-image-preview":"max-image-preview:large","max-video-preview":"max-video-preview:-1"},"canonical":"https:\/\/newplace.ch\/fr\/kuendigung-fair-gestalten\/","og_locale":"fr_FR","og_type":"article","og_title":"K\u00fcndigung fair gestalten: Aller Abschied ist schwer","og_description":"Wenn es zu einer K\u00fcndigung kommt, ist es zentral, den Trennungsprozess so sorgf\u00e4ltig, fair und so empathisch wie m\u00f6glich zu gestalten.","og_url":"https:\/\/newplace.ch\/fr\/kuendigung-fair-gestalten\/","og_site_name":"newplace","article_published_time":"2022-01-13T17:09:15+00:00","article_modified_time":"2025-03-27T13:33:45+00:00","author":"Cornelia Steffen","twitter_card":"summary_large_image","schema":{"@context":"https:\/\/schema.org","@graph":[{"@type":"Article","@id":"https:\/\/newplace.ch\/kuendigung-fair-gestalten\/#article","isPartOf":{"@id":"https:\/\/newplace.ch\/kuendigung-fair-gestalten\/"},"author":{"name":"Cornelia Steffen","@id":"https:\/\/newplace.ch\/#\/schema\/person\/f60d3b078c64d17e55733cd5e71a8430"},"headline":"Aller Abschied ist schwer","datePublished":"2022-01-13T17:09:15+00:00","dateModified":"2025-03-27T13:33:45+00:00","mainEntityOfPage":{"@id":"https:\/\/newplace.ch\/kuendigung-fair-gestalten\/"},"wordCount":399,"commentCount":0,"publisher":{"@id":"https:\/\/newplace.ch\/#organization"},"image":{"@id":"https:\/\/newplace.ch\/kuendigung-fair-gestalten\/#primaryimage"},"thumbnailUrl":"","articleSection":["von newplace"],"inLanguage":"fr-FR","potentialAction":[{"@type":"CommentAction","name":"Comment","target":["https:\/\/newplace.ch\/kuendigung-fair-gestalten\/#respond"]}]},{"@type":"WebPage","@id":"https:\/\/newplace.ch\/kuendigung-fair-gestalten\/","url":"https:\/\/newplace.ch\/kuendigung-fair-gestalten\/","name":"K\u00fcndigung fair gestalten: Aller Abschied ist schwer","isPartOf":{"@id":"https:\/\/newplace.ch\/#website"},"primaryImageOfPage":{"@id":"https:\/\/newplace.ch\/kuendigung-fair-gestalten\/#primaryimage"},"image":{"@id":"https:\/\/newplace.ch\/kuendigung-fair-gestalten\/#primaryimage"},"thumbnailUrl":"","datePublished":"2022-01-13T17:09:15+00:00","dateModified":"2025-03-27T13:33:45+00:00","description":"Wenn es zu einer K\u00fcndigung kommt, ist es zentral, den Trennungsprozess so sorgf\u00e4ltig, fair und so empathisch wie m\u00f6glich zu gestalten.","breadcrumb":{"@id":"https:\/\/newplace.ch\/kuendigung-fair-gestalten\/#breadcrumb"},"inLanguage":"fr-FR","potentialAction":[{"@type":"ReadAction","target":["https:\/\/newplace.ch\/kuendigung-fair-gestalten\/"]}]},{"@type":"ImageObject","inLanguage":"fr-FR","@id":"https:\/\/newplace.ch\/kuendigung-fair-gestalten\/#primaryimage","url":"","contentUrl":""},{"@type":"BreadcrumbList","@id":"https:\/\/newplace.ch\/kuendigung-fair-gestalten\/#breadcrumb","itemListElement":[{"@type":"ListItem","position":1,"name":"Startseite","item":"https:\/\/newplace.ch\/"},{"@type":"ListItem","position":2,"name":"Aller Abschied ist schwer"}]},{"@type":"WebSite","@id":"https:\/\/newplace.ch\/#website","url":"https:\/\/newplace.ch\/","name":"newplace","description":"","publisher":{"@id":"https:\/\/newplace.ch\/#organization"},"potentialAction":[{"@type":"SearchAction","target":{"@type":"EntryPoint","urlTemplate":"https:\/\/newplace.ch\/?s={search_term_string}"},"query-input":{"@type":"PropertyValueSpecification","valueRequired":true,"valueName":"search_term_string"}}],"inLanguage":"fr-FR"},{"@type":"Organization","@id":"https:\/\/newplace.ch\/#organization","name":"newplace AG","url":"https:\/\/newplace.ch\/","logo":{"@type":"ImageObject","inLanguage":"fr-FR","@id":"https:\/\/newplace.ch\/#\/schema\/logo\/image\/","url":"https:\/\/newplace.ch\/wp-content\/uploads\/2025\/02\/newplace.svg","contentUrl":"https:\/\/newplace.ch\/wp-content\/uploads\/2025\/02\/newplace.svg","width":345,"height":120,"caption":"newplace AG"},"image":{"@id":"https:\/\/newplace.ch\/#\/schema\/logo\/image\/"},"sameAs":["https:\/\/www.linkedin.com\/company\/newplace-ag"]},{"@type":"Person","@id":"https:\/\/newplace.ch\/#\/schema\/person\/f60d3b078c64d17e55733cd5e71a8430","name":"Cornelia Steffen","image":{"@type":"ImageObject","inLanguage":"fr-FR","@id":"https:\/\/newplace.ch\/#\/schema\/person\/image\/","url":"https:\/\/secure.gravatar.com\/avatar\/aebe96983ca916db533ec4d57d4b633cd240f4c19f0c5662c1baea7faa9666e1?s=96&d=mm&r=g","contentUrl":"https:\/\/secure.gravatar.com\/avatar\/aebe96983ca916db533ec4d57d4b633cd240f4c19f0c5662c1baea7faa9666e1?s=96&d=mm&r=g","caption":"Cornelia Steffen"}}]}},"_links":{"self":[{"href":"https:\/\/newplace.ch\/fr\/wp-json\/wp\/v2\/posts\/3110","targetHints":{"allow":["GET"]}}],"collection":[{"href":"https:\/\/newplace.ch\/fr\/wp-json\/wp\/v2\/posts"}],"about":[{"href":"https:\/\/newplace.ch\/fr\/wp-json\/wp\/v2\/types\/post"}],"author":[{"embeddable":true,"href":"https:\/\/newplace.ch\/fr\/wp-json\/wp\/v2\/users\/6"}],"replies":[{"embeddable":true,"href":"https:\/\/newplace.ch\/fr\/wp-json\/wp\/v2\/comments?post=3110"}],"version-history":[{"count":1,"href":"https:\/\/newplace.ch\/fr\/wp-json\/wp\/v2\/posts\/3110\/revisions"}],"predecessor-version":[{"id":4999,"href":"https:\/\/newplace.ch\/fr\/wp-json\/wp\/v2\/posts\/3110\/revisions\/4999"}],"wp:featuredmedia":[{"embeddable":true,"href":"https:\/\/newplace.ch\/fr\/wp-json\/"}],"wp:attachment":[{"href":"https:\/\/newplace.ch\/fr\/wp-json\/wp\/v2\/media?parent=3110"}],"wp:term":[{"taxonomy":"category","embeddable":true,"href":"https:\/\/newplace.ch\/fr\/wp-json\/wp\/v2\/categories?post=3110"},{"taxonomy":"post_tag","embeddable":true,"href":"https:\/\/newplace.ch\/fr\/wp-json\/wp\/v2\/tags?post=3110"}],"curies":[{"name":"wp","href":"https:\/\/api.w.org\/{rel}","templated":true}]}}