{"id":2916,"date":"2021-09-28T07:12:01","date_gmt":"2021-09-28T07:12:01","guid":{"rendered":"https:\/\/www.newplace.ch\/?p=2916"},"modified":"2025-03-27T13:33:45","modified_gmt":"2025-03-27T13:33:45","slug":"keine-angst-vor-einer-arbeitnehmervertretung","status":"publish","type":"post","link":"https:\/\/newplace.ch\/fr\/keine-angst-vor-einer-arbeitnehmervertretung\/","title":{"rendered":"Ne pas avoir peur d'une repr\u00e9sentation des travailleurs"},"content":{"rendered":"<div class=\"wpb_text_column wpb_content_element\">\n<div class=\"wpb_wrapper\">\n<p>La notion de repr\u00e9sentation des travailleurs fait souvent bondir les membres de la direction. Mais la crainte de perdre du pouvoir avec une repr\u00e9sentation des employ\u00e9s est infond\u00e9e. Au contraire, les avantages d'une repr\u00e9sentation des travailleurs l'emportent clairement sur les inconv\u00e9nients.<\/p>\n<p>\u00c0 quoi faut-il faire attention lors de l'\u00e9lection de la repr\u00e9sentation des travailleurs et quel est le moment le plus opportun pour le faire ? Et quelles sont les diff\u00e9rences avec le comit\u00e9 d'entreprise allemand ?<\/p>\n<\/div>\n<\/div>\n<div class=\"vc_empty_space\"><\/div>\n<div class=\"wpb_text_column wpb_content_element\">\n<div class=\"wpb_wrapper\">\n<p>Une contribution de notre experte et juriste en droit du travail\u00a0<a href=\"https:\/\/newplace.ch\/fr\/brigitte-kraus\/\" target=\"_blank\" rel=\"noopener\">Brigitte Kraus<\/a>\u00a0dans le magazine HR Today en octobre 2021<\/p>\n<p><a href=\"https:\/\/www.hrtoday.ch\/de\/article\/keine-angst-vor-arbeitnehmervertretungen\" target=\"_blank\" rel=\"noopener\">Ne pas avoir peur d'une repr\u00e9sentation des travailleurs<\/a><\/p>\n<\/div>\n<\/div>\n<div class=\"vc_empty_space\"><\/div>\n<div class=\"wpb_text_column wpb_content_element\">\n<div class=\"wpb_wrapper\"><\/div>\n<\/div>\n<div class=\"vc_empty_space\"><\/div>\n<div class=\"wpb_text_column wpb_content_element\">\n<div class=\"wpb_wrapper\">\n<p>Cela pourrait aussi vous int\u00e9resser :<\/p>\n<ul>\n<li><a href=\"https:\/\/newplace.ch\/fr\/sozialplan-als-chance\/\">Plan social - un sujet mal aim\u00e9<\/a><\/li>\n<li><a href=\"https:\/\/newplace.ch\/fr\/sozialplan-verhandeln\/\">Bien mener les n\u00e9gociations du plan social<\/a><\/li>\n<li><a href=\"https:\/\/newplace.ch\/fr\/gruende-outplacement-arbeitgeber\/\">Quelle est la valeur ajout\u00e9e de l'outplacement pour les employeurs ?<\/a><\/li>\n<\/ul>\n<\/div>\n<\/div>\n<div class=\"vc_empty_space\"><\/div>\n<div class=\"wpb_text_column wpb_content_element\">\n<div class=\"wpb_wrapper\">\n<p>Ne manquez plus rien de newplace ! Inscrivez-vous maintenant \u00e0 notre\u00a0<a href=\"https:\/\/newplace.ch\/fr\/newsletter-anmeldung\/\" target=\"_blank\" rel=\"noopener\">Bulletin d'information<\/a>\u00a0\u00e0.<\/p>\n<\/div>\n<\/div>","protected":false},"excerpt":{"rendered":"<p>La crainte de perdre du pouvoir avec une repr\u00e9sentation des travailleurs est infond\u00e9e. Au contraire, les repr\u00e9sentations des salari\u00e9s apportent de nombreux avantages. <\/p>","protected":false},"author":6,"featured_media":2926,"comment_status":"open","ping_status":"open","sticky":false,"template":"","format":"standard","meta":{"_acf_changed":false,"footnotes":""},"categories":[11],"tags":[],"class_list":["post-2916","post","type-post","status-publish","format-standard","has-post-thumbnail","hentry","category-newplace"],"acf":[],"yoast_head":"<!-- This site is optimized with the Yoast SEO plugin v27.5 - https:\/\/yoast.com\/product\/yoast-seo-wordpress\/ -->\n<title>Arbeitnehmervertretung w\u00e4hlen &#8226; was gilt es zu beachten<\/title>\n<meta name=\"description\" content=\"Die Arbeitnehmervertretung hat auch f\u00fcr Arbeitgeber Vorteile. Was gibt es bei der Wahl zu beachten und wann ist der beste Zeitpunkt?\" \/>\n<meta name=\"robots\" content=\"index, follow, max-snippet:-1, max-image-preview:large, max-video-preview:-1\" \/>\n<link rel=\"canonical\" href=\"https:\/\/newplace.ch\/fr\/keine-angst-vor-einer-arbeitnehmervertretung\/\" \/>\n<meta property=\"og:locale\" content=\"fr_FR\" \/>\n<meta property=\"og:type\" content=\"article\" \/>\n<meta property=\"og:title\" content=\"Arbeitnehmervertretung w\u00e4hlen &#8226; was gilt es zu beachten\" \/>\n<meta property=\"og:description\" content=\"Die Arbeitnehmervertretung hat auch f\u00fcr Arbeitgeber Vorteile. Was gibt es bei der Wahl zu beachten und wann ist der beste Zeitpunkt?\" \/>\n<meta property=\"og:url\" content=\"https:\/\/newplace.ch\/fr\/keine-angst-vor-einer-arbeitnehmervertretung\/\" \/>\n<meta property=\"og:site_name\" content=\"newplace\" \/>\n<meta property=\"article:published_time\" content=\"2021-09-28T07:12:01+00:00\" \/>\n<meta property=\"article:modified_time\" content=\"2025-03-27T13:33:45+00:00\" \/>\n<meta name=\"author\" content=\"Cornelia Steffen\" \/>\n<meta name=\"twitter:card\" content=\"summary_large_image\" \/>\n<script type=\"application\/ld+json\" class=\"yoast-schema-graph\">{\"@context\":\"https:\\\/\\\/schema.org\",\"@graph\":[{\"@type\":\"Article\",\"@id\":\"https:\\\/\\\/newplace.ch\\\/keine-angst-vor-einer-arbeitnehmervertretung\\\/#article\",\"isPartOf\":{\"@id\":\"https:\\\/\\\/newplace.ch\\\/keine-angst-vor-einer-arbeitnehmervertretung\\\/\"},\"author\":{\"name\":\"Cornelia Steffen\",\"@id\":\"https:\\\/\\\/newplace.ch\\\/#\\\/schema\\\/person\\\/f60d3b078c64d17e55733cd5e71a8430\"},\"headline\":\"Keine Angst vor einer Arbeitnehmervertretung\",\"datePublished\":\"2021-09-28T07:12:01+00:00\",\"dateModified\":\"2025-03-27T13:33:45+00:00\",\"mainEntityOfPage\":{\"@id\":\"https:\\\/\\\/newplace.ch\\\/keine-angst-vor-einer-arbeitnehmervertretung\\\/\"},\"wordCount\":120,\"commentCount\":0,\"publisher\":{\"@id\":\"https:\\\/\\\/newplace.ch\\\/#organization\"},\"image\":{\"@id\":\"https:\\\/\\\/newplace.ch\\\/keine-angst-vor-einer-arbeitnehmervertretung\\\/#primaryimage\"},\"thumbnailUrl\":\"\",\"articleSection\":[\"von newplace\"],\"inLanguage\":\"fr-FR\",\"potentialAction\":[{\"@type\":\"CommentAction\",\"name\":\"Comment\",\"target\":[\"https:\\\/\\\/newplace.ch\\\/keine-angst-vor-einer-arbeitnehmervertretung\\\/#respond\"]}]},{\"@type\":\"WebPage\",\"@id\":\"https:\\\/\\\/newplace.ch\\\/keine-angst-vor-einer-arbeitnehmervertretung\\\/\",\"url\":\"https:\\\/\\\/newplace.ch\\\/keine-angst-vor-einer-arbeitnehmervertretung\\\/\",\"name\":\"Arbeitnehmervertretung w\u00e4hlen &#8226; was gilt es zu beachten\",\"isPartOf\":{\"@id\":\"https:\\\/\\\/newplace.ch\\\/#website\"},\"primaryImageOfPage\":{\"@id\":\"https:\\\/\\\/newplace.ch\\\/keine-angst-vor-einer-arbeitnehmervertretung\\\/#primaryimage\"},\"image\":{\"@id\":\"https:\\\/\\\/newplace.ch\\\/keine-angst-vor-einer-arbeitnehmervertretung\\\/#primaryimage\"},\"thumbnailUrl\":\"\",\"datePublished\":\"2021-09-28T07:12:01+00:00\",\"dateModified\":\"2025-03-27T13:33:45+00:00\",\"description\":\"Die Arbeitnehmervertretung hat auch f\u00fcr Arbeitgeber Vorteile. Was gibt es bei der Wahl zu beachten und wann ist der beste Zeitpunkt?\",\"breadcrumb\":{\"@id\":\"https:\\\/\\\/newplace.ch\\\/keine-angst-vor-einer-arbeitnehmervertretung\\\/#breadcrumb\"},\"inLanguage\":\"fr-FR\",\"potentialAction\":[{\"@type\":\"ReadAction\",\"target\":[\"https:\\\/\\\/newplace.ch\\\/keine-angst-vor-einer-arbeitnehmervertretung\\\/\"]}]},{\"@type\":\"ImageObject\",\"inLanguage\":\"fr-FR\",\"@id\":\"https:\\\/\\\/newplace.ch\\\/keine-angst-vor-einer-arbeitnehmervertretung\\\/#primaryimage\",\"url\":\"\",\"contentUrl\":\"\"},{\"@type\":\"BreadcrumbList\",\"@id\":\"https:\\\/\\\/newplace.ch\\\/keine-angst-vor-einer-arbeitnehmervertretung\\\/#breadcrumb\",\"itemListElement\":[{\"@type\":\"ListItem\",\"position\":1,\"name\":\"Startseite\",\"item\":\"https:\\\/\\\/newplace.ch\\\/\"},{\"@type\":\"ListItem\",\"position\":2,\"name\":\"Keine Angst vor einer Arbeitnehmervertretung\"}]},{\"@type\":\"WebSite\",\"@id\":\"https:\\\/\\\/newplace.ch\\\/#website\",\"url\":\"https:\\\/\\\/newplace.ch\\\/\",\"name\":\"newplace\",\"description\":\"\",\"publisher\":{\"@id\":\"https:\\\/\\\/newplace.ch\\\/#organization\"},\"potentialAction\":[{\"@type\":\"SearchAction\",\"target\":{\"@type\":\"EntryPoint\",\"urlTemplate\":\"https:\\\/\\\/newplace.ch\\\/?s={search_term_string}\"},\"query-input\":{\"@type\":\"PropertyValueSpecification\",\"valueRequired\":true,\"valueName\":\"search_term_string\"}}],\"inLanguage\":\"fr-FR\"},{\"@type\":\"Organization\",\"@id\":\"https:\\\/\\\/newplace.ch\\\/#organization\",\"name\":\"newplace AG\",\"url\":\"https:\\\/\\\/newplace.ch\\\/\",\"logo\":{\"@type\":\"ImageObject\",\"inLanguage\":\"fr-FR\",\"@id\":\"https:\\\/\\\/newplace.ch\\\/#\\\/schema\\\/logo\\\/image\\\/\",\"url\":\"https:\\\/\\\/newplace.ch\\\/wp-content\\\/uploads\\\/2025\\\/02\\\/newplace.svg\",\"contentUrl\":\"https:\\\/\\\/newplace.ch\\\/wp-content\\\/uploads\\\/2025\\\/02\\\/newplace.svg\",\"width\":345,\"height\":120,\"caption\":\"newplace AG\"},\"image\":{\"@id\":\"https:\\\/\\\/newplace.ch\\\/#\\\/schema\\\/logo\\\/image\\\/\"},\"sameAs\":[\"https:\\\/\\\/www.linkedin.com\\\/company\\\/newplace-ag\"]},{\"@type\":\"Person\",\"@id\":\"https:\\\/\\\/newplace.ch\\\/#\\\/schema\\\/person\\\/f60d3b078c64d17e55733cd5e71a8430\",\"name\":\"Cornelia Steffen\",\"image\":{\"@type\":\"ImageObject\",\"inLanguage\":\"fr-FR\",\"@id\":\"https:\\\/\\\/secure.gravatar.com\\\/avatar\\\/aebe96983ca916db533ec4d57d4b633cd240f4c19f0c5662c1baea7faa9666e1?s=96&d=mm&r=g\",\"url\":\"https:\\\/\\\/secure.gravatar.com\\\/avatar\\\/aebe96983ca916db533ec4d57d4b633cd240f4c19f0c5662c1baea7faa9666e1?s=96&d=mm&r=g\",\"contentUrl\":\"https:\\\/\\\/secure.gravatar.com\\\/avatar\\\/aebe96983ca916db533ec4d57d4b633cd240f4c19f0c5662c1baea7faa9666e1?s=96&d=mm&r=g\",\"caption\":\"Cornelia Steffen\"}}]}<\/script>\n<!-- \/ Yoast SEO plugin. -->","yoast_head_json":{"title":"Arbeitnehmervertretung w\u00e4hlen &#8226; was gilt es zu beachten","description":"Die Arbeitnehmervertretung hat auch f\u00fcr Arbeitgeber Vorteile. Was gibt es bei der Wahl zu beachten und wann ist der beste Zeitpunkt?","robots":{"index":"index","follow":"follow","max-snippet":"max-snippet:-1","max-image-preview":"max-image-preview:large","max-video-preview":"max-video-preview:-1"},"canonical":"https:\/\/newplace.ch\/fr\/keine-angst-vor-einer-arbeitnehmervertretung\/","og_locale":"fr_FR","og_type":"article","og_title":"Arbeitnehmervertretung w\u00e4hlen &#8226; was gilt es zu beachten","og_description":"Die Arbeitnehmervertretung hat auch f\u00fcr Arbeitgeber Vorteile. Was gibt es bei der Wahl zu beachten und wann ist der beste Zeitpunkt?","og_url":"https:\/\/newplace.ch\/fr\/keine-angst-vor-einer-arbeitnehmervertretung\/","og_site_name":"newplace","article_published_time":"2021-09-28T07:12:01+00:00","article_modified_time":"2025-03-27T13:33:45+00:00","author":"Cornelia Steffen","twitter_card":"summary_large_image","schema":{"@context":"https:\/\/schema.org","@graph":[{"@type":"Article","@id":"https:\/\/newplace.ch\/keine-angst-vor-einer-arbeitnehmervertretung\/#article","isPartOf":{"@id":"https:\/\/newplace.ch\/keine-angst-vor-einer-arbeitnehmervertretung\/"},"author":{"name":"Cornelia Steffen","@id":"https:\/\/newplace.ch\/#\/schema\/person\/f60d3b078c64d17e55733cd5e71a8430"},"headline":"Keine Angst vor einer Arbeitnehmervertretung","datePublished":"2021-09-28T07:12:01+00:00","dateModified":"2025-03-27T13:33:45+00:00","mainEntityOfPage":{"@id":"https:\/\/newplace.ch\/keine-angst-vor-einer-arbeitnehmervertretung\/"},"wordCount":120,"commentCount":0,"publisher":{"@id":"https:\/\/newplace.ch\/#organization"},"image":{"@id":"https:\/\/newplace.ch\/keine-angst-vor-einer-arbeitnehmervertretung\/#primaryimage"},"thumbnailUrl":"","articleSection":["von newplace"],"inLanguage":"fr-FR","potentialAction":[{"@type":"CommentAction","name":"Comment","target":["https:\/\/newplace.ch\/keine-angst-vor-einer-arbeitnehmervertretung\/#respond"]}]},{"@type":"WebPage","@id":"https:\/\/newplace.ch\/keine-angst-vor-einer-arbeitnehmervertretung\/","url":"https:\/\/newplace.ch\/keine-angst-vor-einer-arbeitnehmervertretung\/","name":"Arbeitnehmervertretung w\u00e4hlen &#8226; was gilt es zu beachten","isPartOf":{"@id":"https:\/\/newplace.ch\/#website"},"primaryImageOfPage":{"@id":"https:\/\/newplace.ch\/keine-angst-vor-einer-arbeitnehmervertretung\/#primaryimage"},"image":{"@id":"https:\/\/newplace.ch\/keine-angst-vor-einer-arbeitnehmervertretung\/#primaryimage"},"thumbnailUrl":"","datePublished":"2021-09-28T07:12:01+00:00","dateModified":"2025-03-27T13:33:45+00:00","description":"Die Arbeitnehmervertretung hat auch f\u00fcr Arbeitgeber Vorteile. Was gibt es bei der Wahl zu beachten und wann ist der beste Zeitpunkt?","breadcrumb":{"@id":"https:\/\/newplace.ch\/keine-angst-vor-einer-arbeitnehmervertretung\/#breadcrumb"},"inLanguage":"fr-FR","potentialAction":[{"@type":"ReadAction","target":["https:\/\/newplace.ch\/keine-angst-vor-einer-arbeitnehmervertretung\/"]}]},{"@type":"ImageObject","inLanguage":"fr-FR","@id":"https:\/\/newplace.ch\/keine-angst-vor-einer-arbeitnehmervertretung\/#primaryimage","url":"","contentUrl":""},{"@type":"BreadcrumbList","@id":"https:\/\/newplace.ch\/keine-angst-vor-einer-arbeitnehmervertretung\/#breadcrumb","itemListElement":[{"@type":"ListItem","position":1,"name":"Startseite","item":"https:\/\/newplace.ch\/"},{"@type":"ListItem","position":2,"name":"Keine Angst vor einer Arbeitnehmervertretung"}]},{"@type":"WebSite","@id":"https:\/\/newplace.ch\/#website","url":"https:\/\/newplace.ch\/","name":"newplace","description":"","publisher":{"@id":"https:\/\/newplace.ch\/#organization"},"potentialAction":[{"@type":"SearchAction","target":{"@type":"EntryPoint","urlTemplate":"https:\/\/newplace.ch\/?s={search_term_string}"},"query-input":{"@type":"PropertyValueSpecification","valueRequired":true,"valueName":"search_term_string"}}],"inLanguage":"fr-FR"},{"@type":"Organization","@id":"https:\/\/newplace.ch\/#organization","name":"newplace AG","url":"https:\/\/newplace.ch\/","logo":{"@type":"ImageObject","inLanguage":"fr-FR","@id":"https:\/\/newplace.ch\/#\/schema\/logo\/image\/","url":"https:\/\/newplace.ch\/wp-content\/uploads\/2025\/02\/newplace.svg","contentUrl":"https:\/\/newplace.ch\/wp-content\/uploads\/2025\/02\/newplace.svg","width":345,"height":120,"caption":"newplace AG"},"image":{"@id":"https:\/\/newplace.ch\/#\/schema\/logo\/image\/"},"sameAs":["https:\/\/www.linkedin.com\/company\/newplace-ag"]},{"@type":"Person","@id":"https:\/\/newplace.ch\/#\/schema\/person\/f60d3b078c64d17e55733cd5e71a8430","name":"Cornelia Steffen","image":{"@type":"ImageObject","inLanguage":"fr-FR","@id":"https:\/\/secure.gravatar.com\/avatar\/aebe96983ca916db533ec4d57d4b633cd240f4c19f0c5662c1baea7faa9666e1?s=96&d=mm&r=g","url":"https:\/\/secure.gravatar.com\/avatar\/aebe96983ca916db533ec4d57d4b633cd240f4c19f0c5662c1baea7faa9666e1?s=96&d=mm&r=g","contentUrl":"https:\/\/secure.gravatar.com\/avatar\/aebe96983ca916db533ec4d57d4b633cd240f4c19f0c5662c1baea7faa9666e1?s=96&d=mm&r=g","caption":"Cornelia Steffen"}}]}},"_links":{"self":[{"href":"https:\/\/newplace.ch\/fr\/wp-json\/wp\/v2\/posts\/2916","targetHints":{"allow":["GET"]}}],"collection":[{"href":"https:\/\/newplace.ch\/fr\/wp-json\/wp\/v2\/posts"}],"about":[{"href":"https:\/\/newplace.ch\/fr\/wp-json\/wp\/v2\/types\/post"}],"author":[{"embeddable":true,"href":"https:\/\/newplace.ch\/fr\/wp-json\/wp\/v2\/users\/6"}],"replies":[{"embeddable":true,"href":"https:\/\/newplace.ch\/fr\/wp-json\/wp\/v2\/comments?post=2916"}],"version-history":[{"count":1,"href":"https:\/\/newplace.ch\/fr\/wp-json\/wp\/v2\/posts\/2916\/revisions"}],"predecessor-version":[{"id":5001,"href":"https:\/\/newplace.ch\/fr\/wp-json\/wp\/v2\/posts\/2916\/revisions\/5001"}],"wp:featuredmedia":[{"embeddable":true,"href":"https:\/\/newplace.ch\/fr\/wp-json\/"}],"wp:attachment":[{"href":"https:\/\/newplace.ch\/fr\/wp-json\/wp\/v2\/media?parent=2916"}],"wp:term":[{"taxonomy":"category","embeddable":true,"href":"https:\/\/newplace.ch\/fr\/wp-json\/wp\/v2\/categories?post=2916"},{"taxonomy":"post_tag","embeddable":true,"href":"https:\/\/newplace.ch\/fr\/wp-json\/wp\/v2\/tags?post=2916"}],"curies":[{"name":"wp","href":"https:\/\/api.w.org\/{rel}","templated":true}]}}