{"id":2880,"date":"2021-09-14T14:51:30","date_gmt":"2021-09-14T14:51:30","guid":{"rendered":"https:\/\/www.newplace.ch\/?p=2880"},"modified":"2025-03-27T13:33:45","modified_gmt":"2025-03-27T13:33:45","slug":"gruende-outplacement-arbeitgebende","status":"publish","type":"post","link":"https:\/\/newplace.ch\/fr\/gruende-outplacement-arbeitgebende\/","title":{"rendered":"L'outplacement, une valeur ajout\u00e9e pour les employeurs"},"content":{"rendered":"<div class=\"wpb_text_column wpb_content_element\">\n<div class=\"wpb_wrapper\">\n<p>Avec un accompagnement d'outplacement, l'employeur offre aux collaborateurs concern\u00e9s par un licenciement une aide pour surmonter la situation de s\u00e9paration. Des experts externes et neutres* les soutiennent et les coachent dans leur r\u00e9orientation professionnelle. De nombreuses sources d\u00e9montrent que l'outplacement a une r\u00e9elle utilit\u00e9 commerciale et un impact positif sur la performance de l'entreprise. Nous aimerions partager avec vous notre exp\u00e9rience \u00e0 ce sujet :<\/p>\n<\/div>\n<\/div>\n<div class=\"vc_empty_space\"><\/div>\n<div class=\"wpb_text_column wpb_content_element\">\n<div class=\"wpb_wrapper\">\n<h2>Quelle valeur ajout\u00e9e les employeurs ont-ils \u00e0 financer un outplacement pour leurs collaborateurs concern\u00e9s ?<\/h2>\n<\/div>\n<\/div>\n<div class=\"vc_empty_space\"><\/div>\n<div class=\"wpb_text_column wpb_content_element\">\n<div class=\"wpb_wrapper\">\n<h3><strong>La responsabilit\u00e9 sociale sous les feux de la rampe<\/strong><\/h3>\n<\/div>\n<\/div>\n<div class=\"vc_empty_space\"><\/div>\n<div class=\"wpb_text_column wpb_content_element\">\n<div class=\"wpb_wrapper\">\n<p>Si une entreprise offre \u00e0 ses collaborateurs un soutien pendant la phase de s\u00e9paration, cela montre que la responsabilit\u00e9 sociale de l'employeur est prise au s\u00e9rieux. Les collaborateurs qui restent, les clients et les autres groupes d'int\u00e9r\u00eat reconnaissent que le th\u00e8me du licenciement est trait\u00e9 de mani\u00e8re \u00e9quitable, objective et respectueuse et qu'un soutien est apport\u00e9 \u00e0 la r\u00e9orientation professionnelle. #CResponsabilit\u00e9 sociale de l'entreprise<\/p>\n<\/div>\n<\/div>\n<div class=\"vc_empty_space\"><\/div>\n<div class=\"wpb_text_column wpb_content_element\">\n<div class=\"wpb_wrapper\">\n<h3><strong>Motivation et fid\u00e9lisation des collaborateurs<\/strong><\/h3>\n<\/div>\n<\/div>\n<div class=\"vc_empty_space\"><\/div>\n<div class=\"wpb_text_column wpb_content_element\">\n<div class=\"wpb_wrapper\">\n<p>Les collaborateurs qui restent dans l'entreprise observent tr\u00e8s attentivement la mani\u00e8re dont les coll\u00e8gues concern\u00e9s sont trait\u00e9s dans les situations de s\u00e9paration. Des sentiments de peur, d'incertitude et de malaise apparaissent rapidement : \"Cela aurait pu \u00eatre moi aussi !\" S'ils font des observations et des exp\u00e9riences n\u00e9gatives, cela se r\u00e9percute sur leur motivation, leurs performances et leur engagement. Dans le pire des cas, cela conduit \u00e0 la d\u00e9mission de collaborateurs que l'on souhaiterait en fait garder dans l'entreprise. #Culture d'entreprise<\/p>\n<\/div>\n<\/div>\n<div class=\"vc_empty_space\"><\/div>\n<div class=\"wpb_text_column wpb_content_element\">\n<div class=\"wpb_wrapper\">\n<h3><strong>Image positive de l'entreprise<\/strong><\/h3>\n<\/div>\n<\/div>\n<div class=\"vc_empty_space\"><\/div>\n<div class=\"wpb_text_column wpb_content_element\">\n<div class=\"wpb_wrapper\">\n<p>En g\u00e9rant les situations de s\u00e9paration, les entreprises peuvent am\u00e9liorer leur r\u00e9putation en tant qu'employeur, mais aussi la perdre rapidement. A l'\u00e9poque de la mise en r\u00e9seau totale, les opinions et les points de vue se r\u00e9pandent \u00e0 une vitesse fulgurante, qu'ils soient positifs ou n\u00e9gatifs. L'accompagnement d'outplacement maintient ou am\u00e9liore l'image positive de l'employeur. C'est un facteur cl\u00e9 dans la concurrence acharn\u00e9e pour attirer des professionnels qualifi\u00e9s. #EmployerBranding<\/p>\n<\/div>\n<\/div>\n<div class=\"vc_empty_space\"><\/div>\n<div class=\"wpb_text_column wpb_content_element\">\n<div class=\"wpb_wrapper\">\n<h3><strong>R\u00e9duction des co\u00fbts<\/strong><\/h3>\n<\/div>\n<\/div>\n<div class=\"vc_empty_space\"><\/div>\n<div class=\"wpb_text_column wpb_content_element\">\n<div class=\"wpb_wrapper\">\n<p>Les situations de licenciement suscitent g\u00e9n\u00e9ralement des \u00e9motions n\u00e9gatives chez les personnes concern\u00e9es. Notre exp\u00e9rience le montre : Plus l'accompagnement d'outplacement intervient t\u00f4t, plus ces \u00e9motions peuvent \u00eatre trait\u00e9es rapidement et plus l'accent est mis sur la r\u00e9orientation. Souvent, le ch\u00f4mage peut ainsi \u00eatre \u00e9vit\u00e9. Ce qui est d'une part positif pour les personnes concern\u00e9es, signifie d'autre part une \u00e9conomie de co\u00fbts pour l'employeur. Les dur\u00e9es r\u00e9siduelles des contrats de travail existants peuvent ainsi \u00eatre r\u00e9duites et des litiges co\u00fbteux et longs peuvent \u00eatre \u00e9vit\u00e9s. Une s\u00e9paration \u00e0 l'amiable avec un d\u00e9roulement sans heurts acc\u00e9l\u00e8re et facilite le processus de changement dans l'entreprise. #Ma\u00eetriser les co\u00fbts<\/p>\n<\/div>\n<\/div>\n<div class=\"vc_empty_space\"><\/div>\n<div class=\"wpb_text_column wpb_content_element\">\n<div class=\"wpb_wrapper\">\n<p>Dans la pratique, nous constatons r\u00e9guli\u00e8rement qu'une planification pr\u00e9coce et professionnelle du processus de s\u00e9paration est essentielle. Toutes les personnes concern\u00e9es n'ont pas les m\u00eames besoins et les mesures d'accompagnement doivent \u00eatre tout aussi individuelles, c'est-\u00e0-dire parfaitement adapt\u00e9es !<\/p>\n<p>Avec notre\u00a0<a href=\"https:\/\/tdc7fce4b.emailsys1a.net\/c\/53\/4412717\/4817\/0\/8698705\/4491\/180625\/85216e630a.html\">\u00c9quipe d'experts<\/a>\u00a0 nous pouvons vous accompagner tout au long du processus de r\u00e9organisation. Nous vous aidons \u00e0 organiser votre processus de s\u00e9paration de mani\u00e8re \u00e9quitable, durable et cibl\u00e9e.<\/p>\n<p>Parlez-nous - cela en vaut la peine. Nous pensons l'outplacement de mani\u00e8re moderne !<\/p>\n<\/div>\n<\/div>\n<div class=\"vc_empty_space\"><\/div>\n<div class=\"wpb_text_column wpb_content_element\">\n<div class=\"wpb_wrapper\">\n<p><strong>Cela pourrait aussi vous int\u00e9resser :<\/strong><\/p>\n<ul>\n<li><a href=\"https:\/\/newplace.ch\/fr\/gruende-outplacement-arbeitnehmende\/\">Avantages d'un accompagnement en outplacement pour les salari\u00e9s<\/a><\/li>\n<li><a href=\"https:\/\/newplace.ch\/fr\/keine-angst-vor-einer-arbeitnehmervertretung\/\">Ne pas avoir peur d'une repr\u00e9sentation des travailleurs<\/a><\/li>\n<li><a href=\"https:\/\/newplace.ch\/fr\/sozialplan-als-chance\/\">Plan social - un sujet mal aim\u00e9<\/a><\/li>\n<li><a href=\"https:\/\/newplace.ch\/fr\/sozialplan-verhandeln\/\">A quoi faut-il faire attention lors de la n\u00e9gociation d'un plan social ?<\/a><\/li>\n<li><a href=\"https:\/\/newplace.ch\/fr\/trennung-im-beruflichen-umfeld\/\">Pourquoi avons-nous tant de mal \u00e0 nous s\u00e9parer ?<\/a><\/li>\n<\/ul>\n<\/div>\n<\/div>\n<div class=\"vc_empty_space\"><\/div>\n<div class=\"wpb_text_column wpb_content_element\">\n<div class=\"wpb_wrapper\">\n<p>Ne manquez plus rien de newplace ! Inscrivez-vous maintenant \u00e0 notre\u00a0<a href=\"https:\/\/newplace.ch\/fr\/newsletter-anmeldung\/\" target=\"_blank\" rel=\"noopener\">Bulletin d'information<\/a>\u00a0\u00e0.<\/p>\n<\/div>\n<\/div>","protected":false},"excerpt":{"rendered":"<p>En g\u00e9rant les situations de s\u00e9paration, les entreprises peuvent rapidement perdre leur r\u00e9putation d'employeur.<br \/>\nNous vous montrons pourquoi il est int\u00e9ressant pour vous, en tant qu'employeur, de financer un accompagnement d'outplacement pour vos collaborateurs licenci\u00e9s.<\/p>","protected":false},"author":6,"featured_media":2902,"comment_status":"open","ping_status":"open","sticky":false,"template":"","format":"standard","meta":{"_acf_changed":false,"footnotes":""},"categories":[11],"tags":[],"class_list":["post-2880","post","type-post","status-publish","format-standard","has-post-thumbnail","hentry","category-newplace"],"acf":[],"yoast_head":"<!-- This site is optimized with the Yoast SEO plugin v27.5 - https:\/\/yoast.com\/product\/yoast-seo-wordpress\/ -->\n<title>Outplacement Begleitung als Mehrwert f\u00fcr Arbeitgeber<\/title>\n<meta name=\"description\" content=\"Gr\u00fcnde f\u00fcr Outplacement als Arbeitgeber: Soziale Verantwortung, Reduktion von Kosten, Positives Unternehmensimage, Motivation und Bindung\" \/>\n<meta name=\"robots\" content=\"index, follow, max-snippet:-1, max-image-preview:large, max-video-preview:-1\" \/>\n<link rel=\"canonical\" href=\"https:\/\/newplace.ch\/fr\/gruende-outplacement-arbeitgebende\/\" \/>\n<meta property=\"og:locale\" content=\"fr_FR\" \/>\n<meta property=\"og:type\" content=\"article\" \/>\n<meta property=\"og:title\" content=\"Outplacement Begleitung als Mehrwert f\u00fcr Arbeitgeber\" \/>\n<meta property=\"og:description\" content=\"Gr\u00fcnde f\u00fcr Outplacement als Arbeitgeber: Soziale Verantwortung, Reduktion von Kosten, Positives Unternehmensimage, Motivation und Bindung\" \/>\n<meta property=\"og:url\" content=\"https:\/\/newplace.ch\/fr\/gruende-outplacement-arbeitgebende\/\" \/>\n<meta property=\"og:site_name\" content=\"newplace\" \/>\n<meta property=\"article:published_time\" content=\"2021-09-14T14:51:30+00:00\" \/>\n<meta property=\"article:modified_time\" content=\"2025-03-27T13:33:45+00:00\" \/>\n<meta name=\"author\" content=\"Cornelia Steffen\" \/>\n<meta name=\"twitter:card\" content=\"summary_large_image\" \/>\n<script type=\"application\/ld+json\" class=\"yoast-schema-graph\">{\"@context\":\"https:\\\/\\\/schema.org\",\"@graph\":[{\"@type\":\"Article\",\"@id\":\"https:\\\/\\\/newplace.ch\\\/gruende-outplacement-arbeitgebende\\\/#article\",\"isPartOf\":{\"@id\":\"https:\\\/\\\/newplace.ch\\\/gruende-outplacement-arbeitgebende\\\/\"},\"author\":{\"name\":\"Cornelia Steffen\",\"@id\":\"https:\\\/\\\/newplace.ch\\\/#\\\/schema\\\/person\\\/f60d3b078c64d17e55733cd5e71a8430\"},\"headline\":\"Outplacement als Mehrwert f\u00fcr Arbeitgebende\",\"datePublished\":\"2021-09-14T14:51:30+00:00\",\"dateModified\":\"2025-03-27T13:33:45+00:00\",\"mainEntityOfPage\":{\"@id\":\"https:\\\/\\\/newplace.ch\\\/gruende-outplacement-arbeitgebende\\\/\"},\"wordCount\":500,\"commentCount\":0,\"publisher\":{\"@id\":\"https:\\\/\\\/newplace.ch\\\/#organization\"},\"image\":{\"@id\":\"https:\\\/\\\/newplace.ch\\\/gruende-outplacement-arbeitgebende\\\/#primaryimage\"},\"thumbnailUrl\":\"\",\"articleSection\":[\"von newplace\"],\"inLanguage\":\"fr-FR\",\"potentialAction\":[{\"@type\":\"CommentAction\",\"name\":\"Comment\",\"target\":[\"https:\\\/\\\/newplace.ch\\\/gruende-outplacement-arbeitgebende\\\/#respond\"]}]},{\"@type\":\"WebPage\",\"@id\":\"https:\\\/\\\/newplace.ch\\\/gruende-outplacement-arbeitgebende\\\/\",\"url\":\"https:\\\/\\\/newplace.ch\\\/gruende-outplacement-arbeitgebende\\\/\",\"name\":\"Outplacement Begleitung als Mehrwert f\u00fcr Arbeitgeber\",\"isPartOf\":{\"@id\":\"https:\\\/\\\/newplace.ch\\\/#website\"},\"primaryImageOfPage\":{\"@id\":\"https:\\\/\\\/newplace.ch\\\/gruende-outplacement-arbeitgebende\\\/#primaryimage\"},\"image\":{\"@id\":\"https:\\\/\\\/newplace.ch\\\/gruende-outplacement-arbeitgebende\\\/#primaryimage\"},\"thumbnailUrl\":\"\",\"datePublished\":\"2021-09-14T14:51:30+00:00\",\"dateModified\":\"2025-03-27T13:33:45+00:00\",\"description\":\"Gr\u00fcnde f\u00fcr Outplacement als Arbeitgeber: Soziale Verantwortung, Reduktion von Kosten, Positives Unternehmensimage, Motivation und Bindung\",\"breadcrumb\":{\"@id\":\"https:\\\/\\\/newplace.ch\\\/gruende-outplacement-arbeitgebende\\\/#breadcrumb\"},\"inLanguage\":\"fr-FR\",\"potentialAction\":[{\"@type\":\"ReadAction\",\"target\":[\"https:\\\/\\\/newplace.ch\\\/gruende-outplacement-arbeitgebende\\\/\"]}]},{\"@type\":\"ImageObject\",\"inLanguage\":\"fr-FR\",\"@id\":\"https:\\\/\\\/newplace.ch\\\/gruende-outplacement-arbeitgebende\\\/#primaryimage\",\"url\":\"\",\"contentUrl\":\"\"},{\"@type\":\"BreadcrumbList\",\"@id\":\"https:\\\/\\\/newplace.ch\\\/gruende-outplacement-arbeitgebende\\\/#breadcrumb\",\"itemListElement\":[{\"@type\":\"ListItem\",\"position\":1,\"name\":\"Startseite\",\"item\":\"https:\\\/\\\/newplace.ch\\\/\"},{\"@type\":\"ListItem\",\"position\":2,\"name\":\"Outplacement als Mehrwert f\u00fcr Arbeitgebende\"}]},{\"@type\":\"WebSite\",\"@id\":\"https:\\\/\\\/newplace.ch\\\/#website\",\"url\":\"https:\\\/\\\/newplace.ch\\\/\",\"name\":\"newplace\",\"description\":\"\",\"publisher\":{\"@id\":\"https:\\\/\\\/newplace.ch\\\/#organization\"},\"potentialAction\":[{\"@type\":\"SearchAction\",\"target\":{\"@type\":\"EntryPoint\",\"urlTemplate\":\"https:\\\/\\\/newplace.ch\\\/?s={search_term_string}\"},\"query-input\":{\"@type\":\"PropertyValueSpecification\",\"valueRequired\":true,\"valueName\":\"search_term_string\"}}],\"inLanguage\":\"fr-FR\"},{\"@type\":\"Organization\",\"@id\":\"https:\\\/\\\/newplace.ch\\\/#organization\",\"name\":\"newplace AG\",\"url\":\"https:\\\/\\\/newplace.ch\\\/\",\"logo\":{\"@type\":\"ImageObject\",\"inLanguage\":\"fr-FR\",\"@id\":\"https:\\\/\\\/newplace.ch\\\/#\\\/schema\\\/logo\\\/image\\\/\",\"url\":\"https:\\\/\\\/newplace.ch\\\/wp-content\\\/uploads\\\/2025\\\/02\\\/newplace.svg\",\"contentUrl\":\"https:\\\/\\\/newplace.ch\\\/wp-content\\\/uploads\\\/2025\\\/02\\\/newplace.svg\",\"width\":345,\"height\":120,\"caption\":\"newplace AG\"},\"image\":{\"@id\":\"https:\\\/\\\/newplace.ch\\\/#\\\/schema\\\/logo\\\/image\\\/\"},\"sameAs\":[\"https:\\\/\\\/www.linkedin.com\\\/company\\\/newplace-ag\"]},{\"@type\":\"Person\",\"@id\":\"https:\\\/\\\/newplace.ch\\\/#\\\/schema\\\/person\\\/f60d3b078c64d17e55733cd5e71a8430\",\"name\":\"Cornelia Steffen\",\"image\":{\"@type\":\"ImageObject\",\"inLanguage\":\"fr-FR\",\"@id\":\"https:\\\/\\\/secure.gravatar.com\\\/avatar\\\/aebe96983ca916db533ec4d57d4b633cd240f4c19f0c5662c1baea7faa9666e1?s=96&d=mm&r=g\",\"url\":\"https:\\\/\\\/secure.gravatar.com\\\/avatar\\\/aebe96983ca916db533ec4d57d4b633cd240f4c19f0c5662c1baea7faa9666e1?s=96&d=mm&r=g\",\"contentUrl\":\"https:\\\/\\\/secure.gravatar.com\\\/avatar\\\/aebe96983ca916db533ec4d57d4b633cd240f4c19f0c5662c1baea7faa9666e1?s=96&d=mm&r=g\",\"caption\":\"Cornelia Steffen\"}}]}<\/script>\n<!-- \/ Yoast SEO plugin. -->","yoast_head_json":{"title":"Outplacement Begleitung als Mehrwert f\u00fcr Arbeitgeber","description":"Gr\u00fcnde f\u00fcr Outplacement als Arbeitgeber: Soziale Verantwortung, Reduktion von Kosten, Positives Unternehmensimage, Motivation und Bindung","robots":{"index":"index","follow":"follow","max-snippet":"max-snippet:-1","max-image-preview":"max-image-preview:large","max-video-preview":"max-video-preview:-1"},"canonical":"https:\/\/newplace.ch\/fr\/gruende-outplacement-arbeitgebende\/","og_locale":"fr_FR","og_type":"article","og_title":"Outplacement Begleitung als Mehrwert f\u00fcr Arbeitgeber","og_description":"Gr\u00fcnde f\u00fcr Outplacement als Arbeitgeber: Soziale Verantwortung, Reduktion von Kosten, Positives Unternehmensimage, Motivation und Bindung","og_url":"https:\/\/newplace.ch\/fr\/gruende-outplacement-arbeitgebende\/","og_site_name":"newplace","article_published_time":"2021-09-14T14:51:30+00:00","article_modified_time":"2025-03-27T13:33:45+00:00","author":"Cornelia Steffen","twitter_card":"summary_large_image","schema":{"@context":"https:\/\/schema.org","@graph":[{"@type":"Article","@id":"https:\/\/newplace.ch\/gruende-outplacement-arbeitgebende\/#article","isPartOf":{"@id":"https:\/\/newplace.ch\/gruende-outplacement-arbeitgebende\/"},"author":{"name":"Cornelia Steffen","@id":"https:\/\/newplace.ch\/#\/schema\/person\/f60d3b078c64d17e55733cd5e71a8430"},"headline":"Outplacement als Mehrwert f\u00fcr Arbeitgebende","datePublished":"2021-09-14T14:51:30+00:00","dateModified":"2025-03-27T13:33:45+00:00","mainEntityOfPage":{"@id":"https:\/\/newplace.ch\/gruende-outplacement-arbeitgebende\/"},"wordCount":500,"commentCount":0,"publisher":{"@id":"https:\/\/newplace.ch\/#organization"},"image":{"@id":"https:\/\/newplace.ch\/gruende-outplacement-arbeitgebende\/#primaryimage"},"thumbnailUrl":"","articleSection":["von newplace"],"inLanguage":"fr-FR","potentialAction":[{"@type":"CommentAction","name":"Comment","target":["https:\/\/newplace.ch\/gruende-outplacement-arbeitgebende\/#respond"]}]},{"@type":"WebPage","@id":"https:\/\/newplace.ch\/gruende-outplacement-arbeitgebende\/","url":"https:\/\/newplace.ch\/gruende-outplacement-arbeitgebende\/","name":"Outplacement Begleitung als Mehrwert f\u00fcr Arbeitgeber","isPartOf":{"@id":"https:\/\/newplace.ch\/#website"},"primaryImageOfPage":{"@id":"https:\/\/newplace.ch\/gruende-outplacement-arbeitgebende\/#primaryimage"},"image":{"@id":"https:\/\/newplace.ch\/gruende-outplacement-arbeitgebende\/#primaryimage"},"thumbnailUrl":"","datePublished":"2021-09-14T14:51:30+00:00","dateModified":"2025-03-27T13:33:45+00:00","description":"Gr\u00fcnde f\u00fcr Outplacement als Arbeitgeber: Soziale Verantwortung, Reduktion von Kosten, Positives Unternehmensimage, Motivation und Bindung","breadcrumb":{"@id":"https:\/\/newplace.ch\/gruende-outplacement-arbeitgebende\/#breadcrumb"},"inLanguage":"fr-FR","potentialAction":[{"@type":"ReadAction","target":["https:\/\/newplace.ch\/gruende-outplacement-arbeitgebende\/"]}]},{"@type":"ImageObject","inLanguage":"fr-FR","@id":"https:\/\/newplace.ch\/gruende-outplacement-arbeitgebende\/#primaryimage","url":"","contentUrl":""},{"@type":"BreadcrumbList","@id":"https:\/\/newplace.ch\/gruende-outplacement-arbeitgebende\/#breadcrumb","itemListElement":[{"@type":"ListItem","position":1,"name":"Startseite","item":"https:\/\/newplace.ch\/"},{"@type":"ListItem","position":2,"name":"Outplacement als Mehrwert f\u00fcr Arbeitgebende"}]},{"@type":"WebSite","@id":"https:\/\/newplace.ch\/#website","url":"https:\/\/newplace.ch\/","name":"newplace","description":"","publisher":{"@id":"https:\/\/newplace.ch\/#organization"},"potentialAction":[{"@type":"SearchAction","target":{"@type":"EntryPoint","urlTemplate":"https:\/\/newplace.ch\/?s={search_term_string}"},"query-input":{"@type":"PropertyValueSpecification","valueRequired":true,"valueName":"search_term_string"}}],"inLanguage":"fr-FR"},{"@type":"Organization","@id":"https:\/\/newplace.ch\/#organization","name":"newplace AG","url":"https:\/\/newplace.ch\/","logo":{"@type":"ImageObject","inLanguage":"fr-FR","@id":"https:\/\/newplace.ch\/#\/schema\/logo\/image\/","url":"https:\/\/newplace.ch\/wp-content\/uploads\/2025\/02\/newplace.svg","contentUrl":"https:\/\/newplace.ch\/wp-content\/uploads\/2025\/02\/newplace.svg","width":345,"height":120,"caption":"newplace AG"},"image":{"@id":"https:\/\/newplace.ch\/#\/schema\/logo\/image\/"},"sameAs":["https:\/\/www.linkedin.com\/company\/newplace-ag"]},{"@type":"Person","@id":"https:\/\/newplace.ch\/#\/schema\/person\/f60d3b078c64d17e55733cd5e71a8430","name":"Cornelia Steffen","image":{"@type":"ImageObject","inLanguage":"fr-FR","@id":"https:\/\/secure.gravatar.com\/avatar\/aebe96983ca916db533ec4d57d4b633cd240f4c19f0c5662c1baea7faa9666e1?s=96&d=mm&r=g","url":"https:\/\/secure.gravatar.com\/avatar\/aebe96983ca916db533ec4d57d4b633cd240f4c19f0c5662c1baea7faa9666e1?s=96&d=mm&r=g","contentUrl":"https:\/\/secure.gravatar.com\/avatar\/aebe96983ca916db533ec4d57d4b633cd240f4c19f0c5662c1baea7faa9666e1?s=96&d=mm&r=g","caption":"Cornelia Steffen"}}]}},"_links":{"self":[{"href":"https:\/\/newplace.ch\/fr\/wp-json\/wp\/v2\/posts\/2880","targetHints":{"allow":["GET"]}}],"collection":[{"href":"https:\/\/newplace.ch\/fr\/wp-json\/wp\/v2\/posts"}],"about":[{"href":"https:\/\/newplace.ch\/fr\/wp-json\/wp\/v2\/types\/post"}],"author":[{"embeddable":true,"href":"https:\/\/newplace.ch\/fr\/wp-json\/wp\/v2\/users\/6"}],"replies":[{"embeddable":true,"href":"https:\/\/newplace.ch\/fr\/wp-json\/wp\/v2\/comments?post=2880"}],"version-history":[{"count":1,"href":"https:\/\/newplace.ch\/fr\/wp-json\/wp\/v2\/posts\/2880\/revisions"}],"predecessor-version":[{"id":5002,"href":"https:\/\/newplace.ch\/fr\/wp-json\/wp\/v2\/posts\/2880\/revisions\/5002"}],"wp:featuredmedia":[{"embeddable":true,"href":"https:\/\/newplace.ch\/fr\/wp-json\/"}],"wp:attachment":[{"href":"https:\/\/newplace.ch\/fr\/wp-json\/wp\/v2\/media?parent=2880"}],"wp:term":[{"taxonomy":"category","embeddable":true,"href":"https:\/\/newplace.ch\/fr\/wp-json\/wp\/v2\/categories?post=2880"},{"taxonomy":"post_tag","embeddable":true,"href":"https:\/\/newplace.ch\/fr\/wp-json\/wp\/v2\/tags?post=2880"}],"curies":[{"name":"wp","href":"https:\/\/api.w.org\/{rel}","templated":true}]}}