{"id":2795,"date":"2021-08-10T09:49:07","date_gmt":"2021-08-10T09:49:07","guid":{"rendered":"https:\/\/www.newplace.ch\/?p=2795"},"modified":"2025-03-27T13:33:45","modified_gmt":"2025-03-27T13:33:45","slug":"trends-berufswelt-von-morgen-auswirkungen-der-digitalisierung","status":"publish","type":"post","link":"https:\/\/newplace.ch\/fr\/trends-berufswelt-von-morgen-auswirkungen-der-digitalisierung\/","title":{"rendered":"Tendances pour le monde professionnel de demain :"},"content":{"rendered":"<div class=\"wpb_text_column wpb_content_element\">\n<div class=\"wpb_wrapper\">\n<h2>Quels sont les effets de la num\u00e9risation sur le monde du travail ?<\/h2>\n<\/div>\n<\/div>\n<div class=\"wpb_text_column wpb_content_element\">\n<div class=\"wpb_wrapper\">\n<p>Les nouvelles technologies ont toujours chang\u00e9 notre fa\u00e7on de travailler et le monde professionnel, et la num\u00e9risation ne fait pas exception. Une grande question \u00e0 ce sujet est de savoir quelle sera l'ampleur de ce changement et quels groupes professionnels pourraient \u00eatre particuli\u00e8rement concern\u00e9s.<\/p>\n<p>Dans son \u00e9tude, Deloitte a analys\u00e9 les effets pour diff\u00e9rents groupes professionnels et professions jusqu'en 2035 et a identifi\u00e9 les tendances suivantes :<\/p>\n<\/div>\n<\/div>\n<div class=\"vc_empty_space\"><\/div>\n<div class=\"wpb_text_column wpb_content_element\">\n<div class=\"wpb_wrapper\">\n<h2>Tendance 1 : les emplois du futur n\u00e9cessitent une interaction avec d'autres personnes, ainsi que de l'empathie, et ne sont que peu automatisables.<\/h2>\n<\/div>\n<\/div>\n<div class=\"wpb_text_column wpb_content_element\">\n<div class=\"wpb_wrapper\">\n<p>65% du temps de travail ne peut pas \u00eatre remplac\u00e9 par des technologies. De nombreuses activit\u00e9s non rempla\u00e7ables se caract\u00e9risent par un degr\u00e9 \u00e9lev\u00e9 d'interactions humaines et d'empathie. Elles devraient \u00e9galement faire l'objet d'une demande accrue \u00e0 l'avenir.<\/p>\n<\/div>\n<\/div>\n<div class=\"vc_empty_space\"><\/div>\n<div class=\"wpb_text_column wpb_content_element\">\n<div class=\"wpb_wrapper\">\n<h2>Tendance 2 : la croissance des emplois d'avenir devrait plus que compenser les pertes d'emploi.<\/h2>\n<\/div>\n<\/div>\n<div class=\"wpb_text_column wpb_content_element\">\n<div class=\"wpb_wrapper\">\n<div><\/div>\n<div>\n<p>Le nombre d'emplois qui sont peu automatisables et plus demand\u00e9s (et qui sont donc des emplois d'avenir) augmente plus que le nombre d'emplois qui sont supprim\u00e9s par l'automatisation. En termes nets, cela repr\u00e9sente une augmentation de 1,3 million d'emplois.<\/p>\n<\/div>\n<\/div>\n<\/div>\n<div class=\"vc_empty_space\"><\/div>\n<div class=\"wpb_text_column wpb_content_element\">\n<div class=\"wpb_wrapper\">\n<h2>Tendance 3 : l'augmentation des emplois se fait surtout dans le secteur de la sant\u00e9, ainsi que dans les m\u00e9tiers de l'\u00e9ducation et du management.<\/h2>\n<\/div>\n<\/div>\n<div class=\"wpb_text_column wpb_content_element\">\n<div class=\"wpb_wrapper\">\n<div><\/div>\n<div>\n<p>La forte demande et la faible substituabilit\u00e9 des activit\u00e9s dans le secteur de la sant\u00e9 expliquent pourquoi le domaine professionnel de la sant\u00e9 devrait conna\u00eetre la plus forte croissance. L'\u00e9tude pr\u00e9voit une croissance de +26% dans le secteur de la sant\u00e9 jusqu'en 2035. Dans le secteur de l'\u00e9ducation, une croissance de 20%. Dans le domaine de la gestion et de l'organisation des entreprises, on s'attend \u00e0 une croissance de 9%.<\/p>\n<\/div>\n<\/div>\n<\/div>\n<div class=\"vc_empty_space\"><\/div>\n<div class=\"wpb_text_column wpb_content_element\">\n<div class=\"wpb_wrapper\">\n<h2>Tendance 4 : la robotique et l'analyse des donn\u00e9es sont les technologies cl\u00e9s qui ont le plus d'impact sur la num\u00e9risation du monde du travail.<\/h2>\n<\/div>\n<\/div>\n<div class=\"wpb_text_column wpb_content_element\">\n<div class=\"wpb_wrapper\">\n<div><\/div>\n<div>\n<p>La robotique et l'analyse des donn\u00e9es sont les technologies qui auront le plus d'impact sur le monde du travail de demain et qui poussent \u00e0 l'automatisation. Sur un total de 35% de temps de travail pouvant \u00eatre remplac\u00e9 par la technologie, pr\u00e8s de la moiti\u00e9 est consacr\u00e9e \u00e0 la robotique. Un peu moins d'un quart revient \u00e0 l'analyse des donn\u00e9es.<\/p>\n<p>D'une mani\u00e8re g\u00e9n\u00e9rale, on peut dire que la robotique influencera surtout les professions dans lesquelles les activit\u00e9s manuelles de routine dominent. En revanche, la Data Analytics a plut\u00f4t un effet compl\u00e9mentaire et peut reprendre certaines activit\u00e9s de m\u00e9tiers qui sont en principe plus difficilement rempla\u00e7ables.<\/p>\n<\/div>\n<\/div>\n<\/div>\n<div class=\"vc_empty_space\"><\/div>\n<div class=\"wpb_text_column wpb_content_element\">\n<div class=\"wpb_wrapper\">\n<h2>Tendance 5 : Deux caract\u00e9ristiques centrales pour les emplois de demain : moins de t\u00e2ches routini\u00e8res, plus de pens\u00e9e analytique et d'interaction humaine.<\/h2>\n<\/div>\n<\/div>\n<div class=\"wpb_text_column wpb_content_element\">\n<div class=\"wpb_wrapper\">\n<p>La num\u00e9risation concernera surtout les activit\u00e9s routini\u00e8res, qui se d\u00e9roulent selon les m\u00eames sch\u00e9mas. En revanche, les emplois de demain seront \u00e0 forte intensit\u00e9 de connaissances et n\u00e9cessiteront une sp\u00e9cialisation, de la cr\u00e9ativit\u00e9 et des capacit\u00e9s analytiques.<\/p>\n<\/div>\n<\/div>\n<div class=\"vc_empty_space\"><\/div>\n<div class=\"wpb_text_column wpb_content_element\">\n<div class=\"wpb_wrapper\">\n<h2>La num\u00e9risation dans le monde professionnel - En r\u00e9sum\u00e9 :<\/h2>\n<\/div>\n<\/div>\n<div class=\"wpb_text_column wpb_content_element\">\n<div class=\"wpb_wrapper\">\n<p>Le potentiel d'automatisation des technologies num\u00e9riques est surcompens\u00e9. En fin de compte, il y aura donc plus d'emplois cr\u00e9\u00e9s que d'emplois supprim\u00e9s par l'automatisation.<\/p>\n<p>N\u00e9anmoins, le march\u00e9 du travail conna\u00eetra d'importants changements structurels - avec une plus grande sp\u00e9cialisation technique et une importance accrue de l'interaction.<\/p>\n<p>De mani\u00e8re g\u00e9n\u00e9rale, l'impact attendu de l'automatisation d\u00e9pendra du m\u00e9tier, du secteur et des comp\u00e9tences.<\/p>\n<p>T\u00e9l\u00e9charger l'\u00e9tude :\u00a0<a href=\"https:\/\/www2.deloitte.com\/content\/dam\/Deloitte\/de\/Documents\/Innovation\/deloitte-datenland-deutschland-jobs-der-zukunft.pdf\">Les emplois du futur - Le monde professionnel jusqu'en 2035<\/a><\/p>\n<\/div>\n<\/div>\n<div class=\"vc_empty_space\"><\/div>\n<div class=\"wpb_text_column wpb_content_element\">\n<div class=\"wpb_wrapper\">\n<p><strong>Cela pourrait aussi vous int\u00e9resser :<\/strong><\/p>\n<ul>\n<li><a href=\"https:\/\/newplace.ch\/fr\/herausforderung-und-chancen-arbeitsmarkt\/\">D\u00e9fis et opportunit\u00e9s pour les 50+ sur le march\u00e9 du travail<\/a><\/li>\n<\/ul>\n<\/div>\n<\/div>\n<div class=\"vc_empty_space\"><\/div>\n<div class=\"wpb_text_column wpb_content_element\">\n<div class=\"wpb_wrapper\"><\/div>\n<\/div>","protected":false},"excerpt":{"rendered":"<p>Les nouvelles technologies ont toujours chang\u00e9 notre fa\u00e7on de travailler. Quelle sera l'ampleur de ce changement et quels groupes professionnels pourraient \u00eatre particuli\u00e8rement touch\u00e9s ?<\/p>","protected":false},"author":6,"featured_media":2794,"comment_status":"open","ping_status":"open","sticky":false,"template":"","format":"standard","meta":{"_acf_changed":false,"footnotes":""},"categories":[10],"tags":[],"class_list":["post-2795","post","type-post","status-publish","format-standard","has-post-thumbnail","hentry","category-hr-welt"],"acf":[],"yoast_head":"<!-- This site is optimized with the Yoast SEO plugin v24.7 - https:\/\/yoast.com\/wordpress\/plugins\/seo\/ -->\n<title>Digitalisierung Berufswelt: Trends f\u00fcr die Jobs von morgen &#8226; newplace<\/title>\n<meta name=\"description\" content=\"Welche Auswirkung hat die Digitalisierung der Berufswelt auf unsere Arbeitspl\u00e4tze? Welche Berufe und Berufsgruppen sind besonders betroffen?\" \/>\n<meta name=\"robots\" content=\"index, follow, max-snippet:-1, max-image-preview:large, max-video-preview:-1\" \/>\n<link rel=\"canonical\" href=\"https:\/\/newplace.ch\/fr\/trends-berufswelt-von-morgen-auswirkungen-der-digitalisierung\/\" \/>\n<meta property=\"og:locale\" content=\"fr_FR\" \/>\n<meta property=\"og:type\" content=\"article\" \/>\n<meta property=\"og:title\" content=\"Digitalisierung Berufswelt: Trends f\u00fcr die Jobs von morgen &#8226; newplace\" \/>\n<meta property=\"og:description\" content=\"Welche Auswirkung hat die Digitalisierung der Berufswelt auf unsere Arbeitspl\u00e4tze? Welche Berufe und Berufsgruppen sind besonders betroffen?\" \/>\n<meta property=\"og:url\" content=\"https:\/\/newplace.ch\/fr\/trends-berufswelt-von-morgen-auswirkungen-der-digitalisierung\/\" \/>\n<meta property=\"og:site_name\" content=\"newplace\" \/>\n<meta property=\"article:published_time\" content=\"2021-08-10T09:49:07+00:00\" \/>\n<meta property=\"article:modified_time\" content=\"2025-03-27T13:33:45+00:00\" \/>\n<meta name=\"author\" content=\"Cornelia Steffen\" \/>\n<meta name=\"twitter:card\" content=\"summary_large_image\" \/>\n<script type=\"application\/ld+json\" class=\"yoast-schema-graph\">{\"@context\":\"https:\/\/schema.org\",\"@graph\":[{\"@type\":\"Article\",\"@id\":\"https:\/\/newplace.ch\/trends-berufswelt-von-morgen-auswirkungen-der-digitalisierung\/#article\",\"isPartOf\":{\"@id\":\"https:\/\/newplace.ch\/trends-berufswelt-von-morgen-auswirkungen-der-digitalisierung\/\"},\"author\":{\"name\":\"Cornelia Steffen\",\"@id\":\"https:\/\/newplace.ch\/#\/schema\/person\/f60d3b078c64d17e55733cd5e71a8430\"},\"headline\":\"Trends f\u00fcr die Berufswelt von morgen:\",\"datePublished\":\"2021-08-10T09:49:07+00:00\",\"dateModified\":\"2025-03-27T13:33:45+00:00\",\"mainEntityOfPage\":{\"@id\":\"https:\/\/newplace.ch\/trends-berufswelt-von-morgen-auswirkungen-der-digitalisierung\/\"},\"wordCount\":492,\"commentCount\":0,\"publisher\":{\"@id\":\"https:\/\/newplace.ch\/#organization\"},\"image\":{\"@id\":\"https:\/\/newplace.ch\/trends-berufswelt-von-morgen-auswirkungen-der-digitalisierung\/#primaryimage\"},\"thumbnailUrl\":\"\",\"articleSection\":[\"aus der HR-Welt\"],\"inLanguage\":\"fr-FR\",\"potentialAction\":[{\"@type\":\"CommentAction\",\"name\":\"Comment\",\"target\":[\"https:\/\/newplace.ch\/trends-berufswelt-von-morgen-auswirkungen-der-digitalisierung\/#respond\"]}]},{\"@type\":\"WebPage\",\"@id\":\"https:\/\/newplace.ch\/trends-berufswelt-von-morgen-auswirkungen-der-digitalisierung\/\",\"url\":\"https:\/\/newplace.ch\/trends-berufswelt-von-morgen-auswirkungen-der-digitalisierung\/\",\"name\":\"Digitalisierung Berufswelt: Trends f\u00fcr die Jobs von morgen &#8226; newplace\",\"isPartOf\":{\"@id\":\"https:\/\/newplace.ch\/#website\"},\"primaryImageOfPage\":{\"@id\":\"https:\/\/newplace.ch\/trends-berufswelt-von-morgen-auswirkungen-der-digitalisierung\/#primaryimage\"},\"image\":{\"@id\":\"https:\/\/newplace.ch\/trends-berufswelt-von-morgen-auswirkungen-der-digitalisierung\/#primaryimage\"},\"thumbnailUrl\":\"\",\"datePublished\":\"2021-08-10T09:49:07+00:00\",\"dateModified\":\"2025-03-27T13:33:45+00:00\",\"description\":\"Welche Auswirkung hat die Digitalisierung der Berufswelt auf unsere Arbeitspl\u00e4tze? Welche Berufe und Berufsgruppen sind besonders betroffen?\",\"breadcrumb\":{\"@id\":\"https:\/\/newplace.ch\/trends-berufswelt-von-morgen-auswirkungen-der-digitalisierung\/#breadcrumb\"},\"inLanguage\":\"fr-FR\",\"potentialAction\":[{\"@type\":\"ReadAction\",\"target\":[\"https:\/\/newplace.ch\/trends-berufswelt-von-morgen-auswirkungen-der-digitalisierung\/\"]}]},{\"@type\":\"ImageObject\",\"inLanguage\":\"fr-FR\",\"@id\":\"https:\/\/newplace.ch\/trends-berufswelt-von-morgen-auswirkungen-der-digitalisierung\/#primaryimage\",\"url\":\"\",\"contentUrl\":\"\"},{\"@type\":\"BreadcrumbList\",\"@id\":\"https:\/\/newplace.ch\/trends-berufswelt-von-morgen-auswirkungen-der-digitalisierung\/#breadcrumb\",\"itemListElement\":[{\"@type\":\"ListItem\",\"position\":1,\"name\":\"Startseite\",\"item\":\"https:\/\/newplace.ch\/\"},{\"@type\":\"ListItem\",\"position\":2,\"name\":\"Trends f\u00fcr die Berufswelt von morgen:\"}]},{\"@type\":\"WebSite\",\"@id\":\"https:\/\/newplace.ch\/#website\",\"url\":\"https:\/\/newplace.ch\/\",\"name\":\"newplace\",\"description\":\"\",\"publisher\":{\"@id\":\"https:\/\/newplace.ch\/#organization\"},\"potentialAction\":[{\"@type\":\"SearchAction\",\"target\":{\"@type\":\"EntryPoint\",\"urlTemplate\":\"https:\/\/newplace.ch\/?s={search_term_string}\"},\"query-input\":{\"@type\":\"PropertyValueSpecification\",\"valueRequired\":true,\"valueName\":\"search_term_string\"}}],\"inLanguage\":\"fr-FR\"},{\"@type\":\"Organization\",\"@id\":\"https:\/\/newplace.ch\/#organization\",\"name\":\"newplace AG\",\"url\":\"https:\/\/newplace.ch\/\",\"logo\":{\"@type\":\"ImageObject\",\"inLanguage\":\"fr-FR\",\"@id\":\"https:\/\/newplace.ch\/#\/schema\/logo\/image\/\",\"url\":\"https:\/\/newplace.ch\/wp-content\/uploads\/2025\/02\/newplace.svg\",\"contentUrl\":\"https:\/\/newplace.ch\/wp-content\/uploads\/2025\/02\/newplace.svg\",\"width\":345,\"height\":120,\"caption\":\"newplace AG\"},\"image\":{\"@id\":\"https:\/\/newplace.ch\/#\/schema\/logo\/image\/\"},\"sameAs\":[\"https:\/\/www.linkedin.com\/company\/newplace-ag\"]},{\"@type\":\"Person\",\"@id\":\"https:\/\/newplace.ch\/#\/schema\/person\/f60d3b078c64d17e55733cd5e71a8430\",\"name\":\"Cornelia Steffen\",\"image\":{\"@type\":\"ImageObject\",\"inLanguage\":\"fr-FR\",\"@id\":\"https:\/\/newplace.ch\/#\/schema\/person\/image\/\",\"url\":\"https:\/\/secure.gravatar.com\/avatar\/aebe96983ca916db533ec4d57d4b633cd240f4c19f0c5662c1baea7faa9666e1?s=96&d=mm&r=g\",\"contentUrl\":\"https:\/\/secure.gravatar.com\/avatar\/aebe96983ca916db533ec4d57d4b633cd240f4c19f0c5662c1baea7faa9666e1?s=96&d=mm&r=g\",\"caption\":\"Cornelia Steffen\"}}]}<\/script>\n<!-- \/ Yoast SEO plugin. -->","yoast_head_json":{"title":"Digitalisierung Berufswelt: Trends f\u00fcr die Jobs von morgen &#8226; newplace","description":"Welche Auswirkung hat die Digitalisierung der Berufswelt auf unsere Arbeitspl\u00e4tze? Welche Berufe und Berufsgruppen sind besonders betroffen?","robots":{"index":"index","follow":"follow","max-snippet":"max-snippet:-1","max-image-preview":"max-image-preview:large","max-video-preview":"max-video-preview:-1"},"canonical":"https:\/\/newplace.ch\/fr\/trends-berufswelt-von-morgen-auswirkungen-der-digitalisierung\/","og_locale":"fr_FR","og_type":"article","og_title":"Digitalisierung Berufswelt: Trends f\u00fcr die Jobs von morgen &#8226; newplace","og_description":"Welche Auswirkung hat die Digitalisierung der Berufswelt auf unsere Arbeitspl\u00e4tze? Welche Berufe und Berufsgruppen sind besonders betroffen?","og_url":"https:\/\/newplace.ch\/fr\/trends-berufswelt-von-morgen-auswirkungen-der-digitalisierung\/","og_site_name":"newplace","article_published_time":"2021-08-10T09:49:07+00:00","article_modified_time":"2025-03-27T13:33:45+00:00","author":"Cornelia Steffen","twitter_card":"summary_large_image","schema":{"@context":"https:\/\/schema.org","@graph":[{"@type":"Article","@id":"https:\/\/newplace.ch\/trends-berufswelt-von-morgen-auswirkungen-der-digitalisierung\/#article","isPartOf":{"@id":"https:\/\/newplace.ch\/trends-berufswelt-von-morgen-auswirkungen-der-digitalisierung\/"},"author":{"name":"Cornelia Steffen","@id":"https:\/\/newplace.ch\/#\/schema\/person\/f60d3b078c64d17e55733cd5e71a8430"},"headline":"Trends f\u00fcr die Berufswelt von morgen:","datePublished":"2021-08-10T09:49:07+00:00","dateModified":"2025-03-27T13:33:45+00:00","mainEntityOfPage":{"@id":"https:\/\/newplace.ch\/trends-berufswelt-von-morgen-auswirkungen-der-digitalisierung\/"},"wordCount":492,"commentCount":0,"publisher":{"@id":"https:\/\/newplace.ch\/#organization"},"image":{"@id":"https:\/\/newplace.ch\/trends-berufswelt-von-morgen-auswirkungen-der-digitalisierung\/#primaryimage"},"thumbnailUrl":"","articleSection":["aus der HR-Welt"],"inLanguage":"fr-FR","potentialAction":[{"@type":"CommentAction","name":"Comment","target":["https:\/\/newplace.ch\/trends-berufswelt-von-morgen-auswirkungen-der-digitalisierung\/#respond"]}]},{"@type":"WebPage","@id":"https:\/\/newplace.ch\/trends-berufswelt-von-morgen-auswirkungen-der-digitalisierung\/","url":"https:\/\/newplace.ch\/trends-berufswelt-von-morgen-auswirkungen-der-digitalisierung\/","name":"Digitalisierung Berufswelt: Trends f\u00fcr die Jobs von morgen &#8226; newplace","isPartOf":{"@id":"https:\/\/newplace.ch\/#website"},"primaryImageOfPage":{"@id":"https:\/\/newplace.ch\/trends-berufswelt-von-morgen-auswirkungen-der-digitalisierung\/#primaryimage"},"image":{"@id":"https:\/\/newplace.ch\/trends-berufswelt-von-morgen-auswirkungen-der-digitalisierung\/#primaryimage"},"thumbnailUrl":"","datePublished":"2021-08-10T09:49:07+00:00","dateModified":"2025-03-27T13:33:45+00:00","description":"Welche Auswirkung hat die Digitalisierung der Berufswelt auf unsere Arbeitspl\u00e4tze? Welche Berufe und Berufsgruppen sind besonders betroffen?","breadcrumb":{"@id":"https:\/\/newplace.ch\/trends-berufswelt-von-morgen-auswirkungen-der-digitalisierung\/#breadcrumb"},"inLanguage":"fr-FR","potentialAction":[{"@type":"ReadAction","target":["https:\/\/newplace.ch\/trends-berufswelt-von-morgen-auswirkungen-der-digitalisierung\/"]}]},{"@type":"ImageObject","inLanguage":"fr-FR","@id":"https:\/\/newplace.ch\/trends-berufswelt-von-morgen-auswirkungen-der-digitalisierung\/#primaryimage","url":"","contentUrl":""},{"@type":"BreadcrumbList","@id":"https:\/\/newplace.ch\/trends-berufswelt-von-morgen-auswirkungen-der-digitalisierung\/#breadcrumb","itemListElement":[{"@type":"ListItem","position":1,"name":"Startseite","item":"https:\/\/newplace.ch\/"},{"@type":"ListItem","position":2,"name":"Trends f\u00fcr die Berufswelt von morgen:"}]},{"@type":"WebSite","@id":"https:\/\/newplace.ch\/#website","url":"https:\/\/newplace.ch\/","name":"newplace","description":"","publisher":{"@id":"https:\/\/newplace.ch\/#organization"},"potentialAction":[{"@type":"SearchAction","target":{"@type":"EntryPoint","urlTemplate":"https:\/\/newplace.ch\/?s={search_term_string}"},"query-input":{"@type":"PropertyValueSpecification","valueRequired":true,"valueName":"search_term_string"}}],"inLanguage":"fr-FR"},{"@type":"Organization","@id":"https:\/\/newplace.ch\/#organization","name":"newplace AG","url":"https:\/\/newplace.ch\/","logo":{"@type":"ImageObject","inLanguage":"fr-FR","@id":"https:\/\/newplace.ch\/#\/schema\/logo\/image\/","url":"https:\/\/newplace.ch\/wp-content\/uploads\/2025\/02\/newplace.svg","contentUrl":"https:\/\/newplace.ch\/wp-content\/uploads\/2025\/02\/newplace.svg","width":345,"height":120,"caption":"newplace AG"},"image":{"@id":"https:\/\/newplace.ch\/#\/schema\/logo\/image\/"},"sameAs":["https:\/\/www.linkedin.com\/company\/newplace-ag"]},{"@type":"Person","@id":"https:\/\/newplace.ch\/#\/schema\/person\/f60d3b078c64d17e55733cd5e71a8430","name":"Cornelia Steffen","image":{"@type":"ImageObject","inLanguage":"fr-FR","@id":"https:\/\/newplace.ch\/#\/schema\/person\/image\/","url":"https:\/\/secure.gravatar.com\/avatar\/aebe96983ca916db533ec4d57d4b633cd240f4c19f0c5662c1baea7faa9666e1?s=96&d=mm&r=g","contentUrl":"https:\/\/secure.gravatar.com\/avatar\/aebe96983ca916db533ec4d57d4b633cd240f4c19f0c5662c1baea7faa9666e1?s=96&d=mm&r=g","caption":"Cornelia Steffen"}}]}},"_links":{"self":[{"href":"https:\/\/newplace.ch\/fr\/wp-json\/wp\/v2\/posts\/2795","targetHints":{"allow":["GET"]}}],"collection":[{"href":"https:\/\/newplace.ch\/fr\/wp-json\/wp\/v2\/posts"}],"about":[{"href":"https:\/\/newplace.ch\/fr\/wp-json\/wp\/v2\/types\/post"}],"author":[{"embeddable":true,"href":"https:\/\/newplace.ch\/fr\/wp-json\/wp\/v2\/users\/6"}],"replies":[{"embeddable":true,"href":"https:\/\/newplace.ch\/fr\/wp-json\/wp\/v2\/comments?post=2795"}],"version-history":[{"count":1,"href":"https:\/\/newplace.ch\/fr\/wp-json\/wp\/v2\/posts\/2795\/revisions"}],"predecessor-version":[{"id":5004,"href":"https:\/\/newplace.ch\/fr\/wp-json\/wp\/v2\/posts\/2795\/revisions\/5004"}],"wp:featuredmedia":[{"embeddable":true,"href":"https:\/\/newplace.ch\/fr\/wp-json\/"}],"wp:attachment":[{"href":"https:\/\/newplace.ch\/fr\/wp-json\/wp\/v2\/media?parent=2795"}],"wp:term":[{"taxonomy":"category","embeddable":true,"href":"https:\/\/newplace.ch\/fr\/wp-json\/wp\/v2\/categories?post=2795"},{"taxonomy":"post_tag","embeddable":true,"href":"https:\/\/newplace.ch\/fr\/wp-json\/wp\/v2\/tags?post=2795"}],"curies":[{"name":"wp","href":"https:\/\/api.w.org\/{rel}","templated":true}]}}