{"id":2768,"date":"2021-07-06T07:59:16","date_gmt":"2021-07-06T07:59:16","guid":{"rendered":"https:\/\/www.newplace.ch\/?p=2768"},"modified":"2025-03-27T13:33:45","modified_gmt":"2025-03-27T13:33:45","slug":"der-arbeitsmarkt-erholt-sich","status":"publish","type":"post","link":"https:\/\/newplace.ch\/fr\/der-arbeitsmarkt-erholt-sich\/","title":{"rendered":"Le march\u00e9 du travail se redresse"},"content":{"rendered":"<div class=\"wpb_text_column wpb_content_element\">\n<div class=\"wpb_wrapper\">\n<div>\n<p>La situation s'am\u00e9liore. L'\u00e9conomie suisse, et donc le march\u00e9 de l'emploi, se remet visiblement de la crise de Corona. Le nombre d'offres d'emploi a augment\u00e9 de 28% par rapport au m\u00eame trimestre de l'ann\u00e9e pr\u00e9c\u00e9dente, comme le montrent les derni\u00e8res enqu\u00eates de l'agence de placement Adecco et de l'Universit\u00e9 de Zurich.<\/p>\n<\/div>\n<div>\n<p>Actuellement, le secteur informatique est particuli\u00e8rement demandeur de sp\u00e9cialistes. Les programmeurs, les webmasters, les ing\u00e9nieurs syst\u00e8me ainsi que les chefs de projet informatique sont tr\u00e8s demand\u00e9s. L'une des raisons est certainement la pouss\u00e9e de la num\u00e9risation dans de nombreuses entreprises pendant la pand\u00e9mie.<\/p>\n<\/div>\n<\/div>\n<\/div>\n<div class=\"vc_empty_space\"><\/div>\n<div class=\"wpb_text_column wpb_content_element\">\n<div class=\"wpb_wrapper\">\n<h2>March\u00e9 de l'emploi : diff\u00e9rences entre les secteurs<\/h2>\n<\/div>\n<\/div>\n<div class=\"wpb_text_column wpb_content_element\">\n<div class=\"wpb_wrapper\">\n<div>\n<p>Les personnes travaillant dans le commerce ou la vente ont de bonnes chances de trouver un emploi. L'indice enregistre ici une hausse de 38 pour cent. Les sp\u00e9cialistes du personnel et de l'organisation ainsi que les cadres moyens et sup\u00e9rieurs sont \u00e9galement tr\u00e8s recherch\u00e9s. Dans ce domaine, les offres d'emploi ont augment\u00e9 de pr\u00e8s de 40 pour cent par rapport \u00e0 l'ann\u00e9e pr\u00e9c\u00e9dente. Les emplois de bureau et administratifs sont \u00e9galement de plus en plus demand\u00e9s. Une tendance positive par rapport \u00e0 l'ann\u00e9e pr\u00e9c\u00e9dente. Il reste n\u00e9anmoins \u00e0 noter que le nombre d'offres d'emploi - dans le commerce et l'administration - n'a pas encore atteint le niveau d'avant la crise de Corona.<\/p>\n<\/div>\n<\/div>\n<\/div>\n<div class=\"vc_empty_space\"><\/div>\n<div class=\"wpb_text_column wpb_content_element\">\n<div class=\"wpb_wrapper\">\n<h2>L'h\u00f4tellerie-restauration ne se remet que lentement<\/h2>\n<\/div>\n<\/div>\n<div class=\"wpb_text_column wpb_content_element\">\n<div class=\"wpb_wrapper\">\n<div>\n<p>Le secteur de l'industrie et des transports est \u00e9galement en plein essor. Par rapport au m\u00eame trimestre de l'ann\u00e9e pr\u00e9c\u00e9dente, les offres d'emploi ont augment\u00e9 de 33 %. Les professionnels de ce secteur sont donc plus demand\u00e9s que juste avant le premier shutdown. Le secteur de la construction, les professions techniques et les professions dans le domaine des sciences naturelles ont \u00e9galement retrouv\u00e9 leur niveau d'avant Corona.<\/p>\n<\/div>\n<div>\n<p>La situation reste difficile dans l'h\u00f4tellerie et la restauration. Ici, on est loin du niveau pr\u00e9-Corona. Certes, ici aussi, les offres d'emploi sont de nouveau plus nombreuses, mais la situation ne s'am\u00e9liore que lentement. Ces entreprises esp\u00e8rent maintenant surtout que les affaires d'\u00e9t\u00e9 et de vacances seront au rendez-vous.<\/p>\n<\/div>\n<p>Les r\u00e9sultats d\u00e9taill\u00e9s et les donn\u00e9es de l'enqu\u00eate se trouvent sur\u00a0<a href=\"https:\/\/www.stellenmarktmonitor.uzh.ch\/de\/indices\/asjmi.html\">ici<\/a>.<\/p>\n<\/div>\n<\/div>\n<div class=\"wpb_text_column wpb_content_element\">\n<div class=\"wpb_wrapper\"><\/div>\n<\/div>","protected":false},"excerpt":{"rendered":"<p>L'\u00e9conomie suisse, et donc le march\u00e9 de l'emploi, se remet visiblement de la crise de Corona. Les annonces d'emploi ont augment\u00e9 de 28 pour cent par rapport au m\u00eame trimestre de l'ann\u00e9e pr\u00e9c\u00e9dente.<\/p>","protected":false},"author":6,"featured_media":2776,"comment_status":"open","ping_status":"open","sticky":false,"template":"","format":"standard","meta":{"_acf_changed":false,"footnotes":""},"categories":[10],"tags":[],"class_list":["post-2768","post","type-post","status-publish","format-standard","has-post-thumbnail","hentry","category-hr-welt"],"acf":[],"yoast_head":"<!-- This site is optimized with the Yoast SEO plugin v24.7 - https:\/\/yoast.com\/wordpress\/plugins\/seo\/ -->\n<title>Entwicklung Schweizer Stellenmarkt nach Branchen &#8226; newplace<\/title>\n<meta name=\"description\" content=\"Stellenmarkt erholt sich von Corona Pandemie: Im Vergleich zum Vorjahr wurden 28% mehr Jobs ausgeschrieben.\" \/>\n<meta name=\"robots\" content=\"index, follow, max-snippet:-1, max-image-preview:large, max-video-preview:-1\" \/>\n<link rel=\"canonical\" href=\"https:\/\/newplace.ch\/fr\/der-arbeitsmarkt-erholt-sich\/\" \/>\n<meta property=\"og:locale\" content=\"fr_FR\" \/>\n<meta property=\"og:type\" content=\"article\" \/>\n<meta property=\"og:title\" content=\"Entwicklung Schweizer Stellenmarkt nach Branchen &#8226; newplace\" \/>\n<meta property=\"og:description\" content=\"Stellenmarkt erholt sich von Corona Pandemie: Im Vergleich zum Vorjahr wurden 28% mehr Jobs ausgeschrieben.\" \/>\n<meta property=\"og:url\" content=\"https:\/\/newplace.ch\/fr\/der-arbeitsmarkt-erholt-sich\/\" \/>\n<meta property=\"og:site_name\" content=\"newplace\" \/>\n<meta property=\"article:published_time\" content=\"2021-07-06T07:59:16+00:00\" \/>\n<meta property=\"article:modified_time\" content=\"2025-03-27T13:33:45+00:00\" \/>\n<meta name=\"author\" content=\"Cornelia Steffen\" \/>\n<meta name=\"twitter:card\" content=\"summary_large_image\" \/>\n<script type=\"application\/ld+json\" class=\"yoast-schema-graph\">{\"@context\":\"https:\/\/schema.org\",\"@graph\":[{\"@type\":\"Article\",\"@id\":\"https:\/\/newplace.ch\/der-arbeitsmarkt-erholt-sich\/#article\",\"isPartOf\":{\"@id\":\"https:\/\/newplace.ch\/der-arbeitsmarkt-erholt-sich\/\"},\"author\":{\"name\":\"Cornelia Steffen\",\"@id\":\"https:\/\/newplace.ch\/#\/schema\/person\/f60d3b078c64d17e55733cd5e71a8430\"},\"headline\":\"Der Arbeitsmarkt erholt sich\",\"datePublished\":\"2021-07-06T07:59:16+00:00\",\"dateModified\":\"2025-03-27T13:33:45+00:00\",\"mainEntityOfPage\":{\"@id\":\"https:\/\/newplace.ch\/der-arbeitsmarkt-erholt-sich\/\"},\"wordCount\":270,\"commentCount\":0,\"publisher\":{\"@id\":\"https:\/\/newplace.ch\/#organization\"},\"image\":{\"@id\":\"https:\/\/newplace.ch\/der-arbeitsmarkt-erholt-sich\/#primaryimage\"},\"thumbnailUrl\":\"\",\"articleSection\":[\"aus der HR-Welt\"],\"inLanguage\":\"fr-FR\",\"potentialAction\":[{\"@type\":\"CommentAction\",\"name\":\"Comment\",\"target\":[\"https:\/\/newplace.ch\/der-arbeitsmarkt-erholt-sich\/#respond\"]}]},{\"@type\":\"WebPage\",\"@id\":\"https:\/\/newplace.ch\/der-arbeitsmarkt-erholt-sich\/\",\"url\":\"https:\/\/newplace.ch\/der-arbeitsmarkt-erholt-sich\/\",\"name\":\"Entwicklung Schweizer Stellenmarkt nach Branchen &#8226; newplace\",\"isPartOf\":{\"@id\":\"https:\/\/newplace.ch\/#website\"},\"primaryImageOfPage\":{\"@id\":\"https:\/\/newplace.ch\/der-arbeitsmarkt-erholt-sich\/#primaryimage\"},\"image\":{\"@id\":\"https:\/\/newplace.ch\/der-arbeitsmarkt-erholt-sich\/#primaryimage\"},\"thumbnailUrl\":\"\",\"datePublished\":\"2021-07-06T07:59:16+00:00\",\"dateModified\":\"2025-03-27T13:33:45+00:00\",\"description\":\"Stellenmarkt erholt sich von Corona Pandemie: Im Vergleich zum Vorjahr wurden 28% mehr Jobs ausgeschrieben.\",\"breadcrumb\":{\"@id\":\"https:\/\/newplace.ch\/der-arbeitsmarkt-erholt-sich\/#breadcrumb\"},\"inLanguage\":\"fr-FR\",\"potentialAction\":[{\"@type\":\"ReadAction\",\"target\":[\"https:\/\/newplace.ch\/der-arbeitsmarkt-erholt-sich\/\"]}]},{\"@type\":\"ImageObject\",\"inLanguage\":\"fr-FR\",\"@id\":\"https:\/\/newplace.ch\/der-arbeitsmarkt-erholt-sich\/#primaryimage\",\"url\":\"\",\"contentUrl\":\"\"},{\"@type\":\"BreadcrumbList\",\"@id\":\"https:\/\/newplace.ch\/der-arbeitsmarkt-erholt-sich\/#breadcrumb\",\"itemListElement\":[{\"@type\":\"ListItem\",\"position\":1,\"name\":\"Startseite\",\"item\":\"https:\/\/newplace.ch\/\"},{\"@type\":\"ListItem\",\"position\":2,\"name\":\"Der Arbeitsmarkt erholt sich\"}]},{\"@type\":\"WebSite\",\"@id\":\"https:\/\/newplace.ch\/#website\",\"url\":\"https:\/\/newplace.ch\/\",\"name\":\"newplace\",\"description\":\"\",\"publisher\":{\"@id\":\"https:\/\/newplace.ch\/#organization\"},\"potentialAction\":[{\"@type\":\"SearchAction\",\"target\":{\"@type\":\"EntryPoint\",\"urlTemplate\":\"https:\/\/newplace.ch\/?s={search_term_string}\"},\"query-input\":{\"@type\":\"PropertyValueSpecification\",\"valueRequired\":true,\"valueName\":\"search_term_string\"}}],\"inLanguage\":\"fr-FR\"},{\"@type\":\"Organization\",\"@id\":\"https:\/\/newplace.ch\/#organization\",\"name\":\"newplace AG\",\"url\":\"https:\/\/newplace.ch\/\",\"logo\":{\"@type\":\"ImageObject\",\"inLanguage\":\"fr-FR\",\"@id\":\"https:\/\/newplace.ch\/#\/schema\/logo\/image\/\",\"url\":\"https:\/\/newplace.ch\/wp-content\/uploads\/2025\/02\/newplace.svg\",\"contentUrl\":\"https:\/\/newplace.ch\/wp-content\/uploads\/2025\/02\/newplace.svg\",\"width\":345,\"height\":120,\"caption\":\"newplace AG\"},\"image\":{\"@id\":\"https:\/\/newplace.ch\/#\/schema\/logo\/image\/\"},\"sameAs\":[\"https:\/\/www.linkedin.com\/company\/newplace-ag\"]},{\"@type\":\"Person\",\"@id\":\"https:\/\/newplace.ch\/#\/schema\/person\/f60d3b078c64d17e55733cd5e71a8430\",\"name\":\"Cornelia Steffen\",\"image\":{\"@type\":\"ImageObject\",\"inLanguage\":\"fr-FR\",\"@id\":\"https:\/\/newplace.ch\/#\/schema\/person\/image\/\",\"url\":\"https:\/\/secure.gravatar.com\/avatar\/aebe96983ca916db533ec4d57d4b633cd240f4c19f0c5662c1baea7faa9666e1?s=96&d=mm&r=g\",\"contentUrl\":\"https:\/\/secure.gravatar.com\/avatar\/aebe96983ca916db533ec4d57d4b633cd240f4c19f0c5662c1baea7faa9666e1?s=96&d=mm&r=g\",\"caption\":\"Cornelia Steffen\"}}]}<\/script>\n<!-- \/ Yoast SEO plugin. -->","yoast_head_json":{"title":"Entwicklung Schweizer Stellenmarkt nach Branchen &#8226; newplace","description":"Stellenmarkt erholt sich von Corona Pandemie: Im Vergleich zum Vorjahr wurden 28% mehr Jobs ausgeschrieben.","robots":{"index":"index","follow":"follow","max-snippet":"max-snippet:-1","max-image-preview":"max-image-preview:large","max-video-preview":"max-video-preview:-1"},"canonical":"https:\/\/newplace.ch\/fr\/der-arbeitsmarkt-erholt-sich\/","og_locale":"fr_FR","og_type":"article","og_title":"Entwicklung Schweizer Stellenmarkt nach Branchen &#8226; newplace","og_description":"Stellenmarkt erholt sich von Corona Pandemie: Im Vergleich zum Vorjahr wurden 28% mehr Jobs ausgeschrieben.","og_url":"https:\/\/newplace.ch\/fr\/der-arbeitsmarkt-erholt-sich\/","og_site_name":"newplace","article_published_time":"2021-07-06T07:59:16+00:00","article_modified_time":"2025-03-27T13:33:45+00:00","author":"Cornelia Steffen","twitter_card":"summary_large_image","schema":{"@context":"https:\/\/schema.org","@graph":[{"@type":"Article","@id":"https:\/\/newplace.ch\/der-arbeitsmarkt-erholt-sich\/#article","isPartOf":{"@id":"https:\/\/newplace.ch\/der-arbeitsmarkt-erholt-sich\/"},"author":{"name":"Cornelia Steffen","@id":"https:\/\/newplace.ch\/#\/schema\/person\/f60d3b078c64d17e55733cd5e71a8430"},"headline":"Der Arbeitsmarkt erholt sich","datePublished":"2021-07-06T07:59:16+00:00","dateModified":"2025-03-27T13:33:45+00:00","mainEntityOfPage":{"@id":"https:\/\/newplace.ch\/der-arbeitsmarkt-erholt-sich\/"},"wordCount":270,"commentCount":0,"publisher":{"@id":"https:\/\/newplace.ch\/#organization"},"image":{"@id":"https:\/\/newplace.ch\/der-arbeitsmarkt-erholt-sich\/#primaryimage"},"thumbnailUrl":"","articleSection":["aus der HR-Welt"],"inLanguage":"fr-FR","potentialAction":[{"@type":"CommentAction","name":"Comment","target":["https:\/\/newplace.ch\/der-arbeitsmarkt-erholt-sich\/#respond"]}]},{"@type":"WebPage","@id":"https:\/\/newplace.ch\/der-arbeitsmarkt-erholt-sich\/","url":"https:\/\/newplace.ch\/der-arbeitsmarkt-erholt-sich\/","name":"Entwicklung Schweizer Stellenmarkt nach Branchen &#8226; newplace","isPartOf":{"@id":"https:\/\/newplace.ch\/#website"},"primaryImageOfPage":{"@id":"https:\/\/newplace.ch\/der-arbeitsmarkt-erholt-sich\/#primaryimage"},"image":{"@id":"https:\/\/newplace.ch\/der-arbeitsmarkt-erholt-sich\/#primaryimage"},"thumbnailUrl":"","datePublished":"2021-07-06T07:59:16+00:00","dateModified":"2025-03-27T13:33:45+00:00","description":"Stellenmarkt erholt sich von Corona Pandemie: Im Vergleich zum Vorjahr wurden 28% mehr Jobs ausgeschrieben.","breadcrumb":{"@id":"https:\/\/newplace.ch\/der-arbeitsmarkt-erholt-sich\/#breadcrumb"},"inLanguage":"fr-FR","potentialAction":[{"@type":"ReadAction","target":["https:\/\/newplace.ch\/der-arbeitsmarkt-erholt-sich\/"]}]},{"@type":"ImageObject","inLanguage":"fr-FR","@id":"https:\/\/newplace.ch\/der-arbeitsmarkt-erholt-sich\/#primaryimage","url":"","contentUrl":""},{"@type":"BreadcrumbList","@id":"https:\/\/newplace.ch\/der-arbeitsmarkt-erholt-sich\/#breadcrumb","itemListElement":[{"@type":"ListItem","position":1,"name":"Startseite","item":"https:\/\/newplace.ch\/"},{"@type":"ListItem","position":2,"name":"Der Arbeitsmarkt erholt sich"}]},{"@type":"WebSite","@id":"https:\/\/newplace.ch\/#website","url":"https:\/\/newplace.ch\/","name":"newplace","description":"","publisher":{"@id":"https:\/\/newplace.ch\/#organization"},"potentialAction":[{"@type":"SearchAction","target":{"@type":"EntryPoint","urlTemplate":"https:\/\/newplace.ch\/?s={search_term_string}"},"query-input":{"@type":"PropertyValueSpecification","valueRequired":true,"valueName":"search_term_string"}}],"inLanguage":"fr-FR"},{"@type":"Organization","@id":"https:\/\/newplace.ch\/#organization","name":"newplace AG","url":"https:\/\/newplace.ch\/","logo":{"@type":"ImageObject","inLanguage":"fr-FR","@id":"https:\/\/newplace.ch\/#\/schema\/logo\/image\/","url":"https:\/\/newplace.ch\/wp-content\/uploads\/2025\/02\/newplace.svg","contentUrl":"https:\/\/newplace.ch\/wp-content\/uploads\/2025\/02\/newplace.svg","width":345,"height":120,"caption":"newplace AG"},"image":{"@id":"https:\/\/newplace.ch\/#\/schema\/logo\/image\/"},"sameAs":["https:\/\/www.linkedin.com\/company\/newplace-ag"]},{"@type":"Person","@id":"https:\/\/newplace.ch\/#\/schema\/person\/f60d3b078c64d17e55733cd5e71a8430","name":"Cornelia Steffen","image":{"@type":"ImageObject","inLanguage":"fr-FR","@id":"https:\/\/newplace.ch\/#\/schema\/person\/image\/","url":"https:\/\/secure.gravatar.com\/avatar\/aebe96983ca916db533ec4d57d4b633cd240f4c19f0c5662c1baea7faa9666e1?s=96&d=mm&r=g","contentUrl":"https:\/\/secure.gravatar.com\/avatar\/aebe96983ca916db533ec4d57d4b633cd240f4c19f0c5662c1baea7faa9666e1?s=96&d=mm&r=g","caption":"Cornelia Steffen"}}]}},"_links":{"self":[{"href":"https:\/\/newplace.ch\/fr\/wp-json\/wp\/v2\/posts\/2768","targetHints":{"allow":["GET"]}}],"collection":[{"href":"https:\/\/newplace.ch\/fr\/wp-json\/wp\/v2\/posts"}],"about":[{"href":"https:\/\/newplace.ch\/fr\/wp-json\/wp\/v2\/types\/post"}],"author":[{"embeddable":true,"href":"https:\/\/newplace.ch\/fr\/wp-json\/wp\/v2\/users\/6"}],"replies":[{"embeddable":true,"href":"https:\/\/newplace.ch\/fr\/wp-json\/wp\/v2\/comments?post=2768"}],"version-history":[{"count":1,"href":"https:\/\/newplace.ch\/fr\/wp-json\/wp\/v2\/posts\/2768\/revisions"}],"predecessor-version":[{"id":5005,"href":"https:\/\/newplace.ch\/fr\/wp-json\/wp\/v2\/posts\/2768\/revisions\/5005"}],"wp:featuredmedia":[{"embeddable":true,"href":"https:\/\/newplace.ch\/fr\/wp-json\/"}],"wp:attachment":[{"href":"https:\/\/newplace.ch\/fr\/wp-json\/wp\/v2\/media?parent=2768"}],"wp:term":[{"taxonomy":"category","embeddable":true,"href":"https:\/\/newplace.ch\/fr\/wp-json\/wp\/v2\/categories?post=2768"},{"taxonomy":"post_tag","embeddable":true,"href":"https:\/\/newplace.ch\/fr\/wp-json\/wp\/v2\/tags?post=2768"}],"curies":[{"name":"wp","href":"https:\/\/api.w.org\/{rel}","templated":true}]}}