{"id":2493,"date":"2021-04-28T09:06:16","date_gmt":"2021-04-28T09:06:16","guid":{"rendered":"https:\/\/www.newplace.ch\/?p=2493"},"modified":"2025-03-27T13:33:45","modified_gmt":"2025-03-27T13:33:45","slug":"faires-trennungsmangement","status":"publish","type":"post","link":"https:\/\/newplace.ch\/fr\/faires-trennungsmangement\/","title":{"rendered":"Une gestion professionnelle et \u00e9quitable des s\u00e9parations"},"content":{"rendered":"<div class=\"wpb_text_column wpb_content_element\">\n<div class=\"wpb_wrapper\">\n<p>De plus en plus d'entreprises recherchent un soutien professionnel en mati\u00e8re de gestion de la s\u00e9paration, c'est-\u00e0-dire pour faire face aux situations de s\u00e9paration. Un sujet d\u00e9sagr\u00e9able pour lequel les entreprises ont tout int\u00e9r\u00eat \u00e0 recourir aux connaissances des processus et outils ad\u00e9quats ainsi qu'au soutien op\u00e9rationnel et \u00e9motionnel des soci\u00e9t\u00e9s d'outplacement. Une gestion professionnelle et \u00e9quitable des s\u00e9parations aide les deux parties - les entreprises et les personnes concern\u00e9es. En g\u00e9rant cette situation, les entreprises peuvent am\u00e9liorer leur r\u00e9putation d'employeur, mais aussi la perdre rapidement. Les collaborateurs, la concurrence, les m\u00e9dias et les collaborateurs potentiels observent tr\u00e8s attentivement la mani\u00e8re dont les personnes licenci\u00e9es sont trait\u00e9es. Les personnes licenci\u00e9es b\u00e9n\u00e9ficient d'un accompagnement professionnel dans la situation d\u00e9sagr\u00e9able de la s\u00e9paration et sont soutenues dans leur r\u00e9orientation professionnelle.<\/p>\n<\/div>\n<\/div>\n<div class=\"vc_empty_space\"><\/div>\n<div class=\"wpb_text_column wpb_content_element\">\n<div class=\"wpb_wrapper\">\n<h2>Une gestion professionnelle des s\u00e9parations : le conseil en outplacement est une situation gagnant-gagnant pour les deux parties !<\/h2>\n<\/div>\n<\/div>\n<div class=\"vc_empty_space\"><\/div>\n<div class=\"wpb_text_column wpb_content_element\">\n<div class=\"wpb_wrapper\">\n<p>A quoi faut-il faire attention lors du choix d'un prestataire de newplacement ? Qu'est-ce qui convient \u00e0 notre entreprise ? Quelles sont les offres disponibles ? Et \u00e0 quoi faut-il faire attention dans les situations de s\u00e9paration ?<\/p>\n<p>Une orientation sur le th\u00e8me de l'outplacement est propos\u00e9e par le\u00a0<a href=\"https:\/\/www.hrtoday.ch\/de\/article\/fairer-abgang-outplacement-newplacement\">HR Today Contribution \"D\u00e9part \u00e9quitable<\/a><\/p>\n<\/div>\n<\/div>\n<div class=\"vc_empty_space\"><\/div>\n<div class=\"wpb_text_column wpb_content_element\">\n<div class=\"wpb_wrapper\"><\/div>\n<\/div>","protected":false},"excerpt":{"rendered":"<p>Un sujet d\u00e9sagr\u00e9able pour lequel les entreprises seraient bien avis\u00e9es de faire appel aux connaissances et au soutien des soci\u00e9t\u00e9s d'outplacement.<\/p>","protected":false},"author":6,"featured_media":2497,"comment_status":"open","ping_status":"open","sticky":false,"template":"","format":"standard","meta":{"_acf_changed":false,"footnotes":""},"categories":[10],"tags":[],"class_list":["post-2493","post","type-post","status-publish","format-standard","has-post-thumbnail","hentry","category-hr-welt"],"acf":[],"yoast_head":"<!-- This site is optimized with the Yoast SEO plugin v27.5 - https:\/\/yoast.com\/product\/yoast-seo-wordpress\/ -->\n<title>Professionelles, faires Trennungsmanagement: Outplacement Beratung<\/title>\n<meta name=\"description\" content=\"Outplacement Anbieter bieten Beratung f\u00fcr professionelles faires Trennungsmanagement: Wissenswertes zum Thema Outplacement und Newplacement\" \/>\n<meta name=\"robots\" content=\"index, follow, max-snippet:-1, max-image-preview:large, max-video-preview:-1\" \/>\n<link rel=\"canonical\" href=\"https:\/\/newplace.ch\/fr\/faires-trennungsmangement\/\" \/>\n<meta property=\"og:locale\" content=\"fr_FR\" \/>\n<meta property=\"og:type\" content=\"article\" \/>\n<meta property=\"og:title\" content=\"Professionelles, faires Trennungsmanagement: Outplacement Beratung\" \/>\n<meta property=\"og:description\" content=\"Outplacement Anbieter bieten Beratung f\u00fcr professionelles faires Trennungsmanagement: Wissenswertes zum Thema Outplacement und Newplacement\" \/>\n<meta property=\"og:url\" content=\"https:\/\/newplace.ch\/fr\/faires-trennungsmangement\/\" \/>\n<meta property=\"og:site_name\" content=\"newplace\" \/>\n<meta property=\"article:published_time\" content=\"2021-04-28T09:06:16+00:00\" \/>\n<meta property=\"article:modified_time\" content=\"2025-03-27T13:33:45+00:00\" \/>\n<meta name=\"author\" content=\"Cornelia Steffen\" \/>\n<meta name=\"twitter:card\" content=\"summary_large_image\" \/>\n<script type=\"application\/ld+json\" class=\"yoast-schema-graph\">{\"@context\":\"https:\\\/\\\/schema.org\",\"@graph\":[{\"@type\":\"Article\",\"@id\":\"https:\\\/\\\/newplace.ch\\\/faires-trennungsmangement\\\/#article\",\"isPartOf\":{\"@id\":\"https:\\\/\\\/newplace.ch\\\/faires-trennungsmangement\\\/\"},\"author\":{\"name\":\"Cornelia Steffen\",\"@id\":\"https:\\\/\\\/newplace.ch\\\/#\\\/schema\\\/person\\\/f60d3b078c64d17e55733cd5e71a8430\"},\"headline\":\"Professionelles und faires Trennungsmanagement\",\"datePublished\":\"2021-04-28T09:06:16+00:00\",\"dateModified\":\"2025-03-27T13:33:45+00:00\",\"mainEntityOfPage\":{\"@id\":\"https:\\\/\\\/newplace.ch\\\/faires-trennungsmangement\\\/\"},\"wordCount\":158,\"commentCount\":0,\"publisher\":{\"@id\":\"https:\\\/\\\/newplace.ch\\\/#organization\"},\"image\":{\"@id\":\"https:\\\/\\\/newplace.ch\\\/faires-trennungsmangement\\\/#primaryimage\"},\"thumbnailUrl\":\"\",\"articleSection\":[\"aus der HR-Welt\"],\"inLanguage\":\"fr-FR\",\"potentialAction\":[{\"@type\":\"CommentAction\",\"name\":\"Comment\",\"target\":[\"https:\\\/\\\/newplace.ch\\\/faires-trennungsmangement\\\/#respond\"]}]},{\"@type\":\"WebPage\",\"@id\":\"https:\\\/\\\/newplace.ch\\\/faires-trennungsmangement\\\/\",\"url\":\"https:\\\/\\\/newplace.ch\\\/faires-trennungsmangement\\\/\",\"name\":\"Professionelles, faires Trennungsmanagement: Outplacement Beratung\",\"isPartOf\":{\"@id\":\"https:\\\/\\\/newplace.ch\\\/#website\"},\"primaryImageOfPage\":{\"@id\":\"https:\\\/\\\/newplace.ch\\\/faires-trennungsmangement\\\/#primaryimage\"},\"image\":{\"@id\":\"https:\\\/\\\/newplace.ch\\\/faires-trennungsmangement\\\/#primaryimage\"},\"thumbnailUrl\":\"\",\"datePublished\":\"2021-04-28T09:06:16+00:00\",\"dateModified\":\"2025-03-27T13:33:45+00:00\",\"description\":\"Outplacement Anbieter bieten Beratung f\u00fcr professionelles faires Trennungsmanagement: Wissenswertes zum Thema Outplacement und Newplacement\",\"breadcrumb\":{\"@id\":\"https:\\\/\\\/newplace.ch\\\/faires-trennungsmangement\\\/#breadcrumb\"},\"inLanguage\":\"fr-FR\",\"potentialAction\":[{\"@type\":\"ReadAction\",\"target\":[\"https:\\\/\\\/newplace.ch\\\/faires-trennungsmangement\\\/\"]}]},{\"@type\":\"ImageObject\",\"inLanguage\":\"fr-FR\",\"@id\":\"https:\\\/\\\/newplace.ch\\\/faires-trennungsmangement\\\/#primaryimage\",\"url\":\"\",\"contentUrl\":\"\"},{\"@type\":\"BreadcrumbList\",\"@id\":\"https:\\\/\\\/newplace.ch\\\/faires-trennungsmangement\\\/#breadcrumb\",\"itemListElement\":[{\"@type\":\"ListItem\",\"position\":1,\"name\":\"Startseite\",\"item\":\"https:\\\/\\\/newplace.ch\\\/\"},{\"@type\":\"ListItem\",\"position\":2,\"name\":\"Professionelles und faires Trennungsmanagement\"}]},{\"@type\":\"WebSite\",\"@id\":\"https:\\\/\\\/newplace.ch\\\/#website\",\"url\":\"https:\\\/\\\/newplace.ch\\\/\",\"name\":\"newplace\",\"description\":\"\",\"publisher\":{\"@id\":\"https:\\\/\\\/newplace.ch\\\/#organization\"},\"potentialAction\":[{\"@type\":\"SearchAction\",\"target\":{\"@type\":\"EntryPoint\",\"urlTemplate\":\"https:\\\/\\\/newplace.ch\\\/?s={search_term_string}\"},\"query-input\":{\"@type\":\"PropertyValueSpecification\",\"valueRequired\":true,\"valueName\":\"search_term_string\"}}],\"inLanguage\":\"fr-FR\"},{\"@type\":\"Organization\",\"@id\":\"https:\\\/\\\/newplace.ch\\\/#organization\",\"name\":\"newplace AG\",\"url\":\"https:\\\/\\\/newplace.ch\\\/\",\"logo\":{\"@type\":\"ImageObject\",\"inLanguage\":\"fr-FR\",\"@id\":\"https:\\\/\\\/newplace.ch\\\/#\\\/schema\\\/logo\\\/image\\\/\",\"url\":\"https:\\\/\\\/newplace.ch\\\/wp-content\\\/uploads\\\/2025\\\/02\\\/newplace.svg\",\"contentUrl\":\"https:\\\/\\\/newplace.ch\\\/wp-content\\\/uploads\\\/2025\\\/02\\\/newplace.svg\",\"width\":345,\"height\":120,\"caption\":\"newplace AG\"},\"image\":{\"@id\":\"https:\\\/\\\/newplace.ch\\\/#\\\/schema\\\/logo\\\/image\\\/\"},\"sameAs\":[\"https:\\\/\\\/www.linkedin.com\\\/company\\\/newplace-ag\"]},{\"@type\":\"Person\",\"@id\":\"https:\\\/\\\/newplace.ch\\\/#\\\/schema\\\/person\\\/f60d3b078c64d17e55733cd5e71a8430\",\"name\":\"Cornelia Steffen\",\"image\":{\"@type\":\"ImageObject\",\"inLanguage\":\"fr-FR\",\"@id\":\"https:\\\/\\\/secure.gravatar.com\\\/avatar\\\/aebe96983ca916db533ec4d57d4b633cd240f4c19f0c5662c1baea7faa9666e1?s=96&d=mm&r=g\",\"url\":\"https:\\\/\\\/secure.gravatar.com\\\/avatar\\\/aebe96983ca916db533ec4d57d4b633cd240f4c19f0c5662c1baea7faa9666e1?s=96&d=mm&r=g\",\"contentUrl\":\"https:\\\/\\\/secure.gravatar.com\\\/avatar\\\/aebe96983ca916db533ec4d57d4b633cd240f4c19f0c5662c1baea7faa9666e1?s=96&d=mm&r=g\",\"caption\":\"Cornelia Steffen\"}}]}<\/script>\n<!-- \/ Yoast SEO plugin. -->","yoast_head_json":{"title":"Professionelles, faires Trennungsmanagement: Outplacement Beratung","description":"Outplacement Anbieter bieten Beratung f\u00fcr professionelles faires Trennungsmanagement: Wissenswertes zum Thema Outplacement und Newplacement","robots":{"index":"index","follow":"follow","max-snippet":"max-snippet:-1","max-image-preview":"max-image-preview:large","max-video-preview":"max-video-preview:-1"},"canonical":"https:\/\/newplace.ch\/fr\/faires-trennungsmangement\/","og_locale":"fr_FR","og_type":"article","og_title":"Professionelles, faires Trennungsmanagement: Outplacement Beratung","og_description":"Outplacement Anbieter bieten Beratung f\u00fcr professionelles faires Trennungsmanagement: Wissenswertes zum Thema Outplacement und Newplacement","og_url":"https:\/\/newplace.ch\/fr\/faires-trennungsmangement\/","og_site_name":"newplace","article_published_time":"2021-04-28T09:06:16+00:00","article_modified_time":"2025-03-27T13:33:45+00:00","author":"Cornelia Steffen","twitter_card":"summary_large_image","schema":{"@context":"https:\/\/schema.org","@graph":[{"@type":"Article","@id":"https:\/\/newplace.ch\/faires-trennungsmangement\/#article","isPartOf":{"@id":"https:\/\/newplace.ch\/faires-trennungsmangement\/"},"author":{"name":"Cornelia Steffen","@id":"https:\/\/newplace.ch\/#\/schema\/person\/f60d3b078c64d17e55733cd5e71a8430"},"headline":"Professionelles und faires Trennungsmanagement","datePublished":"2021-04-28T09:06:16+00:00","dateModified":"2025-03-27T13:33:45+00:00","mainEntityOfPage":{"@id":"https:\/\/newplace.ch\/faires-trennungsmangement\/"},"wordCount":158,"commentCount":0,"publisher":{"@id":"https:\/\/newplace.ch\/#organization"},"image":{"@id":"https:\/\/newplace.ch\/faires-trennungsmangement\/#primaryimage"},"thumbnailUrl":"","articleSection":["aus der HR-Welt"],"inLanguage":"fr-FR","potentialAction":[{"@type":"CommentAction","name":"Comment","target":["https:\/\/newplace.ch\/faires-trennungsmangement\/#respond"]}]},{"@type":"WebPage","@id":"https:\/\/newplace.ch\/faires-trennungsmangement\/","url":"https:\/\/newplace.ch\/faires-trennungsmangement\/","name":"Professionelles, faires Trennungsmanagement: Outplacement Beratung","isPartOf":{"@id":"https:\/\/newplace.ch\/#website"},"primaryImageOfPage":{"@id":"https:\/\/newplace.ch\/faires-trennungsmangement\/#primaryimage"},"image":{"@id":"https:\/\/newplace.ch\/faires-trennungsmangement\/#primaryimage"},"thumbnailUrl":"","datePublished":"2021-04-28T09:06:16+00:00","dateModified":"2025-03-27T13:33:45+00:00","description":"Outplacement Anbieter bieten Beratung f\u00fcr professionelles faires Trennungsmanagement: Wissenswertes zum Thema Outplacement und Newplacement","breadcrumb":{"@id":"https:\/\/newplace.ch\/faires-trennungsmangement\/#breadcrumb"},"inLanguage":"fr-FR","potentialAction":[{"@type":"ReadAction","target":["https:\/\/newplace.ch\/faires-trennungsmangement\/"]}]},{"@type":"ImageObject","inLanguage":"fr-FR","@id":"https:\/\/newplace.ch\/faires-trennungsmangement\/#primaryimage","url":"","contentUrl":""},{"@type":"BreadcrumbList","@id":"https:\/\/newplace.ch\/faires-trennungsmangement\/#breadcrumb","itemListElement":[{"@type":"ListItem","position":1,"name":"Startseite","item":"https:\/\/newplace.ch\/"},{"@type":"ListItem","position":2,"name":"Professionelles und faires Trennungsmanagement"}]},{"@type":"WebSite","@id":"https:\/\/newplace.ch\/#website","url":"https:\/\/newplace.ch\/","name":"newplace","description":"","publisher":{"@id":"https:\/\/newplace.ch\/#organization"},"potentialAction":[{"@type":"SearchAction","target":{"@type":"EntryPoint","urlTemplate":"https:\/\/newplace.ch\/?s={search_term_string}"},"query-input":{"@type":"PropertyValueSpecification","valueRequired":true,"valueName":"search_term_string"}}],"inLanguage":"fr-FR"},{"@type":"Organization","@id":"https:\/\/newplace.ch\/#organization","name":"newplace AG","url":"https:\/\/newplace.ch\/","logo":{"@type":"ImageObject","inLanguage":"fr-FR","@id":"https:\/\/newplace.ch\/#\/schema\/logo\/image\/","url":"https:\/\/newplace.ch\/wp-content\/uploads\/2025\/02\/newplace.svg","contentUrl":"https:\/\/newplace.ch\/wp-content\/uploads\/2025\/02\/newplace.svg","width":345,"height":120,"caption":"newplace AG"},"image":{"@id":"https:\/\/newplace.ch\/#\/schema\/logo\/image\/"},"sameAs":["https:\/\/www.linkedin.com\/company\/newplace-ag"]},{"@type":"Person","@id":"https:\/\/newplace.ch\/#\/schema\/person\/f60d3b078c64d17e55733cd5e71a8430","name":"Cornelia Steffen","image":{"@type":"ImageObject","inLanguage":"fr-FR","@id":"https:\/\/secure.gravatar.com\/avatar\/aebe96983ca916db533ec4d57d4b633cd240f4c19f0c5662c1baea7faa9666e1?s=96&d=mm&r=g","url":"https:\/\/secure.gravatar.com\/avatar\/aebe96983ca916db533ec4d57d4b633cd240f4c19f0c5662c1baea7faa9666e1?s=96&d=mm&r=g","contentUrl":"https:\/\/secure.gravatar.com\/avatar\/aebe96983ca916db533ec4d57d4b633cd240f4c19f0c5662c1baea7faa9666e1?s=96&d=mm&r=g","caption":"Cornelia Steffen"}}]}},"_links":{"self":[{"href":"https:\/\/newplace.ch\/fr\/wp-json\/wp\/v2\/posts\/2493","targetHints":{"allow":["GET"]}}],"collection":[{"href":"https:\/\/newplace.ch\/fr\/wp-json\/wp\/v2\/posts"}],"about":[{"href":"https:\/\/newplace.ch\/fr\/wp-json\/wp\/v2\/types\/post"}],"author":[{"embeddable":true,"href":"https:\/\/newplace.ch\/fr\/wp-json\/wp\/v2\/users\/6"}],"replies":[{"embeddable":true,"href":"https:\/\/newplace.ch\/fr\/wp-json\/wp\/v2\/comments?post=2493"}],"version-history":[{"count":1,"href":"https:\/\/newplace.ch\/fr\/wp-json\/wp\/v2\/posts\/2493\/revisions"}],"predecessor-version":[{"id":5012,"href":"https:\/\/newplace.ch\/fr\/wp-json\/wp\/v2\/posts\/2493\/revisions\/5012"}],"wp:featuredmedia":[{"embeddable":true,"href":"https:\/\/newplace.ch\/fr\/wp-json\/"}],"wp:attachment":[{"href":"https:\/\/newplace.ch\/fr\/wp-json\/wp\/v2\/media?parent=2493"}],"wp:term":[{"taxonomy":"category","embeddable":true,"href":"https:\/\/newplace.ch\/fr\/wp-json\/wp\/v2\/categories?post=2493"},{"taxonomy":"post_tag","embeddable":true,"href":"https:\/\/newplace.ch\/fr\/wp-json\/wp\/v2\/tags?post=2493"}],"curies":[{"name":"wp","href":"https:\/\/api.w.org\/{rel}","templated":true}]}}