{"id":2467,"date":"2021-04-09T13:51:40","date_gmt":"2021-04-09T13:51:40","guid":{"rendered":"https:\/\/www.newplace.ch\/?p=2467"},"modified":"2025-03-27T13:33:45","modified_gmt":"2025-03-27T13:33:45","slug":"pandemie-auswirkungen-schweizer-arbeitsmarkt","status":"publish","type":"post","link":"https:\/\/newplace.ch\/fr\/pandemie-auswirkungen-schweizer-arbeitsmarkt\/","title":{"rendered":"La pand\u00e9mie a laiss\u00e9 des traces sur le march\u00e9 du travail suisse"},"content":{"rendered":"<div class=\"wpb_text_column wpb_content_element\">\n<div class=\"wpb_wrapper\">\n<p>C'est ce que montrent les \u00e9valuations de Novalytica AG et de l'entreprise HR-Tech x28, qui ont analys\u00e9 le comportement des employeurs suisses en mati\u00e8re de recrutement au cours de l'ann\u00e9e derni\u00e8re.<br \/>\nDepuis la mi-mars 2020, 18% ou 90 800 offres d'emploi de moins ont \u00e9t\u00e9 publi\u00e9es par rapport \u00e0 l'ann\u00e9e pr\u00e9c\u00e9dente. Apr\u00e8s un net recul au printemps 2020, la situation s'\u00e9tait r\u00e9tablie vers la fin de l'ann\u00e9e 2020. Le mois de janvier 2021 a \u00e9galement \u00e9t\u00e9 positif. On y a m\u00eame publi\u00e9 plus de nouveaux postes que l'ann\u00e9e pr\u00e9c\u00e9dente, ce qui, selon Novalytica et x28, pourrait toutefois \u00eatre li\u00e9 aux semaines de travail et aux vacances plus courtes en raison des activit\u00e9s de loisirs et de vacances qui ne sont possibles que dans une certaine mesure.<\/p>\n<p>Les \u00e9volutions de f\u00e9vrier et mars 2021 montrent une autre image. Aucune reprise n'est en vue. Avec respectivement -19,8% et -15,7%, on enregistre ici des valeurs nettement inf\u00e9rieures \u00e0 celles de l'ann\u00e9e pr\u00e9c\u00e9dente.<\/p>\n<\/div>\n<\/div>\n<div class=\"vc_empty_space\"><\/div>\n<div class=\"wpb_text_column wpb_content_element\">\n<div class=\"wpb_wrapper\">\n<h2>Comportement en mati\u00e8re de recrutement : De grandes diff\u00e9rences entre les branches<\/h2>\n<\/div>\n<\/div>\n<div class=\"wpb_text_column wpb_content_element\">\n<div class=\"wpb_wrapper\">\n<p>C'est surtout le secteur de la restauration qui a \u00e9t\u00e9 durement touch\u00e9 par des mois de fermetures. Par rapport \u00e0 l'ann\u00e9e pr\u00e9c\u00e9dente, 46% de postes en moins ont \u00e9t\u00e9 mis au concours dans ce secteur.<\/p>\n<p>Les secteurs du commerce de d\u00e9tail, du commerce de gros et des services financiers ont \u00e9galement enregistr\u00e9 des pertes de plus de 20% de nouveaux postes \u00e0 pourvoir. Le commerce de d\u00e9tail et le commerce de gros se sont redress\u00e9s au cours du second semestre 2020, mais les valeurs du d\u00e9but de l'ann\u00e9e 2021 sont \u00e0 nouveau nettement inf\u00e9rieures \u00e0 celles de l'ann\u00e9e pr\u00e9c\u00e9dente. Les services financiers ont moins recrut\u00e9 tout au long de l'ann\u00e9e 2020. Depuis le d\u00e9but de l'ann\u00e9e 2021, ils se montrent toutefois \u00e0 nouveau plus enclins \u00e0 embaucher.<\/p>\n<p>Les secteurs de la sant\u00e9, de l'administration publique, de l'informatique, de la construction, de l'action sociale et de l'\u00e9ducation affichent une baisse de plus de 12%. Le recul est ici principalement d\u00fb au printemps 2020, lorsque r\u00e9gnait une grande incertitude quant \u00e0 l'ampleur des cons\u00e9quences \u00e9conomiques de la pand\u00e9mie et que les entreprises \u00e9taient surtout absorb\u00e9es par le transfert des activit\u00e9s commerciales vers le home office. Depuis l'\u00e9t\u00e9 2020, le comportement en mati\u00e8re de recrutement s'est \u00e0 nouveau stabilis\u00e9 dans ce domaine.<\/p>\n<p><a href=\"https:\/\/www.x28.ch\/wp-content\/uploads\/Novalytica-x28_Pressemitteilung_Arbeitsmarkt_Maerz2021.pdf\" target=\"_blank\" rel=\"noopener noreferrer\">R\u00e9sum\u00e9 de l'\u00e9tude<\/a><\/p>\n<\/div>\n<\/div>\n<div class=\"vc_empty_space\"><\/div>","protected":false},"excerpt":{"rendered":"<p>Depuis la mi-mars 2020, 18%, soit 90 800 offres d'emploi de moins, ont \u00e9t\u00e9 publi\u00e9es par rapport \u00e0 l'ann\u00e9e pr\u00e9c\u00e9dente. <\/p>","protected":false},"author":6,"featured_media":2478,"comment_status":"open","ping_status":"open","sticky":false,"template":"","format":"standard","meta":{"_acf_changed":false,"footnotes":""},"categories":[10],"tags":[],"class_list":["post-2467","post","type-post","status-publish","format-standard","has-post-thumbnail","hentry","category-hr-welt"],"acf":[],"yoast_head":"<!-- This site is optimized with the Yoast SEO plugin v27.5 - https:\/\/yoast.com\/product\/yoast-seo-wordpress\/ -->\n<title>Entwicklung Schweizer Arbeitsmarkt Rekrutierungsverhalten &#8226; newplace<\/title>\n<meta name=\"description\" content=\"Rekrutierungsverhalten: Im Pandemiejahr wurden im Vergleich zum Vorjahr 18% oder 90&#039;800 Stellenanzeigen weniger ausgeschrieben.\" \/>\n<meta name=\"robots\" content=\"index, follow, max-snippet:-1, max-image-preview:large, max-video-preview:-1\" \/>\n<link rel=\"canonical\" href=\"https:\/\/newplace.ch\/fr\/pandemie-auswirkungen-schweizer-arbeitsmarkt\/\" \/>\n<meta property=\"og:locale\" content=\"fr_FR\" \/>\n<meta property=\"og:type\" content=\"article\" \/>\n<meta property=\"og:title\" content=\"Entwicklung Schweizer Arbeitsmarkt Rekrutierungsverhalten &#8226; newplace\" \/>\n<meta property=\"og:description\" content=\"Rekrutierungsverhalten: Im Pandemiejahr wurden im Vergleich zum Vorjahr 18% oder 90&#039;800 Stellenanzeigen weniger ausgeschrieben.\" \/>\n<meta property=\"og:url\" content=\"https:\/\/newplace.ch\/fr\/pandemie-auswirkungen-schweizer-arbeitsmarkt\/\" \/>\n<meta property=\"og:site_name\" content=\"newplace\" \/>\n<meta property=\"article:published_time\" content=\"2021-04-09T13:51:40+00:00\" \/>\n<meta property=\"article:modified_time\" content=\"2025-03-27T13:33:45+00:00\" \/>\n<meta name=\"author\" content=\"Cornelia Steffen\" \/>\n<meta name=\"twitter:card\" content=\"summary_large_image\" \/>\n<script type=\"application\/ld+json\" class=\"yoast-schema-graph\">{\"@context\":\"https:\\\/\\\/schema.org\",\"@graph\":[{\"@type\":\"Article\",\"@id\":\"https:\\\/\\\/newplace.ch\\\/pandemie-auswirkungen-schweizer-arbeitsmarkt\\\/#article\",\"isPartOf\":{\"@id\":\"https:\\\/\\\/newplace.ch\\\/pandemie-auswirkungen-schweizer-arbeitsmarkt\\\/\"},\"author\":{\"name\":\"Cornelia Steffen\",\"@id\":\"https:\\\/\\\/newplace.ch\\\/#\\\/schema\\\/person\\\/f60d3b078c64d17e55733cd5e71a8430\"},\"headline\":\"Die Pandemie hat Spuren im Schweizer Arbeitsmarkt hinterlassen\",\"datePublished\":\"2021-04-09T13:51:40+00:00\",\"dateModified\":\"2025-03-27T13:33:45+00:00\",\"mainEntityOfPage\":{\"@id\":\"https:\\\/\\\/newplace.ch\\\/pandemie-auswirkungen-schweizer-arbeitsmarkt\\\/\"},\"wordCount\":292,\"commentCount\":0,\"publisher\":{\"@id\":\"https:\\\/\\\/newplace.ch\\\/#organization\"},\"image\":{\"@id\":\"https:\\\/\\\/newplace.ch\\\/pandemie-auswirkungen-schweizer-arbeitsmarkt\\\/#primaryimage\"},\"thumbnailUrl\":\"\",\"articleSection\":[\"aus der HR-Welt\"],\"inLanguage\":\"fr-FR\",\"potentialAction\":[{\"@type\":\"CommentAction\",\"name\":\"Comment\",\"target\":[\"https:\\\/\\\/newplace.ch\\\/pandemie-auswirkungen-schweizer-arbeitsmarkt\\\/#respond\"]}]},{\"@type\":\"WebPage\",\"@id\":\"https:\\\/\\\/newplace.ch\\\/pandemie-auswirkungen-schweizer-arbeitsmarkt\\\/\",\"url\":\"https:\\\/\\\/newplace.ch\\\/pandemie-auswirkungen-schweizer-arbeitsmarkt\\\/\",\"name\":\"Entwicklung Schweizer Arbeitsmarkt Rekrutierungsverhalten &#8226; newplace\",\"isPartOf\":{\"@id\":\"https:\\\/\\\/newplace.ch\\\/#website\"},\"primaryImageOfPage\":{\"@id\":\"https:\\\/\\\/newplace.ch\\\/pandemie-auswirkungen-schweizer-arbeitsmarkt\\\/#primaryimage\"},\"image\":{\"@id\":\"https:\\\/\\\/newplace.ch\\\/pandemie-auswirkungen-schweizer-arbeitsmarkt\\\/#primaryimage\"},\"thumbnailUrl\":\"\",\"datePublished\":\"2021-04-09T13:51:40+00:00\",\"dateModified\":\"2025-03-27T13:33:45+00:00\",\"description\":\"Rekrutierungsverhalten: Im Pandemiejahr wurden im Vergleich zum Vorjahr 18% oder 90'800 Stellenanzeigen weniger ausgeschrieben.\",\"breadcrumb\":{\"@id\":\"https:\\\/\\\/newplace.ch\\\/pandemie-auswirkungen-schweizer-arbeitsmarkt\\\/#breadcrumb\"},\"inLanguage\":\"fr-FR\",\"potentialAction\":[{\"@type\":\"ReadAction\",\"target\":[\"https:\\\/\\\/newplace.ch\\\/pandemie-auswirkungen-schweizer-arbeitsmarkt\\\/\"]}]},{\"@type\":\"ImageObject\",\"inLanguage\":\"fr-FR\",\"@id\":\"https:\\\/\\\/newplace.ch\\\/pandemie-auswirkungen-schweizer-arbeitsmarkt\\\/#primaryimage\",\"url\":\"\",\"contentUrl\":\"\"},{\"@type\":\"BreadcrumbList\",\"@id\":\"https:\\\/\\\/newplace.ch\\\/pandemie-auswirkungen-schweizer-arbeitsmarkt\\\/#breadcrumb\",\"itemListElement\":[{\"@type\":\"ListItem\",\"position\":1,\"name\":\"Startseite\",\"item\":\"https:\\\/\\\/newplace.ch\\\/\"},{\"@type\":\"ListItem\",\"position\":2,\"name\":\"Die Pandemie hat Spuren im Schweizer Arbeitsmarkt hinterlassen\"}]},{\"@type\":\"WebSite\",\"@id\":\"https:\\\/\\\/newplace.ch\\\/#website\",\"url\":\"https:\\\/\\\/newplace.ch\\\/\",\"name\":\"newplace\",\"description\":\"\",\"publisher\":{\"@id\":\"https:\\\/\\\/newplace.ch\\\/#organization\"},\"potentialAction\":[{\"@type\":\"SearchAction\",\"target\":{\"@type\":\"EntryPoint\",\"urlTemplate\":\"https:\\\/\\\/newplace.ch\\\/?s={search_term_string}\"},\"query-input\":{\"@type\":\"PropertyValueSpecification\",\"valueRequired\":true,\"valueName\":\"search_term_string\"}}],\"inLanguage\":\"fr-FR\"},{\"@type\":\"Organization\",\"@id\":\"https:\\\/\\\/newplace.ch\\\/#organization\",\"name\":\"newplace AG\",\"url\":\"https:\\\/\\\/newplace.ch\\\/\",\"logo\":{\"@type\":\"ImageObject\",\"inLanguage\":\"fr-FR\",\"@id\":\"https:\\\/\\\/newplace.ch\\\/#\\\/schema\\\/logo\\\/image\\\/\",\"url\":\"https:\\\/\\\/newplace.ch\\\/wp-content\\\/uploads\\\/2025\\\/02\\\/newplace.svg\",\"contentUrl\":\"https:\\\/\\\/newplace.ch\\\/wp-content\\\/uploads\\\/2025\\\/02\\\/newplace.svg\",\"width\":345,\"height\":120,\"caption\":\"newplace AG\"},\"image\":{\"@id\":\"https:\\\/\\\/newplace.ch\\\/#\\\/schema\\\/logo\\\/image\\\/\"},\"sameAs\":[\"https:\\\/\\\/www.linkedin.com\\\/company\\\/newplace-ag\"]},{\"@type\":\"Person\",\"@id\":\"https:\\\/\\\/newplace.ch\\\/#\\\/schema\\\/person\\\/f60d3b078c64d17e55733cd5e71a8430\",\"name\":\"Cornelia Steffen\",\"image\":{\"@type\":\"ImageObject\",\"inLanguage\":\"fr-FR\",\"@id\":\"https:\\\/\\\/secure.gravatar.com\\\/avatar\\\/aebe96983ca916db533ec4d57d4b633cd240f4c19f0c5662c1baea7faa9666e1?s=96&d=mm&r=g\",\"url\":\"https:\\\/\\\/secure.gravatar.com\\\/avatar\\\/aebe96983ca916db533ec4d57d4b633cd240f4c19f0c5662c1baea7faa9666e1?s=96&d=mm&r=g\",\"contentUrl\":\"https:\\\/\\\/secure.gravatar.com\\\/avatar\\\/aebe96983ca916db533ec4d57d4b633cd240f4c19f0c5662c1baea7faa9666e1?s=96&d=mm&r=g\",\"caption\":\"Cornelia Steffen\"}}]}<\/script>\n<!-- \/ Yoast SEO plugin. -->","yoast_head_json":{"title":"Entwicklung Schweizer Arbeitsmarkt Rekrutierungsverhalten &#8226; newplace","description":"Rekrutierungsverhalten: Im Pandemiejahr wurden im Vergleich zum Vorjahr 18% oder 90'800 Stellenanzeigen weniger ausgeschrieben.","robots":{"index":"index","follow":"follow","max-snippet":"max-snippet:-1","max-image-preview":"max-image-preview:large","max-video-preview":"max-video-preview:-1"},"canonical":"https:\/\/newplace.ch\/fr\/pandemie-auswirkungen-schweizer-arbeitsmarkt\/","og_locale":"fr_FR","og_type":"article","og_title":"Entwicklung Schweizer Arbeitsmarkt Rekrutierungsverhalten &#8226; newplace","og_description":"Rekrutierungsverhalten: Im Pandemiejahr wurden im Vergleich zum Vorjahr 18% oder 90'800 Stellenanzeigen weniger ausgeschrieben.","og_url":"https:\/\/newplace.ch\/fr\/pandemie-auswirkungen-schweizer-arbeitsmarkt\/","og_site_name":"newplace","article_published_time":"2021-04-09T13:51:40+00:00","article_modified_time":"2025-03-27T13:33:45+00:00","author":"Cornelia Steffen","twitter_card":"summary_large_image","schema":{"@context":"https:\/\/schema.org","@graph":[{"@type":"Article","@id":"https:\/\/newplace.ch\/pandemie-auswirkungen-schweizer-arbeitsmarkt\/#article","isPartOf":{"@id":"https:\/\/newplace.ch\/pandemie-auswirkungen-schweizer-arbeitsmarkt\/"},"author":{"name":"Cornelia Steffen","@id":"https:\/\/newplace.ch\/#\/schema\/person\/f60d3b078c64d17e55733cd5e71a8430"},"headline":"Die Pandemie hat Spuren im Schweizer Arbeitsmarkt hinterlassen","datePublished":"2021-04-09T13:51:40+00:00","dateModified":"2025-03-27T13:33:45+00:00","mainEntityOfPage":{"@id":"https:\/\/newplace.ch\/pandemie-auswirkungen-schweizer-arbeitsmarkt\/"},"wordCount":292,"commentCount":0,"publisher":{"@id":"https:\/\/newplace.ch\/#organization"},"image":{"@id":"https:\/\/newplace.ch\/pandemie-auswirkungen-schweizer-arbeitsmarkt\/#primaryimage"},"thumbnailUrl":"","articleSection":["aus der HR-Welt"],"inLanguage":"fr-FR","potentialAction":[{"@type":"CommentAction","name":"Comment","target":["https:\/\/newplace.ch\/pandemie-auswirkungen-schweizer-arbeitsmarkt\/#respond"]}]},{"@type":"WebPage","@id":"https:\/\/newplace.ch\/pandemie-auswirkungen-schweizer-arbeitsmarkt\/","url":"https:\/\/newplace.ch\/pandemie-auswirkungen-schweizer-arbeitsmarkt\/","name":"Entwicklung Schweizer Arbeitsmarkt Rekrutierungsverhalten &#8226; newplace","isPartOf":{"@id":"https:\/\/newplace.ch\/#website"},"primaryImageOfPage":{"@id":"https:\/\/newplace.ch\/pandemie-auswirkungen-schweizer-arbeitsmarkt\/#primaryimage"},"image":{"@id":"https:\/\/newplace.ch\/pandemie-auswirkungen-schweizer-arbeitsmarkt\/#primaryimage"},"thumbnailUrl":"","datePublished":"2021-04-09T13:51:40+00:00","dateModified":"2025-03-27T13:33:45+00:00","description":"Rekrutierungsverhalten: Im Pandemiejahr wurden im Vergleich zum Vorjahr 18% oder 90'800 Stellenanzeigen weniger ausgeschrieben.","breadcrumb":{"@id":"https:\/\/newplace.ch\/pandemie-auswirkungen-schweizer-arbeitsmarkt\/#breadcrumb"},"inLanguage":"fr-FR","potentialAction":[{"@type":"ReadAction","target":["https:\/\/newplace.ch\/pandemie-auswirkungen-schweizer-arbeitsmarkt\/"]}]},{"@type":"ImageObject","inLanguage":"fr-FR","@id":"https:\/\/newplace.ch\/pandemie-auswirkungen-schweizer-arbeitsmarkt\/#primaryimage","url":"","contentUrl":""},{"@type":"BreadcrumbList","@id":"https:\/\/newplace.ch\/pandemie-auswirkungen-schweizer-arbeitsmarkt\/#breadcrumb","itemListElement":[{"@type":"ListItem","position":1,"name":"Startseite","item":"https:\/\/newplace.ch\/"},{"@type":"ListItem","position":2,"name":"Die Pandemie hat Spuren im Schweizer Arbeitsmarkt hinterlassen"}]},{"@type":"WebSite","@id":"https:\/\/newplace.ch\/#website","url":"https:\/\/newplace.ch\/","name":"newplace","description":"","publisher":{"@id":"https:\/\/newplace.ch\/#organization"},"potentialAction":[{"@type":"SearchAction","target":{"@type":"EntryPoint","urlTemplate":"https:\/\/newplace.ch\/?s={search_term_string}"},"query-input":{"@type":"PropertyValueSpecification","valueRequired":true,"valueName":"search_term_string"}}],"inLanguage":"fr-FR"},{"@type":"Organization","@id":"https:\/\/newplace.ch\/#organization","name":"newplace AG","url":"https:\/\/newplace.ch\/","logo":{"@type":"ImageObject","inLanguage":"fr-FR","@id":"https:\/\/newplace.ch\/#\/schema\/logo\/image\/","url":"https:\/\/newplace.ch\/wp-content\/uploads\/2025\/02\/newplace.svg","contentUrl":"https:\/\/newplace.ch\/wp-content\/uploads\/2025\/02\/newplace.svg","width":345,"height":120,"caption":"newplace AG"},"image":{"@id":"https:\/\/newplace.ch\/#\/schema\/logo\/image\/"},"sameAs":["https:\/\/www.linkedin.com\/company\/newplace-ag"]},{"@type":"Person","@id":"https:\/\/newplace.ch\/#\/schema\/person\/f60d3b078c64d17e55733cd5e71a8430","name":"Cornelia Steffen","image":{"@type":"ImageObject","inLanguage":"fr-FR","@id":"https:\/\/secure.gravatar.com\/avatar\/aebe96983ca916db533ec4d57d4b633cd240f4c19f0c5662c1baea7faa9666e1?s=96&d=mm&r=g","url":"https:\/\/secure.gravatar.com\/avatar\/aebe96983ca916db533ec4d57d4b633cd240f4c19f0c5662c1baea7faa9666e1?s=96&d=mm&r=g","contentUrl":"https:\/\/secure.gravatar.com\/avatar\/aebe96983ca916db533ec4d57d4b633cd240f4c19f0c5662c1baea7faa9666e1?s=96&d=mm&r=g","caption":"Cornelia Steffen"}}]}},"_links":{"self":[{"href":"https:\/\/newplace.ch\/fr\/wp-json\/wp\/v2\/posts\/2467","targetHints":{"allow":["GET"]}}],"collection":[{"href":"https:\/\/newplace.ch\/fr\/wp-json\/wp\/v2\/posts"}],"about":[{"href":"https:\/\/newplace.ch\/fr\/wp-json\/wp\/v2\/types\/post"}],"author":[{"embeddable":true,"href":"https:\/\/newplace.ch\/fr\/wp-json\/wp\/v2\/users\/6"}],"replies":[{"embeddable":true,"href":"https:\/\/newplace.ch\/fr\/wp-json\/wp\/v2\/comments?post=2467"}],"version-history":[{"count":1,"href":"https:\/\/newplace.ch\/fr\/wp-json\/wp\/v2\/posts\/2467\/revisions"}],"predecessor-version":[{"id":5013,"href":"https:\/\/newplace.ch\/fr\/wp-json\/wp\/v2\/posts\/2467\/revisions\/5013"}],"wp:featuredmedia":[{"embeddable":true,"href":"https:\/\/newplace.ch\/fr\/wp-json\/"}],"wp:attachment":[{"href":"https:\/\/newplace.ch\/fr\/wp-json\/wp\/v2\/media?parent=2467"}],"wp:term":[{"taxonomy":"category","embeddable":true,"href":"https:\/\/newplace.ch\/fr\/wp-json\/wp\/v2\/categories?post=2467"},{"taxonomy":"post_tag","embeddable":true,"href":"https:\/\/newplace.ch\/fr\/wp-json\/wp\/v2\/tags?post=2467"}],"curies":[{"name":"wp","href":"https:\/\/api.w.org\/{rel}","templated":true}]}}