{"id":2135,"date":"2020-05-15T09:26:43","date_gmt":"2020-05-15T09:26:43","guid":{"rendered":"https:\/\/www.newplace.ch\/?p=2135"},"modified":"2025-03-27T13:33:45","modified_gmt":"2025-03-27T13:33:45","slug":"schweizer-kmu-krise","status":"publish","type":"post","link":"https:\/\/newplace.ch\/fr\/schweizer-kmu-krise\/","title":{"rendered":"PME : tenir bon en temps de crise"},"content":{"rendered":"<div class=\"wpb_text_column wpb_content_element  inside\">\n<div class=\"wpb_wrapper\">\n<h2>Premiers all\u00e8gements pour les PME concern\u00e9es<\/h2>\n<\/div>\n<\/div>\n<div class=\"wpb_text_column wpb_content_element\">\n<div class=\"wpb_wrapper\">\n<p>Le 16 mars 2020, des mesures radicales ont \u00e9t\u00e9 d\u00e9cid\u00e9es pour endiguer le coronavirus. Celles-ci ont rapidement pouss\u00e9 l'\u00e9conomie et la soci\u00e9t\u00e9 \u00e0 leurs limites. Face \u00e0 la crise, la Conf\u00e9d\u00e9ration a donc r\u00e9agi rapidement. Mais les mesures d'aide de la Conf\u00e9d\u00e9ration ne parviennent pas \u00e0 toutes les PME concern\u00e9es. Un nouvel assouplissement des mesures est donc n\u00e9cessaire.<\/p>\n<\/div>\n<\/div>\n<div class=\"vc_empty_space\"><\/div>\n<div class=\"wpb_text_column wpb_content_element\">\n<div class=\"wpb_wrapper\"><\/div>\n<\/div>\n<div class=\"wpb_text_column wpb_content_element\">\n<div class=\"wpb_wrapper\">\n<p>Mais les effets restent profonds. Il est donc probable que l'\u00e9conomie doive s'adapter \u00e0 une nouvelle situation \u00e0 moyen ou long terme. La contribution ci-apr\u00e8s de l'Union patronale suisse pr\u00e9dit un chemin sem\u00e9 d'emb\u00fbches vers une nouvelle normalit\u00e9.<\/p>\n<p><a href=\"https:\/\/www.arbeitgeber.ch\/arbeitsmarkt\/steiniger-weg-in-eine-neue-normalitaet\/\" target=\"_blank\" rel=\"noopener noreferrer\">Cliquez ici pour lire l'\u00e9valuation de l'organisation patronale<\/a><\/p>\n<\/div>\n<\/div>","protected":false},"excerpt":{"rendered":"<p>Tenir bon en temps de crise est payant. Les premi\u00e8res mesures d'all\u00e8gement parviennent d\u00e9sormais aux PME concern\u00e9es. Comment se pr\u00e9sente le retour \u00e0 la normale ?<\/p>","protected":false},"author":6,"featured_media":2089,"comment_status":"open","ping_status":"open","sticky":false,"template":"","format":"standard","meta":{"_acf_changed":false,"footnotes":""},"categories":[10],"tags":[],"class_list":["post-2135","post","type-post","status-publish","format-standard","has-post-thumbnail","hentry","category-hr-welt"],"acf":[],"yoast_head":"<!-- This site is optimized with the Yoast SEO plugin v27.5 - https:\/\/yoast.com\/product\/yoast-seo-wordpress\/ -->\n<title>KMU: Durchhalten in der Krise &#8226; newplace<\/title>\n<meta name=\"description\" content=\"Das Durchhalten in der Krise lohnt sich. Nun kommen die ersten Erleichterungen bei den betroffenen KMU an. Wie sieht die R\u00fcckkehr zur Normalit\u00e4t aus?\" \/>\n<meta name=\"robots\" content=\"index, follow, max-snippet:-1, max-image-preview:large, max-video-preview:-1\" \/>\n<link rel=\"canonical\" href=\"https:\/\/newplace.ch\/fr\/schweizer-kmu-krise\/\" \/>\n<meta property=\"og:locale\" content=\"fr_FR\" \/>\n<meta property=\"og:type\" content=\"article\" \/>\n<meta property=\"og:title\" content=\"KMU: Durchhalten in der Krise &#8226; newplace\" \/>\n<meta property=\"og:description\" content=\"Das Durchhalten in der Krise lohnt sich. Nun kommen die ersten Erleichterungen bei den betroffenen KMU an. Wie sieht die R\u00fcckkehr zur Normalit\u00e4t aus?\" \/>\n<meta property=\"og:url\" content=\"https:\/\/newplace.ch\/fr\/schweizer-kmu-krise\/\" \/>\n<meta property=\"og:site_name\" content=\"newplace\" \/>\n<meta property=\"article:published_time\" content=\"2020-05-15T09:26:43+00:00\" \/>\n<meta property=\"article:modified_time\" content=\"2025-03-27T13:33:45+00:00\" \/>\n<meta name=\"author\" content=\"Cornelia Steffen\" \/>\n<meta name=\"twitter:card\" content=\"summary_large_image\" \/>\n<script type=\"application\/ld+json\" class=\"yoast-schema-graph\">{\"@context\":\"https:\\\/\\\/schema.org\",\"@graph\":[{\"@type\":\"Article\",\"@id\":\"https:\\\/\\\/newplace.ch\\\/schweizer-kmu-krise\\\/#article\",\"isPartOf\":{\"@id\":\"https:\\\/\\\/newplace.ch\\\/schweizer-kmu-krise\\\/\"},\"author\":{\"name\":\"Cornelia Steffen\",\"@id\":\"https:\\\/\\\/newplace.ch\\\/#\\\/schema\\\/person\\\/f60d3b078c64d17e55733cd5e71a8430\"},\"headline\":\"KMU: Durchhalten in der Krise\",\"datePublished\":\"2020-05-15T09:26:43+00:00\",\"dateModified\":\"2025-03-27T13:33:45+00:00\",\"mainEntityOfPage\":{\"@id\":\"https:\\\/\\\/newplace.ch\\\/schweizer-kmu-krise\\\/\"},\"wordCount\":112,\"commentCount\":0,\"publisher\":{\"@id\":\"https:\\\/\\\/newplace.ch\\\/#organization\"},\"image\":{\"@id\":\"https:\\\/\\\/newplace.ch\\\/schweizer-kmu-krise\\\/#primaryimage\"},\"thumbnailUrl\":\"\",\"articleSection\":[\"aus der HR-Welt\"],\"inLanguage\":\"fr-FR\",\"potentialAction\":[{\"@type\":\"CommentAction\",\"name\":\"Comment\",\"target\":[\"https:\\\/\\\/newplace.ch\\\/schweizer-kmu-krise\\\/#respond\"]}]},{\"@type\":\"WebPage\",\"@id\":\"https:\\\/\\\/newplace.ch\\\/schweizer-kmu-krise\\\/\",\"url\":\"https:\\\/\\\/newplace.ch\\\/schweizer-kmu-krise\\\/\",\"name\":\"KMU: Durchhalten in der Krise &#8226; newplace\",\"isPartOf\":{\"@id\":\"https:\\\/\\\/newplace.ch\\\/#website\"},\"primaryImageOfPage\":{\"@id\":\"https:\\\/\\\/newplace.ch\\\/schweizer-kmu-krise\\\/#primaryimage\"},\"image\":{\"@id\":\"https:\\\/\\\/newplace.ch\\\/schweizer-kmu-krise\\\/#primaryimage\"},\"thumbnailUrl\":\"\",\"datePublished\":\"2020-05-15T09:26:43+00:00\",\"dateModified\":\"2025-03-27T13:33:45+00:00\",\"description\":\"Das Durchhalten in der Krise lohnt sich. Nun kommen die ersten Erleichterungen bei den betroffenen KMU an. Wie sieht die R\u00fcckkehr zur Normalit\u00e4t aus?\",\"breadcrumb\":{\"@id\":\"https:\\\/\\\/newplace.ch\\\/schweizer-kmu-krise\\\/#breadcrumb\"},\"inLanguage\":\"fr-FR\",\"potentialAction\":[{\"@type\":\"ReadAction\",\"target\":[\"https:\\\/\\\/newplace.ch\\\/schweizer-kmu-krise\\\/\"]}]},{\"@type\":\"ImageObject\",\"inLanguage\":\"fr-FR\",\"@id\":\"https:\\\/\\\/newplace.ch\\\/schweizer-kmu-krise\\\/#primaryimage\",\"url\":\"\",\"contentUrl\":\"\"},{\"@type\":\"BreadcrumbList\",\"@id\":\"https:\\\/\\\/newplace.ch\\\/schweizer-kmu-krise\\\/#breadcrumb\",\"itemListElement\":[{\"@type\":\"ListItem\",\"position\":1,\"name\":\"Startseite\",\"item\":\"https:\\\/\\\/newplace.ch\\\/\"},{\"@type\":\"ListItem\",\"position\":2,\"name\":\"KMU: Durchhalten in der Krise\"}]},{\"@type\":\"WebSite\",\"@id\":\"https:\\\/\\\/newplace.ch\\\/#website\",\"url\":\"https:\\\/\\\/newplace.ch\\\/\",\"name\":\"newplace\",\"description\":\"\",\"publisher\":{\"@id\":\"https:\\\/\\\/newplace.ch\\\/#organization\"},\"potentialAction\":[{\"@type\":\"SearchAction\",\"target\":{\"@type\":\"EntryPoint\",\"urlTemplate\":\"https:\\\/\\\/newplace.ch\\\/?s={search_term_string}\"},\"query-input\":{\"@type\":\"PropertyValueSpecification\",\"valueRequired\":true,\"valueName\":\"search_term_string\"}}],\"inLanguage\":\"fr-FR\"},{\"@type\":\"Organization\",\"@id\":\"https:\\\/\\\/newplace.ch\\\/#organization\",\"name\":\"newplace AG\",\"url\":\"https:\\\/\\\/newplace.ch\\\/\",\"logo\":{\"@type\":\"ImageObject\",\"inLanguage\":\"fr-FR\",\"@id\":\"https:\\\/\\\/newplace.ch\\\/#\\\/schema\\\/logo\\\/image\\\/\",\"url\":\"https:\\\/\\\/newplace.ch\\\/wp-content\\\/uploads\\\/2025\\\/02\\\/newplace.svg\",\"contentUrl\":\"https:\\\/\\\/newplace.ch\\\/wp-content\\\/uploads\\\/2025\\\/02\\\/newplace.svg\",\"width\":345,\"height\":120,\"caption\":\"newplace AG\"},\"image\":{\"@id\":\"https:\\\/\\\/newplace.ch\\\/#\\\/schema\\\/logo\\\/image\\\/\"},\"sameAs\":[\"https:\\\/\\\/www.linkedin.com\\\/company\\\/newplace-ag\"]},{\"@type\":\"Person\",\"@id\":\"https:\\\/\\\/newplace.ch\\\/#\\\/schema\\\/person\\\/f60d3b078c64d17e55733cd5e71a8430\",\"name\":\"Cornelia Steffen\",\"image\":{\"@type\":\"ImageObject\",\"inLanguage\":\"fr-FR\",\"@id\":\"https:\\\/\\\/secure.gravatar.com\\\/avatar\\\/aebe96983ca916db533ec4d57d4b633cd240f4c19f0c5662c1baea7faa9666e1?s=96&d=mm&r=g\",\"url\":\"https:\\\/\\\/secure.gravatar.com\\\/avatar\\\/aebe96983ca916db533ec4d57d4b633cd240f4c19f0c5662c1baea7faa9666e1?s=96&d=mm&r=g\",\"contentUrl\":\"https:\\\/\\\/secure.gravatar.com\\\/avatar\\\/aebe96983ca916db533ec4d57d4b633cd240f4c19f0c5662c1baea7faa9666e1?s=96&d=mm&r=g\",\"caption\":\"Cornelia Steffen\"}}]}<\/script>\n<!-- \/ Yoast SEO plugin. -->","yoast_head_json":{"title":"KMU: Durchhalten in der Krise &#8226; newplace","description":"Das Durchhalten in der Krise lohnt sich. Nun kommen die ersten Erleichterungen bei den betroffenen KMU an. Wie sieht die R\u00fcckkehr zur Normalit\u00e4t aus?","robots":{"index":"index","follow":"follow","max-snippet":"max-snippet:-1","max-image-preview":"max-image-preview:large","max-video-preview":"max-video-preview:-1"},"canonical":"https:\/\/newplace.ch\/fr\/schweizer-kmu-krise\/","og_locale":"fr_FR","og_type":"article","og_title":"KMU: Durchhalten in der Krise &#8226; newplace","og_description":"Das Durchhalten in der Krise lohnt sich. Nun kommen die ersten Erleichterungen bei den betroffenen KMU an. Wie sieht die R\u00fcckkehr zur Normalit\u00e4t aus?","og_url":"https:\/\/newplace.ch\/fr\/schweizer-kmu-krise\/","og_site_name":"newplace","article_published_time":"2020-05-15T09:26:43+00:00","article_modified_time":"2025-03-27T13:33:45+00:00","author":"Cornelia Steffen","twitter_card":"summary_large_image","schema":{"@context":"https:\/\/schema.org","@graph":[{"@type":"Article","@id":"https:\/\/newplace.ch\/schweizer-kmu-krise\/#article","isPartOf":{"@id":"https:\/\/newplace.ch\/schweizer-kmu-krise\/"},"author":{"name":"Cornelia Steffen","@id":"https:\/\/newplace.ch\/#\/schema\/person\/f60d3b078c64d17e55733cd5e71a8430"},"headline":"KMU: Durchhalten in der Krise","datePublished":"2020-05-15T09:26:43+00:00","dateModified":"2025-03-27T13:33:45+00:00","mainEntityOfPage":{"@id":"https:\/\/newplace.ch\/schweizer-kmu-krise\/"},"wordCount":112,"commentCount":0,"publisher":{"@id":"https:\/\/newplace.ch\/#organization"},"image":{"@id":"https:\/\/newplace.ch\/schweizer-kmu-krise\/#primaryimage"},"thumbnailUrl":"","articleSection":["aus der HR-Welt"],"inLanguage":"fr-FR","potentialAction":[{"@type":"CommentAction","name":"Comment","target":["https:\/\/newplace.ch\/schweizer-kmu-krise\/#respond"]}]},{"@type":"WebPage","@id":"https:\/\/newplace.ch\/schweizer-kmu-krise\/","url":"https:\/\/newplace.ch\/schweizer-kmu-krise\/","name":"KMU: Durchhalten in der Krise &#8226; newplace","isPartOf":{"@id":"https:\/\/newplace.ch\/#website"},"primaryImageOfPage":{"@id":"https:\/\/newplace.ch\/schweizer-kmu-krise\/#primaryimage"},"image":{"@id":"https:\/\/newplace.ch\/schweizer-kmu-krise\/#primaryimage"},"thumbnailUrl":"","datePublished":"2020-05-15T09:26:43+00:00","dateModified":"2025-03-27T13:33:45+00:00","description":"Das Durchhalten in der Krise lohnt sich. Nun kommen die ersten Erleichterungen bei den betroffenen KMU an. Wie sieht die R\u00fcckkehr zur Normalit\u00e4t aus?","breadcrumb":{"@id":"https:\/\/newplace.ch\/schweizer-kmu-krise\/#breadcrumb"},"inLanguage":"fr-FR","potentialAction":[{"@type":"ReadAction","target":["https:\/\/newplace.ch\/schweizer-kmu-krise\/"]}]},{"@type":"ImageObject","inLanguage":"fr-FR","@id":"https:\/\/newplace.ch\/schweizer-kmu-krise\/#primaryimage","url":"","contentUrl":""},{"@type":"BreadcrumbList","@id":"https:\/\/newplace.ch\/schweizer-kmu-krise\/#breadcrumb","itemListElement":[{"@type":"ListItem","position":1,"name":"Startseite","item":"https:\/\/newplace.ch\/"},{"@type":"ListItem","position":2,"name":"KMU: Durchhalten in der Krise"}]},{"@type":"WebSite","@id":"https:\/\/newplace.ch\/#website","url":"https:\/\/newplace.ch\/","name":"newplace","description":"","publisher":{"@id":"https:\/\/newplace.ch\/#organization"},"potentialAction":[{"@type":"SearchAction","target":{"@type":"EntryPoint","urlTemplate":"https:\/\/newplace.ch\/?s={search_term_string}"},"query-input":{"@type":"PropertyValueSpecification","valueRequired":true,"valueName":"search_term_string"}}],"inLanguage":"fr-FR"},{"@type":"Organization","@id":"https:\/\/newplace.ch\/#organization","name":"newplace AG","url":"https:\/\/newplace.ch\/","logo":{"@type":"ImageObject","inLanguage":"fr-FR","@id":"https:\/\/newplace.ch\/#\/schema\/logo\/image\/","url":"https:\/\/newplace.ch\/wp-content\/uploads\/2025\/02\/newplace.svg","contentUrl":"https:\/\/newplace.ch\/wp-content\/uploads\/2025\/02\/newplace.svg","width":345,"height":120,"caption":"newplace AG"},"image":{"@id":"https:\/\/newplace.ch\/#\/schema\/logo\/image\/"},"sameAs":["https:\/\/www.linkedin.com\/company\/newplace-ag"]},{"@type":"Person","@id":"https:\/\/newplace.ch\/#\/schema\/person\/f60d3b078c64d17e55733cd5e71a8430","name":"Cornelia Steffen","image":{"@type":"ImageObject","inLanguage":"fr-FR","@id":"https:\/\/secure.gravatar.com\/avatar\/aebe96983ca916db533ec4d57d4b633cd240f4c19f0c5662c1baea7faa9666e1?s=96&d=mm&r=g","url":"https:\/\/secure.gravatar.com\/avatar\/aebe96983ca916db533ec4d57d4b633cd240f4c19f0c5662c1baea7faa9666e1?s=96&d=mm&r=g","contentUrl":"https:\/\/secure.gravatar.com\/avatar\/aebe96983ca916db533ec4d57d4b633cd240f4c19f0c5662c1baea7faa9666e1?s=96&d=mm&r=g","caption":"Cornelia Steffen"}}]}},"_links":{"self":[{"href":"https:\/\/newplace.ch\/fr\/wp-json\/wp\/v2\/posts\/2135","targetHints":{"allow":["GET"]}}],"collection":[{"href":"https:\/\/newplace.ch\/fr\/wp-json\/wp\/v2\/posts"}],"about":[{"href":"https:\/\/newplace.ch\/fr\/wp-json\/wp\/v2\/types\/post"}],"author":[{"embeddable":true,"href":"https:\/\/newplace.ch\/fr\/wp-json\/wp\/v2\/users\/6"}],"replies":[{"embeddable":true,"href":"https:\/\/newplace.ch\/fr\/wp-json\/wp\/v2\/comments?post=2135"}],"version-history":[{"count":1,"href":"https:\/\/newplace.ch\/fr\/wp-json\/wp\/v2\/posts\/2135\/revisions"}],"predecessor-version":[{"id":5014,"href":"https:\/\/newplace.ch\/fr\/wp-json\/wp\/v2\/posts\/2135\/revisions\/5014"}],"wp:featuredmedia":[{"embeddable":true,"href":"https:\/\/newplace.ch\/fr\/wp-json\/"}],"wp:attachment":[{"href":"https:\/\/newplace.ch\/fr\/wp-json\/wp\/v2\/media?parent=2135"}],"wp:term":[{"taxonomy":"category","embeddable":true,"href":"https:\/\/newplace.ch\/fr\/wp-json\/wp\/v2\/categories?post=2135"},{"taxonomy":"post_tag","embeddable":true,"href":"https:\/\/newplace.ch\/fr\/wp-json\/wp\/v2\/tags?post=2135"}],"curies":[{"name":"wp","href":"https:\/\/api.w.org\/{rel}","templated":true}]}}