{"id":1865,"date":"2019-08-28T00:19:59","date_gmt":"2019-08-28T00:19:59","guid":{"rendered":"https:\/\/www.newplace.ch\/?p=1865"},"modified":"2025-03-27T13:32:46","modified_gmt":"2025-03-27T13:32:46","slug":"gemischtes-fuehrungspersonal","status":"publish","type":"post","link":"https:\/\/newplace.ch\/fr\/gemischtes-fuehrungspersonal\/","title":{"rendered":"La mixit\u00e9 des dirigeants est source de satisfaction"},"content":{"rendered":"<div class=\"vc_row wpb_row section vc_row-fluid vc_inner\">\n<div class=\"full_section_inner clearfix\">\n<div class=\"wpb_column vc_column_container vc_col-sm-12\">\n<div class=\"vc_column-inner\">\n<div class=\"wpb_wrapper\">\n<div class=\"wpb_text_column wpb_content_element  inside\">\n<div class=\"wpb_wrapper\">\n<h2>\u00c9tude sur l'\u00e9quilibre entre les sexes dans les postes de direction<\/h2>\n<\/div>\n<\/div>\n<div class=\"wpb_text_column wpb_content_element\">\n<div class=\"wpb_wrapper\">\n<p>Selon une \u00e9tude r\u00e9cente de Peakon, les travailleurs s'identifient davantage \u00e0 leur employeur lorsque l'\u00e9quipe dirigeante pr\u00e9sente un \u00e9quilibre entre hommes et femmes. Des recherches ont d\u00e9j\u00e0 montr\u00e9 que les \u00e9quipes mixtes prennent de meilleures d\u00e9cisions.<\/p>\n<p>Pour l'\u00e9tude actuelle, Peakon a interrog\u00e9 environ 60'000 collaboratrices et collaborateurs de 173 entreprises internationales (de mani\u00e8re anonyme).  En compl\u00e9ment, les r\u00e9ponses de 2'733 cadres sup\u00e9rieurs ont \u00e9galement \u00e9t\u00e9 \u00e9valu\u00e9es (1'003 femmes).<\/p>\n<p>L'un des principaux r\u00e9sultats est que la satisfaction des travailleurs est li\u00e9e \u00e0 la composition de l'\u00e9quilibre hommes-femmes au sein de l'encadrement. Un personnel de direction mixte et \u00e9quilibr\u00e9 a donc un effet positif sur la satisfaction des travailleurs. En outre, ils ont analys\u00e9 les r\u00e9ponses de 2.733 cadres, dont 1.003 femmes.<\/p>\n<p>Enfin, le th\u00e8me de l'\u00e9galit\u00e9 des sexes joue \u00e9galement un r\u00f4le dans la\u00a0<a href=\"https:\/\/newplace.ch\/fr\/arbeitgeberwahl\/\">Choix de l'employeur<\/a>\u00a0un r\u00f4le important.<\/p>\n<p><em>(Source : humanresourcesmanager.de)<\/em><\/p>\n<\/div>\n<\/div>\n<\/div>\n<\/div>\n<\/div>\n<\/div>\n<\/div>\n<div class=\"wpb_text_column wpb_content_element\">\n<div class=\"wpb_wrapper\"><\/div>\n<\/div>","protected":false},"excerpt":{"rendered":"<p>Selon une \u00e9tude r\u00e9cente, les employ\u00e9s s'identifient davantage \u00e0 leur employeur lorsque l'\u00e9quipe dirigeante peut pr\u00e9senter un rapport \u00e9quilibr\u00e9 entre hommes et femmes....<\/p>","protected":false},"author":8,"featured_media":0,"comment_status":"closed","ping_status":"closed","sticky":false,"template":"","format":"standard","meta":{"_acf_changed":false,"footnotes":""},"categories":[10],"tags":[],"class_list":["post-1865","post","type-post","status-publish","format-standard","hentry","category-hr-welt"],"acf":[],"yoast_head":"<!-- This site is optimized with the Yoast SEO plugin v27.5 - https:\/\/yoast.com\/product\/yoast-seo-wordpress\/ -->\n<title>Gemischtes F\u00fchrungspersonal sorgt f\u00fcr Zufriedenheit &#8226; newplace<\/title>\n<meta name=\"description\" content=\"Identifizieren sich Arbeitnehmer mehr mit ihrem Arbeitgeber, wenn das Unternehmen ein gemischtes F\u00fchrungspersonal aufweisen kann?\" \/>\n<meta name=\"robots\" content=\"index, follow, max-snippet:-1, max-image-preview:large, max-video-preview:-1\" \/>\n<link rel=\"canonical\" href=\"https:\/\/newplace.ch\/fr\/gemischtes-fuehrungspersonal\/\" \/>\n<meta property=\"og:locale\" content=\"fr_FR\" \/>\n<meta property=\"og:type\" content=\"article\" \/>\n<meta property=\"og:title\" content=\"Gemischtes F\u00fchrungspersonal sorgt f\u00fcr Zufriedenheit &#8226; newplace\" \/>\n<meta property=\"og:description\" content=\"Identifizieren sich Arbeitnehmer mehr mit ihrem Arbeitgeber, wenn das Unternehmen ein gemischtes F\u00fchrungspersonal aufweisen kann?\" \/>\n<meta property=\"og:url\" content=\"https:\/\/newplace.ch\/fr\/gemischtes-fuehrungspersonal\/\" \/>\n<meta property=\"og:site_name\" content=\"newplace\" \/>\n<meta property=\"article:published_time\" content=\"2019-08-28T00:19:59+00:00\" \/>\n<meta property=\"article:modified_time\" content=\"2025-03-27T13:32:46+00:00\" \/>\n<meta name=\"author\" content=\"jbruderer\" \/>\n<meta name=\"twitter:card\" content=\"summary_large_image\" \/>\n<script type=\"application\/ld+json\" class=\"yoast-schema-graph\">{\"@context\":\"https:\\\/\\\/schema.org\",\"@graph\":[{\"@type\":\"Article\",\"@id\":\"https:\\\/\\\/newplace.ch\\\/gemischtes-fuehrungspersonal\\\/#article\",\"isPartOf\":{\"@id\":\"https:\\\/\\\/newplace.ch\\\/gemischtes-fuehrungspersonal\\\/\"},\"author\":{\"name\":\"jbruderer\",\"@id\":\"https:\\\/\\\/newplace.ch\\\/#\\\/schema\\\/person\\\/b1d19f9ebc3a2719ae885e294b3d79b1\"},\"headline\":\"Gemischtes F\u00fchrungspersonal sorgt f\u00fcr Zufriedenheit\",\"datePublished\":\"2019-08-28T00:19:59+00:00\",\"dateModified\":\"2025-03-27T13:32:46+00:00\",\"mainEntityOfPage\":{\"@id\":\"https:\\\/\\\/newplace.ch\\\/gemischtes-fuehrungspersonal\\\/\"},\"wordCount\":146,\"publisher\":{\"@id\":\"https:\\\/\\\/newplace.ch\\\/#organization\"},\"articleSection\":[\"aus der HR-Welt\"],\"inLanguage\":\"fr-FR\"},{\"@type\":\"WebPage\",\"@id\":\"https:\\\/\\\/newplace.ch\\\/gemischtes-fuehrungspersonal\\\/\",\"url\":\"https:\\\/\\\/newplace.ch\\\/gemischtes-fuehrungspersonal\\\/\",\"name\":\"Gemischtes F\u00fchrungspersonal sorgt f\u00fcr Zufriedenheit &#8226; newplace\",\"isPartOf\":{\"@id\":\"https:\\\/\\\/newplace.ch\\\/#website\"},\"datePublished\":\"2019-08-28T00:19:59+00:00\",\"dateModified\":\"2025-03-27T13:32:46+00:00\",\"description\":\"Identifizieren sich Arbeitnehmer mehr mit ihrem Arbeitgeber, wenn das Unternehmen ein gemischtes F\u00fchrungspersonal aufweisen kann?\",\"breadcrumb\":{\"@id\":\"https:\\\/\\\/newplace.ch\\\/gemischtes-fuehrungspersonal\\\/#breadcrumb\"},\"inLanguage\":\"fr-FR\",\"potentialAction\":[{\"@type\":\"ReadAction\",\"target\":[\"https:\\\/\\\/newplace.ch\\\/gemischtes-fuehrungspersonal\\\/\"]}]},{\"@type\":\"BreadcrumbList\",\"@id\":\"https:\\\/\\\/newplace.ch\\\/gemischtes-fuehrungspersonal\\\/#breadcrumb\",\"itemListElement\":[{\"@type\":\"ListItem\",\"position\":1,\"name\":\"Startseite\",\"item\":\"https:\\\/\\\/newplace.ch\\\/\"},{\"@type\":\"ListItem\",\"position\":2,\"name\":\"Gemischtes F\u00fchrungspersonal sorgt f\u00fcr Zufriedenheit\"}]},{\"@type\":\"WebSite\",\"@id\":\"https:\\\/\\\/newplace.ch\\\/#website\",\"url\":\"https:\\\/\\\/newplace.ch\\\/\",\"name\":\"newplace\",\"description\":\"\",\"publisher\":{\"@id\":\"https:\\\/\\\/newplace.ch\\\/#organization\"},\"potentialAction\":[{\"@type\":\"SearchAction\",\"target\":{\"@type\":\"EntryPoint\",\"urlTemplate\":\"https:\\\/\\\/newplace.ch\\\/?s={search_term_string}\"},\"query-input\":{\"@type\":\"PropertyValueSpecification\",\"valueRequired\":true,\"valueName\":\"search_term_string\"}}],\"inLanguage\":\"fr-FR\"},{\"@type\":\"Organization\",\"@id\":\"https:\\\/\\\/newplace.ch\\\/#organization\",\"name\":\"newplace AG\",\"url\":\"https:\\\/\\\/newplace.ch\\\/\",\"logo\":{\"@type\":\"ImageObject\",\"inLanguage\":\"fr-FR\",\"@id\":\"https:\\\/\\\/newplace.ch\\\/#\\\/schema\\\/logo\\\/image\\\/\",\"url\":\"https:\\\/\\\/newplace.ch\\\/wp-content\\\/uploads\\\/2025\\\/02\\\/newplace.svg\",\"contentUrl\":\"https:\\\/\\\/newplace.ch\\\/wp-content\\\/uploads\\\/2025\\\/02\\\/newplace.svg\",\"width\":345,\"height\":120,\"caption\":\"newplace AG\"},\"image\":{\"@id\":\"https:\\\/\\\/newplace.ch\\\/#\\\/schema\\\/logo\\\/image\\\/\"},\"sameAs\":[\"https:\\\/\\\/www.linkedin.com\\\/company\\\/newplace-ag\"]},{\"@type\":\"Person\",\"@id\":\"https:\\\/\\\/newplace.ch\\\/#\\\/schema\\\/person\\\/b1d19f9ebc3a2719ae885e294b3d79b1\",\"name\":\"jbruderer\",\"image\":{\"@type\":\"ImageObject\",\"inLanguage\":\"fr-FR\",\"@id\":\"https:\\\/\\\/secure.gravatar.com\\\/avatar\\\/61addef3524c8e13f4eb2f9a2a6ec498ec0bc0d04ee2405ef0b3aa5dc5ba493e?s=96&d=mm&r=g\",\"url\":\"https:\\\/\\\/secure.gravatar.com\\\/avatar\\\/61addef3524c8e13f4eb2f9a2a6ec498ec0bc0d04ee2405ef0b3aa5dc5ba493e?s=96&d=mm&r=g\",\"contentUrl\":\"https:\\\/\\\/secure.gravatar.com\\\/avatar\\\/61addef3524c8e13f4eb2f9a2a6ec498ec0bc0d04ee2405ef0b3aa5dc5ba493e?s=96&d=mm&r=g\",\"caption\":\"jbruderer\"}}]}<\/script>\n<!-- \/ Yoast SEO plugin. -->","yoast_head_json":{"title":"Gemischtes F\u00fchrungspersonal sorgt f\u00fcr Zufriedenheit &#8226; newplace","description":"Identifizieren sich Arbeitnehmer mehr mit ihrem Arbeitgeber, wenn das Unternehmen ein gemischtes F\u00fchrungspersonal aufweisen kann?","robots":{"index":"index","follow":"follow","max-snippet":"max-snippet:-1","max-image-preview":"max-image-preview:large","max-video-preview":"max-video-preview:-1"},"canonical":"https:\/\/newplace.ch\/fr\/gemischtes-fuehrungspersonal\/","og_locale":"fr_FR","og_type":"article","og_title":"Gemischtes F\u00fchrungspersonal sorgt f\u00fcr Zufriedenheit &#8226; newplace","og_description":"Identifizieren sich Arbeitnehmer mehr mit ihrem Arbeitgeber, wenn das Unternehmen ein gemischtes F\u00fchrungspersonal aufweisen kann?","og_url":"https:\/\/newplace.ch\/fr\/gemischtes-fuehrungspersonal\/","og_site_name":"newplace","article_published_time":"2019-08-28T00:19:59+00:00","article_modified_time":"2025-03-27T13:32:46+00:00","author":"jbruderer","twitter_card":"summary_large_image","schema":{"@context":"https:\/\/schema.org","@graph":[{"@type":"Article","@id":"https:\/\/newplace.ch\/gemischtes-fuehrungspersonal\/#article","isPartOf":{"@id":"https:\/\/newplace.ch\/gemischtes-fuehrungspersonal\/"},"author":{"name":"jbruderer","@id":"https:\/\/newplace.ch\/#\/schema\/person\/b1d19f9ebc3a2719ae885e294b3d79b1"},"headline":"Gemischtes F\u00fchrungspersonal sorgt f\u00fcr Zufriedenheit","datePublished":"2019-08-28T00:19:59+00:00","dateModified":"2025-03-27T13:32:46+00:00","mainEntityOfPage":{"@id":"https:\/\/newplace.ch\/gemischtes-fuehrungspersonal\/"},"wordCount":146,"publisher":{"@id":"https:\/\/newplace.ch\/#organization"},"articleSection":["aus der HR-Welt"],"inLanguage":"fr-FR"},{"@type":"WebPage","@id":"https:\/\/newplace.ch\/gemischtes-fuehrungspersonal\/","url":"https:\/\/newplace.ch\/gemischtes-fuehrungspersonal\/","name":"Gemischtes F\u00fchrungspersonal sorgt f\u00fcr Zufriedenheit &#8226; newplace","isPartOf":{"@id":"https:\/\/newplace.ch\/#website"},"datePublished":"2019-08-28T00:19:59+00:00","dateModified":"2025-03-27T13:32:46+00:00","description":"Identifizieren sich Arbeitnehmer mehr mit ihrem Arbeitgeber, wenn das Unternehmen ein gemischtes F\u00fchrungspersonal aufweisen kann?","breadcrumb":{"@id":"https:\/\/newplace.ch\/gemischtes-fuehrungspersonal\/#breadcrumb"},"inLanguage":"fr-FR","potentialAction":[{"@type":"ReadAction","target":["https:\/\/newplace.ch\/gemischtes-fuehrungspersonal\/"]}]},{"@type":"BreadcrumbList","@id":"https:\/\/newplace.ch\/gemischtes-fuehrungspersonal\/#breadcrumb","itemListElement":[{"@type":"ListItem","position":1,"name":"Startseite","item":"https:\/\/newplace.ch\/"},{"@type":"ListItem","position":2,"name":"Gemischtes F\u00fchrungspersonal sorgt f\u00fcr Zufriedenheit"}]},{"@type":"WebSite","@id":"https:\/\/newplace.ch\/#website","url":"https:\/\/newplace.ch\/","name":"newplace","description":"","publisher":{"@id":"https:\/\/newplace.ch\/#organization"},"potentialAction":[{"@type":"SearchAction","target":{"@type":"EntryPoint","urlTemplate":"https:\/\/newplace.ch\/?s={search_term_string}"},"query-input":{"@type":"PropertyValueSpecification","valueRequired":true,"valueName":"search_term_string"}}],"inLanguage":"fr-FR"},{"@type":"Organization","@id":"https:\/\/newplace.ch\/#organization","name":"newplace AG","url":"https:\/\/newplace.ch\/","logo":{"@type":"ImageObject","inLanguage":"fr-FR","@id":"https:\/\/newplace.ch\/#\/schema\/logo\/image\/","url":"https:\/\/newplace.ch\/wp-content\/uploads\/2025\/02\/newplace.svg","contentUrl":"https:\/\/newplace.ch\/wp-content\/uploads\/2025\/02\/newplace.svg","width":345,"height":120,"caption":"newplace AG"},"image":{"@id":"https:\/\/newplace.ch\/#\/schema\/logo\/image\/"},"sameAs":["https:\/\/www.linkedin.com\/company\/newplace-ag"]},{"@type":"Person","@id":"https:\/\/newplace.ch\/#\/schema\/person\/b1d19f9ebc3a2719ae885e294b3d79b1","name":"jbruderer","image":{"@type":"ImageObject","inLanguage":"fr-FR","@id":"https:\/\/secure.gravatar.com\/avatar\/61addef3524c8e13f4eb2f9a2a6ec498ec0bc0d04ee2405ef0b3aa5dc5ba493e?s=96&d=mm&r=g","url":"https:\/\/secure.gravatar.com\/avatar\/61addef3524c8e13f4eb2f9a2a6ec498ec0bc0d04ee2405ef0b3aa5dc5ba493e?s=96&d=mm&r=g","contentUrl":"https:\/\/secure.gravatar.com\/avatar\/61addef3524c8e13f4eb2f9a2a6ec498ec0bc0d04ee2405ef0b3aa5dc5ba493e?s=96&d=mm&r=g","caption":"jbruderer"}}]}},"_links":{"self":[{"href":"https:\/\/newplace.ch\/fr\/wp-json\/wp\/v2\/posts\/1865","targetHints":{"allow":["GET"]}}],"collection":[{"href":"https:\/\/newplace.ch\/fr\/wp-json\/wp\/v2\/posts"}],"about":[{"href":"https:\/\/newplace.ch\/fr\/wp-json\/wp\/v2\/types\/post"}],"author":[{"embeddable":true,"href":"https:\/\/newplace.ch\/fr\/wp-json\/wp\/v2\/users\/8"}],"replies":[{"embeddable":true,"href":"https:\/\/newplace.ch\/fr\/wp-json\/wp\/v2\/comments?post=1865"}],"version-history":[{"count":1,"href":"https:\/\/newplace.ch\/fr\/wp-json\/wp\/v2\/posts\/1865\/revisions"}],"predecessor-version":[{"id":5018,"href":"https:\/\/newplace.ch\/fr\/wp-json\/wp\/v2\/posts\/1865\/revisions\/5018"}],"wp:attachment":[{"href":"https:\/\/newplace.ch\/fr\/wp-json\/wp\/v2\/media?parent=1865"}],"wp:term":[{"taxonomy":"category","embeddable":true,"href":"https:\/\/newplace.ch\/fr\/wp-json\/wp\/v2\/categories?post=1865"},{"taxonomy":"post_tag","embeddable":true,"href":"https:\/\/newplace.ch\/fr\/wp-json\/wp\/v2\/tags?post=1865"}],"curies":[{"name":"wp","href":"https:\/\/api.w.org\/{rel}","templated":true}]}}