{"id":1864,"date":"2019-08-21T00:19:51","date_gmt":"2019-08-21T00:19:51","guid":{"rendered":"https:\/\/www.newplace.ch\/?p=1864"},"modified":"2025-03-27T13:32:46","modified_gmt":"2025-03-27T13:32:46","slug":"personliches-coaching","status":"publish","type":"post","link":"https:\/\/newplace.ch\/fr\/personliches-coaching\/","title":{"rendered":"Coaching personnel : r\u00e9serv\u00e9 aux cadres ?"},"content":{"rendered":"<div class=\"wpb_text_column wpb_content_element  inside\">\n<div class=\"wpb_wrapper\">\n<h2>Quelles formations continues les travailleurs souhaitent-ils ?<\/h2>\n<\/div>\n<\/div>\n<div class=\"wpb_text_column wpb_content_element\">\n<div class=\"wpb_wrapper\">\n<p>Dans le cadre de l'\u00e9tude repr\u00e9sentative \"Wert der Weiterbildung\" (valeur de la formation continue), un total de 1 018 employ\u00e9s en Allemagne ont \u00e9t\u00e9 interrog\u00e9s (commanditaire : Haufe Akademie).<\/p>\n<p>Le message principal de l'\u00e9tude est que les employ\u00e9s sont ouverts et motiv\u00e9s par le th\u00e8me de la formation continue. Pas moins de 78% des personnes interrog\u00e9es sont pr\u00eates \u00e0 apprendre sans cesse de nouvelles choses et \u00e0 investir dans leur propre d\u00e9veloppement personnel.<\/p>\n<p>Il est toutefois frappant de constater que les souhaits des employ\u00e9s en mati\u00e8re de formation continue ne sont pour la plupart pas satisfaits : Certes, les formats classiques comme les s\u00e9minaires et les conf\u00e9rences ont toujours la cote, mais 8 salari\u00e9s sur 10 souhaitent \u00e9galement un coaching individuel. Mais leurs patrons ne suivent pas : Seuls 21% des salari\u00e9s interrog\u00e9s re\u00e7oivent de leur employeur la possibilit\u00e9 de b\u00e9n\u00e9ficier d'un coaching personnel - alors que 79% le souhaiteraient. Les employeurs pourraient ainsi se priver d'un potentiel de d\u00e9veloppement \u00e9lev\u00e9.<\/p>\n<p>Selon l'\u00e9tude, les employeurs devraient analyser les avantages qu'un coaching personnel des collaborateurs peut apporter \u00e0 l'entreprise. Et quelles sont les raisons qui les emp\u00eachent d'offrir cette chance \u00e0 leurs employ\u00e9s. Les possibilit\u00e9s de formation continue ne constituent pas un facteur important dans la d\u00e9cision d'embauche.\u00a0<a href=\"https:\/\/newplace.ch\/fr\/arbeitgeberwahl\/\">Choix de l'employeur<\/a>\u00a0est.<\/p>\n<p><em>(Source : humanresourcesmanager.de)<\/em><\/p>\n<\/div>\n<\/div>","protected":false},"excerpt":{"rendered":"<p>Selon une nouvelle enqu\u00eate, 79% des salari\u00e9s souhaitent b\u00e9n\u00e9ficier d'un coaching personnel - mais seuls 21% des salari\u00e9s interrog\u00e9s se voient offrir cette possibilit\u00e9 par leur employeur...<\/p>","protected":false},"author":8,"featured_media":0,"comment_status":"open","ping_status":"open","sticky":false,"template":"","format":"standard","meta":{"_acf_changed":false,"footnotes":""},"categories":[10],"tags":[],"class_list":["post-1864","post","type-post","status-publish","format-standard","hentry","category-hr-welt"],"acf":[],"yoast_head":"<!-- This site is optimized with the Yoast SEO plugin v27.5 - https:\/\/yoast.com\/product\/yoast-seo-wordpress\/ -->\n<title>Pers\u00f6nliches Coaching: Nur f\u00fcr F\u00fchrungskr\u00e4fte? &#8226; newplace<\/title>\n<meta name=\"description\" content=\"79% der Arbeitnehmenden w\u00fcnschen sich ein pers\u00f6nliches Coaching - aber nur 21% der befragten Arbeitnehmer erhalten von ihrem Arbeitgeber die Chance dazu.\" \/>\n<meta name=\"robots\" content=\"index, follow, max-snippet:-1, max-image-preview:large, max-video-preview:-1\" \/>\n<link rel=\"canonical\" href=\"https:\/\/newplace.ch\/fr\/personliches-coaching\/\" \/>\n<meta property=\"og:locale\" content=\"fr_FR\" \/>\n<meta property=\"og:type\" content=\"article\" \/>\n<meta property=\"og:title\" content=\"Pers\u00f6nliches Coaching: Nur f\u00fcr F\u00fchrungskr\u00e4fte? &#8226; newplace\" \/>\n<meta property=\"og:description\" content=\"79% der Arbeitnehmenden w\u00fcnschen sich ein pers\u00f6nliches Coaching - aber nur 21% der befragten Arbeitnehmer erhalten von ihrem Arbeitgeber die Chance dazu.\" \/>\n<meta property=\"og:url\" content=\"https:\/\/newplace.ch\/fr\/personliches-coaching\/\" \/>\n<meta property=\"og:site_name\" content=\"newplace\" \/>\n<meta property=\"article:published_time\" content=\"2019-08-21T00:19:51+00:00\" \/>\n<meta property=\"article:modified_time\" content=\"2025-03-27T13:32:46+00:00\" \/>\n<meta name=\"author\" content=\"jbruderer\" \/>\n<meta name=\"twitter:card\" content=\"summary_large_image\" \/>\n<script type=\"application\/ld+json\" class=\"yoast-schema-graph\">{\"@context\":\"https:\\\/\\\/schema.org\",\"@graph\":[{\"@type\":\"Article\",\"@id\":\"https:\\\/\\\/newplace.ch\\\/personliches-coaching\\\/#article\",\"isPartOf\":{\"@id\":\"https:\\\/\\\/newplace.ch\\\/personliches-coaching\\\/\"},\"author\":{\"name\":\"jbruderer\",\"@id\":\"https:\\\/\\\/newplace.ch\\\/#\\\/schema\\\/person\\\/b1d19f9ebc3a2719ae885e294b3d79b1\"},\"headline\":\"Pers\u00f6nliches Coaching: Nur f\u00fcr F\u00fchrungskr\u00e4fte?\",\"datePublished\":\"2019-08-21T00:19:51+00:00\",\"dateModified\":\"2025-03-27T13:32:46+00:00\",\"mainEntityOfPage\":{\"@id\":\"https:\\\/\\\/newplace.ch\\\/personliches-coaching\\\/\"},\"wordCount\":200,\"commentCount\":0,\"publisher\":{\"@id\":\"https:\\\/\\\/newplace.ch\\\/#organization\"},\"articleSection\":[\"aus der HR-Welt\"],\"inLanguage\":\"fr-FR\",\"potentialAction\":[{\"@type\":\"CommentAction\",\"name\":\"Comment\",\"target\":[\"https:\\\/\\\/newplace.ch\\\/personliches-coaching\\\/#respond\"]}]},{\"@type\":\"WebPage\",\"@id\":\"https:\\\/\\\/newplace.ch\\\/personliches-coaching\\\/\",\"url\":\"https:\\\/\\\/newplace.ch\\\/personliches-coaching\\\/\",\"name\":\"Pers\u00f6nliches Coaching: Nur f\u00fcr F\u00fchrungskr\u00e4fte? &#8226; newplace\",\"isPartOf\":{\"@id\":\"https:\\\/\\\/newplace.ch\\\/#website\"},\"datePublished\":\"2019-08-21T00:19:51+00:00\",\"dateModified\":\"2025-03-27T13:32:46+00:00\",\"description\":\"79% der Arbeitnehmenden w\u00fcnschen sich ein pers\u00f6nliches Coaching - aber nur 21% der befragten Arbeitnehmer erhalten von ihrem Arbeitgeber die Chance dazu.\",\"breadcrumb\":{\"@id\":\"https:\\\/\\\/newplace.ch\\\/personliches-coaching\\\/#breadcrumb\"},\"inLanguage\":\"fr-FR\",\"potentialAction\":[{\"@type\":\"ReadAction\",\"target\":[\"https:\\\/\\\/newplace.ch\\\/personliches-coaching\\\/\"]}]},{\"@type\":\"BreadcrumbList\",\"@id\":\"https:\\\/\\\/newplace.ch\\\/personliches-coaching\\\/#breadcrumb\",\"itemListElement\":[{\"@type\":\"ListItem\",\"position\":1,\"name\":\"Startseite\",\"item\":\"https:\\\/\\\/newplace.ch\\\/\"},{\"@type\":\"ListItem\",\"position\":2,\"name\":\"Pers\u00f6nliches Coaching: Nur f\u00fcr F\u00fchrungskr\u00e4fte?\"}]},{\"@type\":\"WebSite\",\"@id\":\"https:\\\/\\\/newplace.ch\\\/#website\",\"url\":\"https:\\\/\\\/newplace.ch\\\/\",\"name\":\"newplace\",\"description\":\"\",\"publisher\":{\"@id\":\"https:\\\/\\\/newplace.ch\\\/#organization\"},\"potentialAction\":[{\"@type\":\"SearchAction\",\"target\":{\"@type\":\"EntryPoint\",\"urlTemplate\":\"https:\\\/\\\/newplace.ch\\\/?s={search_term_string}\"},\"query-input\":{\"@type\":\"PropertyValueSpecification\",\"valueRequired\":true,\"valueName\":\"search_term_string\"}}],\"inLanguage\":\"fr-FR\"},{\"@type\":\"Organization\",\"@id\":\"https:\\\/\\\/newplace.ch\\\/#organization\",\"name\":\"newplace AG\",\"url\":\"https:\\\/\\\/newplace.ch\\\/\",\"logo\":{\"@type\":\"ImageObject\",\"inLanguage\":\"fr-FR\",\"@id\":\"https:\\\/\\\/newplace.ch\\\/#\\\/schema\\\/logo\\\/image\\\/\",\"url\":\"https:\\\/\\\/newplace.ch\\\/wp-content\\\/uploads\\\/2025\\\/02\\\/newplace.svg\",\"contentUrl\":\"https:\\\/\\\/newplace.ch\\\/wp-content\\\/uploads\\\/2025\\\/02\\\/newplace.svg\",\"width\":345,\"height\":120,\"caption\":\"newplace AG\"},\"image\":{\"@id\":\"https:\\\/\\\/newplace.ch\\\/#\\\/schema\\\/logo\\\/image\\\/\"},\"sameAs\":[\"https:\\\/\\\/www.linkedin.com\\\/company\\\/newplace-ag\"]},{\"@type\":\"Person\",\"@id\":\"https:\\\/\\\/newplace.ch\\\/#\\\/schema\\\/person\\\/b1d19f9ebc3a2719ae885e294b3d79b1\",\"name\":\"jbruderer\",\"image\":{\"@type\":\"ImageObject\",\"inLanguage\":\"fr-FR\",\"@id\":\"https:\\\/\\\/secure.gravatar.com\\\/avatar\\\/61addef3524c8e13f4eb2f9a2a6ec498ec0bc0d04ee2405ef0b3aa5dc5ba493e?s=96&d=mm&r=g\",\"url\":\"https:\\\/\\\/secure.gravatar.com\\\/avatar\\\/61addef3524c8e13f4eb2f9a2a6ec498ec0bc0d04ee2405ef0b3aa5dc5ba493e?s=96&d=mm&r=g\",\"contentUrl\":\"https:\\\/\\\/secure.gravatar.com\\\/avatar\\\/61addef3524c8e13f4eb2f9a2a6ec498ec0bc0d04ee2405ef0b3aa5dc5ba493e?s=96&d=mm&r=g\",\"caption\":\"jbruderer\"}}]}<\/script>\n<!-- \/ Yoast SEO plugin. -->","yoast_head_json":{"title":"Pers\u00f6nliches Coaching: Nur f\u00fcr F\u00fchrungskr\u00e4fte? &#8226; newplace","description":"79% der Arbeitnehmenden w\u00fcnschen sich ein pers\u00f6nliches Coaching - aber nur 21% der befragten Arbeitnehmer erhalten von ihrem Arbeitgeber die Chance dazu.","robots":{"index":"index","follow":"follow","max-snippet":"max-snippet:-1","max-image-preview":"max-image-preview:large","max-video-preview":"max-video-preview:-1"},"canonical":"https:\/\/newplace.ch\/fr\/personliches-coaching\/","og_locale":"fr_FR","og_type":"article","og_title":"Pers\u00f6nliches Coaching: Nur f\u00fcr F\u00fchrungskr\u00e4fte? &#8226; newplace","og_description":"79% der Arbeitnehmenden w\u00fcnschen sich ein pers\u00f6nliches Coaching - aber nur 21% der befragten Arbeitnehmer erhalten von ihrem Arbeitgeber die Chance dazu.","og_url":"https:\/\/newplace.ch\/fr\/personliches-coaching\/","og_site_name":"newplace","article_published_time":"2019-08-21T00:19:51+00:00","article_modified_time":"2025-03-27T13:32:46+00:00","author":"jbruderer","twitter_card":"summary_large_image","schema":{"@context":"https:\/\/schema.org","@graph":[{"@type":"Article","@id":"https:\/\/newplace.ch\/personliches-coaching\/#article","isPartOf":{"@id":"https:\/\/newplace.ch\/personliches-coaching\/"},"author":{"name":"jbruderer","@id":"https:\/\/newplace.ch\/#\/schema\/person\/b1d19f9ebc3a2719ae885e294b3d79b1"},"headline":"Pers\u00f6nliches Coaching: Nur f\u00fcr F\u00fchrungskr\u00e4fte?","datePublished":"2019-08-21T00:19:51+00:00","dateModified":"2025-03-27T13:32:46+00:00","mainEntityOfPage":{"@id":"https:\/\/newplace.ch\/personliches-coaching\/"},"wordCount":200,"commentCount":0,"publisher":{"@id":"https:\/\/newplace.ch\/#organization"},"articleSection":["aus der HR-Welt"],"inLanguage":"fr-FR","potentialAction":[{"@type":"CommentAction","name":"Comment","target":["https:\/\/newplace.ch\/personliches-coaching\/#respond"]}]},{"@type":"WebPage","@id":"https:\/\/newplace.ch\/personliches-coaching\/","url":"https:\/\/newplace.ch\/personliches-coaching\/","name":"Pers\u00f6nliches Coaching: Nur f\u00fcr F\u00fchrungskr\u00e4fte? &#8226; newplace","isPartOf":{"@id":"https:\/\/newplace.ch\/#website"},"datePublished":"2019-08-21T00:19:51+00:00","dateModified":"2025-03-27T13:32:46+00:00","description":"79% der Arbeitnehmenden w\u00fcnschen sich ein pers\u00f6nliches Coaching - aber nur 21% der befragten Arbeitnehmer erhalten von ihrem Arbeitgeber die Chance dazu.","breadcrumb":{"@id":"https:\/\/newplace.ch\/personliches-coaching\/#breadcrumb"},"inLanguage":"fr-FR","potentialAction":[{"@type":"ReadAction","target":["https:\/\/newplace.ch\/personliches-coaching\/"]}]},{"@type":"BreadcrumbList","@id":"https:\/\/newplace.ch\/personliches-coaching\/#breadcrumb","itemListElement":[{"@type":"ListItem","position":1,"name":"Startseite","item":"https:\/\/newplace.ch\/"},{"@type":"ListItem","position":2,"name":"Pers\u00f6nliches Coaching: Nur f\u00fcr F\u00fchrungskr\u00e4fte?"}]},{"@type":"WebSite","@id":"https:\/\/newplace.ch\/#website","url":"https:\/\/newplace.ch\/","name":"newplace","description":"","publisher":{"@id":"https:\/\/newplace.ch\/#organization"},"potentialAction":[{"@type":"SearchAction","target":{"@type":"EntryPoint","urlTemplate":"https:\/\/newplace.ch\/?s={search_term_string}"},"query-input":{"@type":"PropertyValueSpecification","valueRequired":true,"valueName":"search_term_string"}}],"inLanguage":"fr-FR"},{"@type":"Organization","@id":"https:\/\/newplace.ch\/#organization","name":"newplace AG","url":"https:\/\/newplace.ch\/","logo":{"@type":"ImageObject","inLanguage":"fr-FR","@id":"https:\/\/newplace.ch\/#\/schema\/logo\/image\/","url":"https:\/\/newplace.ch\/wp-content\/uploads\/2025\/02\/newplace.svg","contentUrl":"https:\/\/newplace.ch\/wp-content\/uploads\/2025\/02\/newplace.svg","width":345,"height":120,"caption":"newplace AG"},"image":{"@id":"https:\/\/newplace.ch\/#\/schema\/logo\/image\/"},"sameAs":["https:\/\/www.linkedin.com\/company\/newplace-ag"]},{"@type":"Person","@id":"https:\/\/newplace.ch\/#\/schema\/person\/b1d19f9ebc3a2719ae885e294b3d79b1","name":"jbruderer","image":{"@type":"ImageObject","inLanguage":"fr-FR","@id":"https:\/\/secure.gravatar.com\/avatar\/61addef3524c8e13f4eb2f9a2a6ec498ec0bc0d04ee2405ef0b3aa5dc5ba493e?s=96&d=mm&r=g","url":"https:\/\/secure.gravatar.com\/avatar\/61addef3524c8e13f4eb2f9a2a6ec498ec0bc0d04ee2405ef0b3aa5dc5ba493e?s=96&d=mm&r=g","contentUrl":"https:\/\/secure.gravatar.com\/avatar\/61addef3524c8e13f4eb2f9a2a6ec498ec0bc0d04ee2405ef0b3aa5dc5ba493e?s=96&d=mm&r=g","caption":"jbruderer"}}]}},"_links":{"self":[{"href":"https:\/\/newplace.ch\/fr\/wp-json\/wp\/v2\/posts\/1864","targetHints":{"allow":["GET"]}}],"collection":[{"href":"https:\/\/newplace.ch\/fr\/wp-json\/wp\/v2\/posts"}],"about":[{"href":"https:\/\/newplace.ch\/fr\/wp-json\/wp\/v2\/types\/post"}],"author":[{"embeddable":true,"href":"https:\/\/newplace.ch\/fr\/wp-json\/wp\/v2\/users\/8"}],"replies":[{"embeddable":true,"href":"https:\/\/newplace.ch\/fr\/wp-json\/wp\/v2\/comments?post=1864"}],"version-history":[{"count":1,"href":"https:\/\/newplace.ch\/fr\/wp-json\/wp\/v2\/posts\/1864\/revisions"}],"predecessor-version":[{"id":5019,"href":"https:\/\/newplace.ch\/fr\/wp-json\/wp\/v2\/posts\/1864\/revisions\/5019"}],"wp:attachment":[{"href":"https:\/\/newplace.ch\/fr\/wp-json\/wp\/v2\/media?parent=1864"}],"wp:term":[{"taxonomy":"category","embeddable":true,"href":"https:\/\/newplace.ch\/fr\/wp-json\/wp\/v2\/categories?post=1864"},{"taxonomy":"post_tag","embeddable":true,"href":"https:\/\/newplace.ch\/fr\/wp-json\/wp\/v2\/tags?post=1864"}],"curies":[{"name":"wp","href":"https:\/\/api.w.org\/{rel}","templated":true}]}}