{"id":1860,"date":"2019-06-19T00:19:06","date_gmt":"2019-06-19T00:19:06","guid":{"rendered":"https:\/\/www.newplace.ch\/?p=1860"},"modified":"2025-03-27T13:32:46","modified_gmt":"2025-03-27T13:32:46","slug":"unternehmensfuehrung-kuenstliche-intelligenz","status":"publish","type":"post","link":"https:\/\/newplace.ch\/fr\/unternehmensfuehrung-kuenstliche-intelligenz\/","title":{"rendered":"Comment l'intelligence artificielle transforme la gestion d'entreprise"},"content":{"rendered":"<div class=\"vc_row wpb_row section vc_row-fluid vc_inner\">\n<div class=\"full_section_inner clearfix\">\n<div class=\"wpb_column vc_column_container vc_col-sm-12\">\n<div class=\"vc_column-inner\">\n<div class=\"wpb_wrapper\">\n<div class=\"wpb_text_column wpb_content_element  inside\">\n<div class=\"wpb_wrapper\">\n<h2>Qui utilise d\u00e9j\u00e0 l'IA dans l'entreprise et dans quel but ?<\/h2>\n<\/div>\n<\/div>\n<div class=\"wpb_text_column wpb_content_element\">\n<div class=\"wpb_wrapper\">\n<p>Les d\u00e9cideurs dans les entreprises sont d'avis que leurs t\u00e2ches et l'orientation strat\u00e9gique de l'entreprise seront fondamentalement modifi\u00e9es par l'utilisation de ce que l'on appelle l'intelligence artificielle (IA). C'est du moins ce qui ressort d'une enqu\u00eate men\u00e9e aupr\u00e8s de 1 150 cadres sup\u00e9rieurs de 13 pays.\u00a0<a href=\"https:\/\/news.microsoft.com\/de-de\/microsoft-studie-ki-leadership\/\" target=\"_blank\" rel=\"noreferrer noopener\">(\u00e9tude de Microsoft Allemagne)<\/a>.<\/p>\n<\/div>\n<\/div>\n<div class=\"vc_empty_space\"><\/div>\n<\/div>\n<\/div>\n<\/div>\n<\/div>\n<\/div>\n<div class=\"vc_row wpb_row section vc_row-fluid vc_inner\">\n<div class=\"full_section_inner clearfix\">\n<div class=\"wpb_column vc_column_container vc_col-sm-10\">\n<div class=\"vc_column-inner\">\n<div class=\"wpb_wrapper\">\n<div class=\"wpb_text_column wpb_content_element\">\n<div class=\"wpb_wrapper\">\n<p>Si l'on se r\u00e9f\u00e8re \u00e0 notre voisin allemand, l'intelligence artificielle est un sujet de pr\u00e9occupation majeur, surtout pour les entreprises \u00e0 forte croissance :<\/p>\n<\/div>\n<\/div>\n<div class=\"q_list circle bold animate_list\">\n<ul>\n<li>37,8 % des entreprises allemandes ayant connu une croissance \u00e0 deux chiffres utilisent d\u00e9j\u00e0 l'intelligence artificielle.<\/li>\n<li>En revanche, selon l'\u00e9tude, seules 17,1 % des entreprises \u00e0 la croissance plus lente utilisent l'intelligence artificielle dans leurs processus.<\/li>\n<\/ul>\n<\/div>\n<div class=\"vc_empty_space\"><\/div>\n<\/div>\n<\/div>\n<\/div>\n<div class=\"wpb_column vc_column_container vc_col-sm-2\">\n<div class=\"vc_column-inner\">\n<div class=\"wpb_wrapper\"><\/div>\n<\/div>\n<\/div>\n<\/div>\n<\/div>\n<div class=\"vc_row wpb_row section vc_row-fluid vc_inner\">\n<div class=\"full_section_inner clearfix\">\n<div class=\"wpb_column vc_column_container vc_col-sm-12\">\n<div class=\"vc_column-inner\">\n<div class=\"wpb_wrapper\">\n<div class=\"wpb_text_column wpb_content_element  inside\">\n<div class=\"wpb_wrapper\">\n<h2>Et comment l'intelligence artificielle modifie-t-elle la gestion d'entreprise ?<\/h2>\n<\/div>\n<\/div>\n<div class=\"wpb_text_column wpb_content_element\">\n<div class=\"wpb_wrapper\">\n<p>La majorit\u00e9 des cadres interrog\u00e9s (58,3 %) issus d'entreprises \u00e0 forte croissance pensent en outre que l'intelligence artificielle va changer la gestion de l'entreprise et des collaborateurs. Et surtout, la gestion des collaborateurs devrait devenir plus humaine. Cela peut signifier d'une part s'engager pour plus de motivation et d'inspiration chez leurs collaborateurs, gr\u00e2ce au temps gagn\u00e9 par l'intelligence artificielle. Et d'autre part, des th\u00e8mes tels que l'\u00a0<a href=\"https:\/\/newplace.ch\/fr\/arbeitgeberwahl\/\">\u00e9galit\u00e9 des genres et diversit\u00e9 culturelle<\/a>\u00a0jouent \u00e9galement un r\u00f4le important dans le monde du travail.<\/p>\n<p><em>(Source : humanresourcesmanager.de)<\/em><\/p>\n<\/div>\n<\/div>\n<\/div>\n<\/div>\n<\/div>\n<\/div>\n<\/div>","protected":false},"excerpt":{"rendered":"<p>Qui utilise d\u00e9j\u00e0 l'IA dans l'entreprise et dans quel but ? Et comment cela modifie-t-il les t\u00e2ches de gestion ?<\/p>","protected":false},"author":8,"featured_media":0,"comment_status":"open","ping_status":"open","sticky":false,"template":"","format":"standard","meta":{"_acf_changed":false,"footnotes":""},"categories":[10],"tags":[],"class_list":["post-1860","post","type-post","status-publish","format-standard","hentry","category-hr-welt"],"acf":[],"yoast_head":"<!-- This site is optimized with the Yoast SEO plugin v24.7 - https:\/\/yoast.com\/wordpress\/plugins\/seo\/ -->\n<title>Wie k\u00fcnstliche Intelligenz die Unternehmensf\u00fchrung ver\u00e4ndert &#8226; newplace<\/title>\n<meta name=\"description\" content=\"Wer setzt k\u00fcnstliche Intelligenz (KI) bereits im Unternehmen ein und wof\u00fcr? Und wie ver\u00e4ndert sich dadurch die Unternehmensf\u00fchrung? Mehr dazu bei newplace!\" \/>\n<meta name=\"robots\" content=\"index, follow, max-snippet:-1, max-image-preview:large, max-video-preview:-1\" \/>\n<link rel=\"canonical\" href=\"https:\/\/newplace.ch\/fr\/unternehmensfuehrung-kuenstliche-intelligenz\/\" \/>\n<meta property=\"og:locale\" content=\"fr_FR\" \/>\n<meta property=\"og:type\" content=\"article\" \/>\n<meta property=\"og:title\" content=\"Wie k\u00fcnstliche Intelligenz die Unternehmensf\u00fchrung ver\u00e4ndert &#8226; newplace\" \/>\n<meta property=\"og:description\" content=\"Wer setzt k\u00fcnstliche Intelligenz (KI) bereits im Unternehmen ein und wof\u00fcr? Und wie ver\u00e4ndert sich dadurch die Unternehmensf\u00fchrung? Mehr dazu bei newplace!\" \/>\n<meta property=\"og:url\" content=\"https:\/\/newplace.ch\/fr\/unternehmensfuehrung-kuenstliche-intelligenz\/\" \/>\n<meta property=\"og:site_name\" content=\"newplace\" \/>\n<meta property=\"article:published_time\" content=\"2019-06-19T00:19:06+00:00\" \/>\n<meta property=\"article:modified_time\" content=\"2025-03-27T13:32:46+00:00\" \/>\n<meta name=\"author\" content=\"jbruderer\" \/>\n<meta name=\"twitter:card\" content=\"summary_large_image\" \/>\n<script type=\"application\/ld+json\" class=\"yoast-schema-graph\">{\"@context\":\"https:\/\/schema.org\",\"@graph\":[{\"@type\":\"Article\",\"@id\":\"https:\/\/newplace.ch\/unternehmensfuehrung-kuenstliche-intelligenz\/#article\",\"isPartOf\":{\"@id\":\"https:\/\/newplace.ch\/unternehmensfuehrung-kuenstliche-intelligenz\/\"},\"author\":{\"name\":\"jbruderer\",\"@id\":\"https:\/\/newplace.ch\/#\/schema\/person\/b1d19f9ebc3a2719ae885e294b3d79b1\"},\"headline\":\"Wie k\u00fcnstliche Intelligenz die Unternehmensf\u00fchrung ver\u00e4ndert\",\"datePublished\":\"2019-06-19T00:19:06+00:00\",\"dateModified\":\"2025-03-27T13:32:46+00:00\",\"mainEntityOfPage\":{\"@id\":\"https:\/\/newplace.ch\/unternehmensfuehrung-kuenstliche-intelligenz\/\"},\"wordCount\":220,\"commentCount\":0,\"publisher\":{\"@id\":\"https:\/\/newplace.ch\/#organization\"},\"articleSection\":[\"aus der HR-Welt\"],\"inLanguage\":\"fr-FR\",\"potentialAction\":[{\"@type\":\"CommentAction\",\"name\":\"Comment\",\"target\":[\"https:\/\/newplace.ch\/unternehmensfuehrung-kuenstliche-intelligenz\/#respond\"]}]},{\"@type\":\"WebPage\",\"@id\":\"https:\/\/newplace.ch\/unternehmensfuehrung-kuenstliche-intelligenz\/\",\"url\":\"https:\/\/newplace.ch\/unternehmensfuehrung-kuenstliche-intelligenz\/\",\"name\":\"Wie k\u00fcnstliche Intelligenz die Unternehmensf\u00fchrung ver\u00e4ndert &#8226; newplace\",\"isPartOf\":{\"@id\":\"https:\/\/newplace.ch\/#website\"},\"datePublished\":\"2019-06-19T00:19:06+00:00\",\"dateModified\":\"2025-03-27T13:32:46+00:00\",\"description\":\"Wer setzt k\u00fcnstliche Intelligenz (KI) bereits im Unternehmen ein und wof\u00fcr? Und wie ver\u00e4ndert sich dadurch die Unternehmensf\u00fchrung? Mehr dazu bei newplace!\",\"breadcrumb\":{\"@id\":\"https:\/\/newplace.ch\/unternehmensfuehrung-kuenstliche-intelligenz\/#breadcrumb\"},\"inLanguage\":\"fr-FR\",\"potentialAction\":[{\"@type\":\"ReadAction\",\"target\":[\"https:\/\/newplace.ch\/unternehmensfuehrung-kuenstliche-intelligenz\/\"]}]},{\"@type\":\"BreadcrumbList\",\"@id\":\"https:\/\/newplace.ch\/unternehmensfuehrung-kuenstliche-intelligenz\/#breadcrumb\",\"itemListElement\":[{\"@type\":\"ListItem\",\"position\":1,\"name\":\"Startseite\",\"item\":\"https:\/\/newplace.ch\/\"},{\"@type\":\"ListItem\",\"position\":2,\"name\":\"Wie k\u00fcnstliche Intelligenz die Unternehmensf\u00fchrung ver\u00e4ndert\"}]},{\"@type\":\"WebSite\",\"@id\":\"https:\/\/newplace.ch\/#website\",\"url\":\"https:\/\/newplace.ch\/\",\"name\":\"newplace\",\"description\":\"\",\"publisher\":{\"@id\":\"https:\/\/newplace.ch\/#organization\"},\"potentialAction\":[{\"@type\":\"SearchAction\",\"target\":{\"@type\":\"EntryPoint\",\"urlTemplate\":\"https:\/\/newplace.ch\/?s={search_term_string}\"},\"query-input\":{\"@type\":\"PropertyValueSpecification\",\"valueRequired\":true,\"valueName\":\"search_term_string\"}}],\"inLanguage\":\"fr-FR\"},{\"@type\":\"Organization\",\"@id\":\"https:\/\/newplace.ch\/#organization\",\"name\":\"newplace AG\",\"url\":\"https:\/\/newplace.ch\/\",\"logo\":{\"@type\":\"ImageObject\",\"inLanguage\":\"fr-FR\",\"@id\":\"https:\/\/newplace.ch\/#\/schema\/logo\/image\/\",\"url\":\"https:\/\/newplace.ch\/wp-content\/uploads\/2025\/02\/newplace.svg\",\"contentUrl\":\"https:\/\/newplace.ch\/wp-content\/uploads\/2025\/02\/newplace.svg\",\"width\":345,\"height\":120,\"caption\":\"newplace AG\"},\"image\":{\"@id\":\"https:\/\/newplace.ch\/#\/schema\/logo\/image\/\"},\"sameAs\":[\"https:\/\/www.linkedin.com\/company\/newplace-ag\"]},{\"@type\":\"Person\",\"@id\":\"https:\/\/newplace.ch\/#\/schema\/person\/b1d19f9ebc3a2719ae885e294b3d79b1\",\"name\":\"jbruderer\",\"image\":{\"@type\":\"ImageObject\",\"inLanguage\":\"fr-FR\",\"@id\":\"https:\/\/newplace.ch\/#\/schema\/person\/image\/\",\"url\":\"https:\/\/secure.gravatar.com\/avatar\/61addef3524c8e13f4eb2f9a2a6ec498ec0bc0d04ee2405ef0b3aa5dc5ba493e?s=96&d=mm&r=g\",\"contentUrl\":\"https:\/\/secure.gravatar.com\/avatar\/61addef3524c8e13f4eb2f9a2a6ec498ec0bc0d04ee2405ef0b3aa5dc5ba493e?s=96&d=mm&r=g\",\"caption\":\"jbruderer\"}}]}<\/script>\n<!-- \/ Yoast SEO plugin. -->","yoast_head_json":{"title":"Wie k\u00fcnstliche Intelligenz die Unternehmensf\u00fchrung ver\u00e4ndert &#8226; newplace","description":"Wer setzt k\u00fcnstliche Intelligenz (KI) bereits im Unternehmen ein und wof\u00fcr? Und wie ver\u00e4ndert sich dadurch die Unternehmensf\u00fchrung? Mehr dazu bei newplace!","robots":{"index":"index","follow":"follow","max-snippet":"max-snippet:-1","max-image-preview":"max-image-preview:large","max-video-preview":"max-video-preview:-1"},"canonical":"https:\/\/newplace.ch\/fr\/unternehmensfuehrung-kuenstliche-intelligenz\/","og_locale":"fr_FR","og_type":"article","og_title":"Wie k\u00fcnstliche Intelligenz die Unternehmensf\u00fchrung ver\u00e4ndert &#8226; newplace","og_description":"Wer setzt k\u00fcnstliche Intelligenz (KI) bereits im Unternehmen ein und wof\u00fcr? Und wie ver\u00e4ndert sich dadurch die Unternehmensf\u00fchrung? Mehr dazu bei newplace!","og_url":"https:\/\/newplace.ch\/fr\/unternehmensfuehrung-kuenstliche-intelligenz\/","og_site_name":"newplace","article_published_time":"2019-06-19T00:19:06+00:00","article_modified_time":"2025-03-27T13:32:46+00:00","author":"jbruderer","twitter_card":"summary_large_image","schema":{"@context":"https:\/\/schema.org","@graph":[{"@type":"Article","@id":"https:\/\/newplace.ch\/unternehmensfuehrung-kuenstliche-intelligenz\/#article","isPartOf":{"@id":"https:\/\/newplace.ch\/unternehmensfuehrung-kuenstliche-intelligenz\/"},"author":{"name":"jbruderer","@id":"https:\/\/newplace.ch\/#\/schema\/person\/b1d19f9ebc3a2719ae885e294b3d79b1"},"headline":"Wie k\u00fcnstliche Intelligenz die Unternehmensf\u00fchrung ver\u00e4ndert","datePublished":"2019-06-19T00:19:06+00:00","dateModified":"2025-03-27T13:32:46+00:00","mainEntityOfPage":{"@id":"https:\/\/newplace.ch\/unternehmensfuehrung-kuenstliche-intelligenz\/"},"wordCount":220,"commentCount":0,"publisher":{"@id":"https:\/\/newplace.ch\/#organization"},"articleSection":["aus der HR-Welt"],"inLanguage":"fr-FR","potentialAction":[{"@type":"CommentAction","name":"Comment","target":["https:\/\/newplace.ch\/unternehmensfuehrung-kuenstliche-intelligenz\/#respond"]}]},{"@type":"WebPage","@id":"https:\/\/newplace.ch\/unternehmensfuehrung-kuenstliche-intelligenz\/","url":"https:\/\/newplace.ch\/unternehmensfuehrung-kuenstliche-intelligenz\/","name":"Wie k\u00fcnstliche Intelligenz die Unternehmensf\u00fchrung ver\u00e4ndert &#8226; newplace","isPartOf":{"@id":"https:\/\/newplace.ch\/#website"},"datePublished":"2019-06-19T00:19:06+00:00","dateModified":"2025-03-27T13:32:46+00:00","description":"Wer setzt k\u00fcnstliche Intelligenz (KI) bereits im Unternehmen ein und wof\u00fcr? Und wie ver\u00e4ndert sich dadurch die Unternehmensf\u00fchrung? Mehr dazu bei newplace!","breadcrumb":{"@id":"https:\/\/newplace.ch\/unternehmensfuehrung-kuenstliche-intelligenz\/#breadcrumb"},"inLanguage":"fr-FR","potentialAction":[{"@type":"ReadAction","target":["https:\/\/newplace.ch\/unternehmensfuehrung-kuenstliche-intelligenz\/"]}]},{"@type":"BreadcrumbList","@id":"https:\/\/newplace.ch\/unternehmensfuehrung-kuenstliche-intelligenz\/#breadcrumb","itemListElement":[{"@type":"ListItem","position":1,"name":"Startseite","item":"https:\/\/newplace.ch\/"},{"@type":"ListItem","position":2,"name":"Wie k\u00fcnstliche Intelligenz die Unternehmensf\u00fchrung ver\u00e4ndert"}]},{"@type":"WebSite","@id":"https:\/\/newplace.ch\/#website","url":"https:\/\/newplace.ch\/","name":"newplace","description":"","publisher":{"@id":"https:\/\/newplace.ch\/#organization"},"potentialAction":[{"@type":"SearchAction","target":{"@type":"EntryPoint","urlTemplate":"https:\/\/newplace.ch\/?s={search_term_string}"},"query-input":{"@type":"PropertyValueSpecification","valueRequired":true,"valueName":"search_term_string"}}],"inLanguage":"fr-FR"},{"@type":"Organization","@id":"https:\/\/newplace.ch\/#organization","name":"newplace AG","url":"https:\/\/newplace.ch\/","logo":{"@type":"ImageObject","inLanguage":"fr-FR","@id":"https:\/\/newplace.ch\/#\/schema\/logo\/image\/","url":"https:\/\/newplace.ch\/wp-content\/uploads\/2025\/02\/newplace.svg","contentUrl":"https:\/\/newplace.ch\/wp-content\/uploads\/2025\/02\/newplace.svg","width":345,"height":120,"caption":"newplace AG"},"image":{"@id":"https:\/\/newplace.ch\/#\/schema\/logo\/image\/"},"sameAs":["https:\/\/www.linkedin.com\/company\/newplace-ag"]},{"@type":"Person","@id":"https:\/\/newplace.ch\/#\/schema\/person\/b1d19f9ebc3a2719ae885e294b3d79b1","name":"jbruderer","image":{"@type":"ImageObject","inLanguage":"fr-FR","@id":"https:\/\/newplace.ch\/#\/schema\/person\/image\/","url":"https:\/\/secure.gravatar.com\/avatar\/61addef3524c8e13f4eb2f9a2a6ec498ec0bc0d04ee2405ef0b3aa5dc5ba493e?s=96&d=mm&r=g","contentUrl":"https:\/\/secure.gravatar.com\/avatar\/61addef3524c8e13f4eb2f9a2a6ec498ec0bc0d04ee2405ef0b3aa5dc5ba493e?s=96&d=mm&r=g","caption":"jbruderer"}}]}},"_links":{"self":[{"href":"https:\/\/newplace.ch\/fr\/wp-json\/wp\/v2\/posts\/1860","targetHints":{"allow":["GET"]}}],"collection":[{"href":"https:\/\/newplace.ch\/fr\/wp-json\/wp\/v2\/posts"}],"about":[{"href":"https:\/\/newplace.ch\/fr\/wp-json\/wp\/v2\/types\/post"}],"author":[{"embeddable":true,"href":"https:\/\/newplace.ch\/fr\/wp-json\/wp\/v2\/users\/8"}],"replies":[{"embeddable":true,"href":"https:\/\/newplace.ch\/fr\/wp-json\/wp\/v2\/comments?post=1860"}],"version-history":[{"count":1,"href":"https:\/\/newplace.ch\/fr\/wp-json\/wp\/v2\/posts\/1860\/revisions"}],"predecessor-version":[{"id":5023,"href":"https:\/\/newplace.ch\/fr\/wp-json\/wp\/v2\/posts\/1860\/revisions\/5023"}],"wp:attachment":[{"href":"https:\/\/newplace.ch\/fr\/wp-json\/wp\/v2\/media?parent=1860"}],"wp:term":[{"taxonomy":"category","embeddable":true,"href":"https:\/\/newplace.ch\/fr\/wp-json\/wp\/v2\/categories?post=1860"},{"taxonomy":"post_tag","embeddable":true,"href":"https:\/\/newplace.ch\/fr\/wp-json\/wp\/v2\/tags?post=1860"}],"curies":[{"name":"wp","href":"https:\/\/api.w.org\/{rel}","templated":true}]}}