{"id":3629,"date":"2023-10-03T06:08:15","date_gmt":"2023-10-03T06:08:15","guid":{"rendered":"https:\/\/www.newplace.ch\/?p=3629"},"modified":"2025-03-27T13:19:11","modified_gmt":"2025-03-27T13:19:11","slug":"massentlassungen-treten-vermehrt-auf","status":"publish","type":"post","link":"https:\/\/newplace.ch\/en\/massentlassungen-treten-vermehrt-auf\/","title":{"rendered":"Mass redundancies - they are on the increase again."},"content":{"rendered":"<div class=\"wpb_text_column wpb_content_element\">\n<div class=\"wpb_wrapper\">\n<p class=\"p1\">We are currently experiencing an increasing number of large-scale job cuts in various sectors, also known colloquially as mass redundancies. We are aware that redundancy processes are extremely difficult, especially when many employees are affected at the same time.<\/p>\n<\/div>\n<\/div>\n<div class=\"vc_empty_space\"><\/div>\n<div class=\"wpb_text_column wpb_content_element\">\n<div class=\"wpb_wrapper\">\n<p class=\"p1\">It is of immense value to make this process as respectful and fair as possible. The focus here is on people, and it is crucial to also keep the various interest groups in mind.<\/p>\n<\/div>\n<\/div>\n<div class=\"vc_empty_space\"><\/div>\n<div class=\"wpb_text_column wpb_content_element\">\n<div class=\"wpb_wrapper\">\n<p class=\"p1\"><b>Which interest groups are primarily meant here?<\/b><\/p>\n<p class=\"p1\">Of course, the employees directly affected, the HR department, the managers involved and not forgetting the remaining employees (survivors). The latter are often overlooked in separation processes, even though they form the foundation for the future performance and (further) development of a company. It is therefore essential to take their needs into account.<\/p>\n<\/div>\n<\/div>\n<div class=\"vc_empty_space\"><\/div>\n<div class=\"wpb_text_column wpb_content_element\">\n<div class=\"wpb_wrapper\">\n<p class=\"p1\">It is a challenge to meet the needs of all those affected equally. This is precisely where the\u00a0<a href=\"https:\/\/tdc7fce4b.emailsys1a.net\/c\/53\/6969515\/7395\/0\/12160566\/970\/380795\/0c924fff96.html\"><span class=\"s1\">newplace AG<\/span><\/a>\u00a0to. We are experts in extensive downsizing processes and offer our clients comprehensive support through all phases of this complex process:<\/p>\n<\/div>\n<\/div>\n<div class=\"vc_empty_space\"><\/div>\n<div class=\"wpb_text_column wpb_content_element\">\n<div class=\"wpb_wrapper\">\n<p class=\"p1\"><b>Planning:\u00a0<\/b>We support you right from the crucial planning phase, including the preparation of social plans.<\/p>\n<p class=\"p1\"><b>Implementation:\u00a0<\/b>During the termination phase, we support all those affected in order to make the transition as smooth as possible.<\/p>\n<p class=\"p1\"><b>Stabilization:<\/b>\u00a0We offer active support and guidance to employees in their professional reorientation (e.g. with\u00a0<a href=\"https:\/\/tdc7fce4b.emailsys1a.net\/c\/53\/6969515\/7395\/0\/12160566\/970\/380818\/5042454422.html\"><span class=\"s1\">Outplacements<\/span><\/a>). This also includes supporting managers, the HR team and survivors, if necessary.<\/p>\n<\/div>\n<\/div>\n<div class=\"vc_empty_space\"><\/div>\n<div class=\"wpb_text_column wpb_content_element\">\n<div class=\"wpb_wrapper\">\n<p>Do you need support in preparing for a separation process?<\/p>\n<p>newplace is happy to support you personally!<\/p>\n<\/div>\n<\/div>\n<div class=\"vc_empty_space\"><\/div>\n<div class=\"vc_empty_space\"><\/div>\n<div class=\"vc_empty_space\"><\/div>\n<div class=\"wpb_text_column wpb_content_element\">\n<div class=\"wpb_wrapper\">\n<p><strong>This might also interest you:<\/strong><\/p>\n<ul>\n<li><a href=\"https:\/\/newplace.ch\/en\/loopings\/\">Loopings networks around the topic of working with 45+<\/a><\/li>\n<li><a href=\"https:\/\/newplace.ch\/en\/survivors-reorganisation\/\">\"Survivors\" are often lost during reorganization measures<\/a><\/li>\n<li><a href=\"https:\/\/newplace.ch\/en\/gruende-outplacement-arbeitnehmer\/\">Outplacement as added value for employees<\/a><\/li>\n<\/ul>\n<\/div>\n<\/div>","protected":false},"excerpt":{"rendered":"<p>We are currently experiencing an increasing number of large-scale job cuts in various sectors, also known colloquially as mass redundancies. We are aware that redundancy processes are extremely difficult, especially when many employees are affected at the same time.<\/p>","protected":false},"author":3,"featured_media":0,"comment_status":"open","ping_status":"open","sticky":false,"template":"","format":"standard","meta":{"_acf_changed":false,"footnotes":""},"categories":[10,11],"tags":[],"class_list":["post-3629","post","type-post","status-publish","format-standard","hentry","category-hr-welt","category-newplace"],"acf":[],"yoast_head":"<!-- This site is optimized with the Yoast SEO plugin v27.5 - https:\/\/yoast.com\/product\/yoast-seo-wordpress\/ -->\n<title>Standortbestimmung und ihr Wert f\u00fcr die eigene Entwicklung<\/title>\n<meta name=\"description\" content=\"Standortbestimmungen und ihr Wert f\u00fcr die pers\u00f6nliche und berufliche Entwicklung - unabh\u00e4ngig vom Alter\" \/>\n<meta name=\"robots\" content=\"index, follow, max-snippet:-1, max-image-preview:large, max-video-preview:-1\" \/>\n<link rel=\"canonical\" href=\"https:\/\/newplace.ch\/en\/massentlassungen-treten-vermehrt-auf\/\" \/>\n<meta property=\"og:locale\" content=\"en_US\" \/>\n<meta property=\"og:type\" content=\"article\" \/>\n<meta property=\"og:title\" content=\"Standortbestimmung und ihr Wert f\u00fcr die eigene Entwicklung\" \/>\n<meta property=\"og:description\" content=\"Standortbestimmungen und ihr Wert f\u00fcr die pers\u00f6nliche und berufliche Entwicklung - unabh\u00e4ngig vom Alter\" \/>\n<meta property=\"og:url\" content=\"https:\/\/newplace.ch\/en\/massentlassungen-treten-vermehrt-auf\/\" \/>\n<meta property=\"og:site_name\" content=\"newplace\" \/>\n<meta property=\"article:published_time\" content=\"2023-10-03T06:08:15+00:00\" \/>\n<meta property=\"article:modified_time\" content=\"2025-03-27T13:19:11+00:00\" \/>\n<meta name=\"author\" content=\"Eve Kaiser\" \/>\n<meta name=\"twitter:card\" content=\"summary_large_image\" \/>\n<script type=\"application\/ld+json\" class=\"yoast-schema-graph\">{\"@context\":\"https:\\\/\\\/schema.org\",\"@graph\":[{\"@type\":\"Article\",\"@id\":\"https:\\\/\\\/newplace.ch\\\/massentlassungen-treten-vermehrt-auf\\\/#article\",\"isPartOf\":{\"@id\":\"https:\\\/\\\/newplace.ch\\\/massentlassungen-treten-vermehrt-auf\\\/\"},\"author\":{\"name\":\"Eve Kaiser\",\"@id\":\"https:\\\/\\\/newplace.ch\\\/#\\\/schema\\\/person\\\/4fb9d1c27d6b96b5b88d45e150fa59aa\"},\"headline\":\"Massenentlassungen &#8211; sie treten wieder vermehrt auf.\",\"datePublished\":\"2023-10-03T06:08:15+00:00\",\"dateModified\":\"2025-03-27T13:19:11+00:00\",\"mainEntityOfPage\":{\"@id\":\"https:\\\/\\\/newplace.ch\\\/massentlassungen-treten-vermehrt-auf\\\/\"},\"wordCount\":297,\"commentCount\":0,\"publisher\":{\"@id\":\"https:\\\/\\\/newplace.ch\\\/#organization\"},\"articleSection\":[\"aus der HR-Welt\",\"von newplace\"],\"inLanguage\":\"en-US\",\"potentialAction\":[{\"@type\":\"CommentAction\",\"name\":\"Comment\",\"target\":[\"https:\\\/\\\/newplace.ch\\\/massentlassungen-treten-vermehrt-auf\\\/#respond\"]}]},{\"@type\":\"WebPage\",\"@id\":\"https:\\\/\\\/newplace.ch\\\/massentlassungen-treten-vermehrt-auf\\\/\",\"url\":\"https:\\\/\\\/newplace.ch\\\/massentlassungen-treten-vermehrt-auf\\\/\",\"name\":\"Standortbestimmung und ihr Wert f\u00fcr die eigene Entwicklung\",\"isPartOf\":{\"@id\":\"https:\\\/\\\/newplace.ch\\\/#website\"},\"datePublished\":\"2023-10-03T06:08:15+00:00\",\"dateModified\":\"2025-03-27T13:19:11+00:00\",\"description\":\"Standortbestimmungen und ihr Wert f\u00fcr die pers\u00f6nliche und berufliche Entwicklung - unabh\u00e4ngig vom Alter\",\"breadcrumb\":{\"@id\":\"https:\\\/\\\/newplace.ch\\\/massentlassungen-treten-vermehrt-auf\\\/#breadcrumb\"},\"inLanguage\":\"en-US\",\"potentialAction\":[{\"@type\":\"ReadAction\",\"target\":[\"https:\\\/\\\/newplace.ch\\\/massentlassungen-treten-vermehrt-auf\\\/\"]}]},{\"@type\":\"BreadcrumbList\",\"@id\":\"https:\\\/\\\/newplace.ch\\\/massentlassungen-treten-vermehrt-auf\\\/#breadcrumb\",\"itemListElement\":[{\"@type\":\"ListItem\",\"position\":1,\"name\":\"Startseite\",\"item\":\"https:\\\/\\\/newplace.ch\\\/\"},{\"@type\":\"ListItem\",\"position\":2,\"name\":\"Massenentlassungen &#8211; sie treten wieder vermehrt auf.\"}]},{\"@type\":\"WebSite\",\"@id\":\"https:\\\/\\\/newplace.ch\\\/#website\",\"url\":\"https:\\\/\\\/newplace.ch\\\/\",\"name\":\"newplace\",\"description\":\"\",\"publisher\":{\"@id\":\"https:\\\/\\\/newplace.ch\\\/#organization\"},\"potentialAction\":[{\"@type\":\"SearchAction\",\"target\":{\"@type\":\"EntryPoint\",\"urlTemplate\":\"https:\\\/\\\/newplace.ch\\\/?s={search_term_string}\"},\"query-input\":{\"@type\":\"PropertyValueSpecification\",\"valueRequired\":true,\"valueName\":\"search_term_string\"}}],\"inLanguage\":\"en-US\"},{\"@type\":\"Organization\",\"@id\":\"https:\\\/\\\/newplace.ch\\\/#organization\",\"name\":\"newplace AG\",\"url\":\"https:\\\/\\\/newplace.ch\\\/\",\"logo\":{\"@type\":\"ImageObject\",\"inLanguage\":\"en-US\",\"@id\":\"https:\\\/\\\/newplace.ch\\\/#\\\/schema\\\/logo\\\/image\\\/\",\"url\":\"https:\\\/\\\/newplace.ch\\\/wp-content\\\/uploads\\\/2025\\\/02\\\/newplace.svg\",\"contentUrl\":\"https:\\\/\\\/newplace.ch\\\/wp-content\\\/uploads\\\/2025\\\/02\\\/newplace.svg\",\"width\":345,\"height\":120,\"caption\":\"newplace AG\"},\"image\":{\"@id\":\"https:\\\/\\\/newplace.ch\\\/#\\\/schema\\\/logo\\\/image\\\/\"},\"sameAs\":[\"https:\\\/\\\/www.linkedin.com\\\/company\\\/newplace-ag\"]},{\"@type\":\"Person\",\"@id\":\"https:\\\/\\\/newplace.ch\\\/#\\\/schema\\\/person\\\/4fb9d1c27d6b96b5b88d45e150fa59aa\",\"name\":\"Eve Kaiser\",\"image\":{\"@type\":\"ImageObject\",\"inLanguage\":\"en-US\",\"@id\":\"https:\\\/\\\/secure.gravatar.com\\\/avatar\\\/7c2d6d328de78931d92c8d6e08d766db4ba97f53879eaba54c71747faeed578d?s=96&d=mm&r=g\",\"url\":\"https:\\\/\\\/secure.gravatar.com\\\/avatar\\\/7c2d6d328de78931d92c8d6e08d766db4ba97f53879eaba54c71747faeed578d?s=96&d=mm&r=g\",\"contentUrl\":\"https:\\\/\\\/secure.gravatar.com\\\/avatar\\\/7c2d6d328de78931d92c8d6e08d766db4ba97f53879eaba54c71747faeed578d?s=96&d=mm&r=g\",\"caption\":\"Eve Kaiser\"}}]}<\/script>\n<!-- \/ Yoast SEO plugin. -->","yoast_head_json":{"title":"Standortbestimmung und ihr Wert f\u00fcr die eigene Entwicklung","description":"Standortbestimmungen und ihr Wert f\u00fcr die pers\u00f6nliche und berufliche Entwicklung - unabh\u00e4ngig vom Alter","robots":{"index":"index","follow":"follow","max-snippet":"max-snippet:-1","max-image-preview":"max-image-preview:large","max-video-preview":"max-video-preview:-1"},"canonical":"https:\/\/newplace.ch\/en\/massentlassungen-treten-vermehrt-auf\/","og_locale":"en_US","og_type":"article","og_title":"Standortbestimmung und ihr Wert f\u00fcr die eigene Entwicklung","og_description":"Standortbestimmungen und ihr Wert f\u00fcr die pers\u00f6nliche und berufliche Entwicklung - unabh\u00e4ngig vom Alter","og_url":"https:\/\/newplace.ch\/en\/massentlassungen-treten-vermehrt-auf\/","og_site_name":"newplace","article_published_time":"2023-10-03T06:08:15+00:00","article_modified_time":"2025-03-27T13:19:11+00:00","author":"Eve Kaiser","twitter_card":"summary_large_image","schema":{"@context":"https:\/\/schema.org","@graph":[{"@type":"Article","@id":"https:\/\/newplace.ch\/massentlassungen-treten-vermehrt-auf\/#article","isPartOf":{"@id":"https:\/\/newplace.ch\/massentlassungen-treten-vermehrt-auf\/"},"author":{"name":"Eve Kaiser","@id":"https:\/\/newplace.ch\/#\/schema\/person\/4fb9d1c27d6b96b5b88d45e150fa59aa"},"headline":"Massenentlassungen &#8211; sie treten wieder vermehrt auf.","datePublished":"2023-10-03T06:08:15+00:00","dateModified":"2025-03-27T13:19:11+00:00","mainEntityOfPage":{"@id":"https:\/\/newplace.ch\/massentlassungen-treten-vermehrt-auf\/"},"wordCount":297,"commentCount":0,"publisher":{"@id":"https:\/\/newplace.ch\/#organization"},"articleSection":["aus der HR-Welt","von newplace"],"inLanguage":"en-US","potentialAction":[{"@type":"CommentAction","name":"Comment","target":["https:\/\/newplace.ch\/massentlassungen-treten-vermehrt-auf\/#respond"]}]},{"@type":"WebPage","@id":"https:\/\/newplace.ch\/massentlassungen-treten-vermehrt-auf\/","url":"https:\/\/newplace.ch\/massentlassungen-treten-vermehrt-auf\/","name":"Standortbestimmung und ihr Wert f\u00fcr die eigene Entwicklung","isPartOf":{"@id":"https:\/\/newplace.ch\/#website"},"datePublished":"2023-10-03T06:08:15+00:00","dateModified":"2025-03-27T13:19:11+00:00","description":"Standortbestimmungen und ihr Wert f\u00fcr die pers\u00f6nliche und berufliche Entwicklung - unabh\u00e4ngig vom Alter","breadcrumb":{"@id":"https:\/\/newplace.ch\/massentlassungen-treten-vermehrt-auf\/#breadcrumb"},"inLanguage":"en-US","potentialAction":[{"@type":"ReadAction","target":["https:\/\/newplace.ch\/massentlassungen-treten-vermehrt-auf\/"]}]},{"@type":"BreadcrumbList","@id":"https:\/\/newplace.ch\/massentlassungen-treten-vermehrt-auf\/#breadcrumb","itemListElement":[{"@type":"ListItem","position":1,"name":"Startseite","item":"https:\/\/newplace.ch\/"},{"@type":"ListItem","position":2,"name":"Massenentlassungen &#8211; sie treten wieder vermehrt auf."}]},{"@type":"WebSite","@id":"https:\/\/newplace.ch\/#website","url":"https:\/\/newplace.ch\/","name":"newplace","description":"","publisher":{"@id":"https:\/\/newplace.ch\/#organization"},"potentialAction":[{"@type":"SearchAction","target":{"@type":"EntryPoint","urlTemplate":"https:\/\/newplace.ch\/?s={search_term_string}"},"query-input":{"@type":"PropertyValueSpecification","valueRequired":true,"valueName":"search_term_string"}}],"inLanguage":"en-US"},{"@type":"Organization","@id":"https:\/\/newplace.ch\/#organization","name":"newplace AG","url":"https:\/\/newplace.ch\/","logo":{"@type":"ImageObject","inLanguage":"en-US","@id":"https:\/\/newplace.ch\/#\/schema\/logo\/image\/","url":"https:\/\/newplace.ch\/wp-content\/uploads\/2025\/02\/newplace.svg","contentUrl":"https:\/\/newplace.ch\/wp-content\/uploads\/2025\/02\/newplace.svg","width":345,"height":120,"caption":"newplace AG"},"image":{"@id":"https:\/\/newplace.ch\/#\/schema\/logo\/image\/"},"sameAs":["https:\/\/www.linkedin.com\/company\/newplace-ag"]},{"@type":"Person","@id":"https:\/\/newplace.ch\/#\/schema\/person\/4fb9d1c27d6b96b5b88d45e150fa59aa","name":"Eve Kaiser","image":{"@type":"ImageObject","inLanguage":"en-US","@id":"https:\/\/secure.gravatar.com\/avatar\/7c2d6d328de78931d92c8d6e08d766db4ba97f53879eaba54c71747faeed578d?s=96&d=mm&r=g","url":"https:\/\/secure.gravatar.com\/avatar\/7c2d6d328de78931d92c8d6e08d766db4ba97f53879eaba54c71747faeed578d?s=96&d=mm&r=g","contentUrl":"https:\/\/secure.gravatar.com\/avatar\/7c2d6d328de78931d92c8d6e08d766db4ba97f53879eaba54c71747faeed578d?s=96&d=mm&r=g","caption":"Eve Kaiser"}}]}},"_links":{"self":[{"href":"https:\/\/newplace.ch\/en\/wp-json\/wp\/v2\/posts\/3629","targetHints":{"allow":["GET"]}}],"collection":[{"href":"https:\/\/newplace.ch\/en\/wp-json\/wp\/v2\/posts"}],"about":[{"href":"https:\/\/newplace.ch\/en\/wp-json\/wp\/v2\/types\/post"}],"author":[{"embeddable":true,"href":"https:\/\/newplace.ch\/en\/wp-json\/wp\/v2\/users\/3"}],"replies":[{"embeddable":true,"href":"https:\/\/newplace.ch\/en\/wp-json\/wp\/v2\/comments?post=3629"}],"version-history":[{"count":1,"href":"https:\/\/newplace.ch\/en\/wp-json\/wp\/v2\/posts\/3629\/revisions"}],"predecessor-version":[{"id":4980,"href":"https:\/\/newplace.ch\/en\/wp-json\/wp\/v2\/posts\/3629\/revisions\/4980"}],"wp:attachment":[{"href":"https:\/\/newplace.ch\/en\/wp-json\/wp\/v2\/media?parent=3629"}],"wp:term":[{"taxonomy":"category","embeddable":true,"href":"https:\/\/newplace.ch\/en\/wp-json\/wp\/v2\/categories?post=3629"},{"taxonomy":"post_tag","embeddable":true,"href":"https:\/\/newplace.ch\/en\/wp-json\/wp\/v2\/tags?post=3629"}],"curies":[{"name":"wp","href":"https:\/\/api.w.org\/{rel}","templated":true}]}}