{"id":3606,"date":"2023-08-09T08:41:26","date_gmt":"2023-08-09T08:41:26","guid":{"rendered":"https:\/\/www.newplace.ch\/?p=3606"},"modified":"2025-03-27T13:19:22","modified_gmt":"2025-03-27T13:19:22","slug":"fairer-trennungsprozess-moeglich","status":"publish","type":"post","link":"https:\/\/newplace.ch\/en\/fairer-trennungsprozess-moeglich\/","title":{"rendered":"A fair separation process - is that really possible?"},"content":{"rendered":"<div class=\"wpb_text_column wpb_content_element\">\n<div class=\"wpb_wrapper\">\n<p>The core of a fair separation process is the termination meeting - which makes it all the more important to prepare it professionally and well.<\/p>\n<\/div>\n<\/div>\n<div class=\"vc_empty_space\"><\/div>\n<div class=\"wpb_text_column wpb_content_element\">\n<div class=\"wpb_wrapper\">\n<p>Thorough preparation will make it easier for you to conduct the separation interview both properly and fairly. It helps you to deal with your own feelings and the employee's possible reactions and minimizes the possibility of a legal dispute.<\/p>\n<\/div>\n<\/div>\n<div class=\"vc_empty_space\"><\/div>\n<div class=\"wpb_text_column wpb_content_element\">\n<div class=\"wpb_wrapper\">\n<p>However, the preparation does not only include content-related points, but also questions such as<\/p>\n<\/div>\n<\/div>\n<div class=\"vc_empty_space\"><\/div>\n<div class=\"wpb_text_column wpb_content_element\">\n<div class=\"wpb_wrapper\">\n<p>Who conducts the termination interview?<\/p>\n<p>When, where and in what time frame does it take place?<\/p>\n<p>How might the person concerned react? How do you react?<\/p>\n<p>Is the termination legally correct?<\/p>\n<p>What will the company's finances look like if the person is made redundant?<\/p>\n<\/div>\n<\/div>\n<div class=\"vc_empty_space\"><\/div>\n<div class=\"wpb_text_column wpb_content_element\">\n<div class=\"wpb_wrapper\">\n<p>The various aspects of preparing for a termination meeting show that a termination should not come as a surprise.<\/p>\n<\/div>\n<\/div>\n<div class=\"vc_empty_space\"><\/div>\n<div class=\"wpb_text_column wpb_content_element\">\n<div class=\"wpb_wrapper\">\n<p>Do you need support in preparing for a separation process?<\/p>\n<p>newplace is happy to support you personally!<\/p>\n<\/div>\n<\/div>\n<div class=\"vc_empty_space\"><\/div>\n<div class=\"vc_empty_space\"><\/div>\n<div class=\"vc_empty_space\"><\/div>\n<div class=\"wpb_text_column wpb_content_element\">\n<div class=\"wpb_wrapper\">\n<p><strong>This might also interest you:<\/strong><\/p>\n<ul>\n<li><a href=\"https:\/\/newplace.ch\/en\/loopings\/\">Loopings networks around the topic of working with 45+<\/a><\/li>\n<li><a href=\"https:\/\/newplace.ch\/en\/survivors-reorganisation\/\">\"Survivors\" are often lost during reorganization measures<\/a><\/li>\n<li><a href=\"https:\/\/newplace.ch\/en\/gruende-outplacement-arbeitnehmer\/\">Outplacement as added value for employees<\/a><\/li>\n<\/ul>\n<\/div>\n<\/div>","protected":false},"excerpt":{"rendered":"<p>Separations are no easy task - but how can they be handled fairly? We'll show you in this article!<\/p>","protected":false},"author":3,"featured_media":0,"comment_status":"open","ping_status":"open","sticky":false,"template":"","format":"standard","meta":{"_acf_changed":false,"footnotes":""},"categories":[10,11],"tags":[],"class_list":["post-3606","post","type-post","status-publish","format-standard","hentry","category-hr-welt","category-newplace"],"acf":[],"yoast_head":"<!-- This site is optimized with the Yoast SEO plugin v27.5 - https:\/\/yoast.com\/product\/yoast-seo-wordpress\/ -->\n<title>Standortbestimmung und ihr Wert f\u00fcr die eigene Entwicklung<\/title>\n<meta name=\"description\" content=\"Standortbestimmungen und ihr Wert f\u00fcr die pers\u00f6nliche und berufliche Entwicklung - unabh\u00e4ngig vom Alter\" \/>\n<meta name=\"robots\" content=\"index, follow, max-snippet:-1, max-image-preview:large, max-video-preview:-1\" \/>\n<link rel=\"canonical\" href=\"https:\/\/newplace.ch\/en\/fairer-trennungsprozess-moeglich\/\" \/>\n<meta property=\"og:locale\" content=\"en_US\" \/>\n<meta property=\"og:type\" content=\"article\" \/>\n<meta property=\"og:title\" content=\"Standortbestimmung und ihr Wert f\u00fcr die eigene Entwicklung\" \/>\n<meta property=\"og:description\" content=\"Standortbestimmungen und ihr Wert f\u00fcr die pers\u00f6nliche und berufliche Entwicklung - unabh\u00e4ngig vom Alter\" \/>\n<meta property=\"og:url\" content=\"https:\/\/newplace.ch\/en\/fairer-trennungsprozess-moeglich\/\" \/>\n<meta property=\"og:site_name\" content=\"newplace\" \/>\n<meta property=\"article:published_time\" content=\"2023-08-09T08:41:26+00:00\" \/>\n<meta property=\"article:modified_time\" content=\"2025-03-27T13:19:22+00:00\" \/>\n<meta name=\"author\" content=\"Eve Kaiser\" \/>\n<meta name=\"twitter:card\" content=\"summary_large_image\" \/>\n<script type=\"application\/ld+json\" class=\"yoast-schema-graph\">{\"@context\":\"https:\\\/\\\/schema.org\",\"@graph\":[{\"@type\":\"Article\",\"@id\":\"https:\\\/\\\/newplace.ch\\\/fairer-trennungsprozess-moeglich\\\/#article\",\"isPartOf\":{\"@id\":\"https:\\\/\\\/newplace.ch\\\/fairer-trennungsprozess-moeglich\\\/\"},\"author\":{\"name\":\"Eve Kaiser\",\"@id\":\"https:\\\/\\\/newplace.ch\\\/#\\\/schema\\\/person\\\/4fb9d1c27d6b96b5b88d45e150fa59aa\"},\"headline\":\"Ein fairer Trennungsprozess \u2013 ist das wirklich m\u00f6glich?\",\"datePublished\":\"2023-08-09T08:41:26+00:00\",\"dateModified\":\"2025-03-27T13:19:22+00:00\",\"mainEntityOfPage\":{\"@id\":\"https:\\\/\\\/newplace.ch\\\/fairer-trennungsprozess-moeglich\\\/\"},\"wordCount\":192,\"commentCount\":0,\"publisher\":{\"@id\":\"https:\\\/\\\/newplace.ch\\\/#organization\"},\"articleSection\":[\"aus der HR-Welt\",\"von newplace\"],\"inLanguage\":\"en-US\",\"potentialAction\":[{\"@type\":\"CommentAction\",\"name\":\"Comment\",\"target\":[\"https:\\\/\\\/newplace.ch\\\/fairer-trennungsprozess-moeglich\\\/#respond\"]}]},{\"@type\":\"WebPage\",\"@id\":\"https:\\\/\\\/newplace.ch\\\/fairer-trennungsprozess-moeglich\\\/\",\"url\":\"https:\\\/\\\/newplace.ch\\\/fairer-trennungsprozess-moeglich\\\/\",\"name\":\"Standortbestimmung und ihr Wert f\u00fcr die eigene Entwicklung\",\"isPartOf\":{\"@id\":\"https:\\\/\\\/newplace.ch\\\/#website\"},\"datePublished\":\"2023-08-09T08:41:26+00:00\",\"dateModified\":\"2025-03-27T13:19:22+00:00\",\"description\":\"Standortbestimmungen und ihr Wert f\u00fcr die pers\u00f6nliche und berufliche Entwicklung - unabh\u00e4ngig vom Alter\",\"breadcrumb\":{\"@id\":\"https:\\\/\\\/newplace.ch\\\/fairer-trennungsprozess-moeglich\\\/#breadcrumb\"},\"inLanguage\":\"en-US\",\"potentialAction\":[{\"@type\":\"ReadAction\",\"target\":[\"https:\\\/\\\/newplace.ch\\\/fairer-trennungsprozess-moeglich\\\/\"]}]},{\"@type\":\"BreadcrumbList\",\"@id\":\"https:\\\/\\\/newplace.ch\\\/fairer-trennungsprozess-moeglich\\\/#breadcrumb\",\"itemListElement\":[{\"@type\":\"ListItem\",\"position\":1,\"name\":\"Startseite\",\"item\":\"https:\\\/\\\/newplace.ch\\\/\"},{\"@type\":\"ListItem\",\"position\":2,\"name\":\"Ein fairer Trennungsprozess \u2013 ist das wirklich m\u00f6glich?\"}]},{\"@type\":\"WebSite\",\"@id\":\"https:\\\/\\\/newplace.ch\\\/#website\",\"url\":\"https:\\\/\\\/newplace.ch\\\/\",\"name\":\"newplace\",\"description\":\"\",\"publisher\":{\"@id\":\"https:\\\/\\\/newplace.ch\\\/#organization\"},\"potentialAction\":[{\"@type\":\"SearchAction\",\"target\":{\"@type\":\"EntryPoint\",\"urlTemplate\":\"https:\\\/\\\/newplace.ch\\\/?s={search_term_string}\"},\"query-input\":{\"@type\":\"PropertyValueSpecification\",\"valueRequired\":true,\"valueName\":\"search_term_string\"}}],\"inLanguage\":\"en-US\"},{\"@type\":\"Organization\",\"@id\":\"https:\\\/\\\/newplace.ch\\\/#organization\",\"name\":\"newplace AG\",\"url\":\"https:\\\/\\\/newplace.ch\\\/\",\"logo\":{\"@type\":\"ImageObject\",\"inLanguage\":\"en-US\",\"@id\":\"https:\\\/\\\/newplace.ch\\\/#\\\/schema\\\/logo\\\/image\\\/\",\"url\":\"https:\\\/\\\/newplace.ch\\\/wp-content\\\/uploads\\\/2025\\\/02\\\/newplace.svg\",\"contentUrl\":\"https:\\\/\\\/newplace.ch\\\/wp-content\\\/uploads\\\/2025\\\/02\\\/newplace.svg\",\"width\":345,\"height\":120,\"caption\":\"newplace AG\"},\"image\":{\"@id\":\"https:\\\/\\\/newplace.ch\\\/#\\\/schema\\\/logo\\\/image\\\/\"},\"sameAs\":[\"https:\\\/\\\/www.linkedin.com\\\/company\\\/newplace-ag\"]},{\"@type\":\"Person\",\"@id\":\"https:\\\/\\\/newplace.ch\\\/#\\\/schema\\\/person\\\/4fb9d1c27d6b96b5b88d45e150fa59aa\",\"name\":\"Eve Kaiser\",\"image\":{\"@type\":\"ImageObject\",\"inLanguage\":\"en-US\",\"@id\":\"https:\\\/\\\/secure.gravatar.com\\\/avatar\\\/7c2d6d328de78931d92c8d6e08d766db4ba97f53879eaba54c71747faeed578d?s=96&d=mm&r=g\",\"url\":\"https:\\\/\\\/secure.gravatar.com\\\/avatar\\\/7c2d6d328de78931d92c8d6e08d766db4ba97f53879eaba54c71747faeed578d?s=96&d=mm&r=g\",\"contentUrl\":\"https:\\\/\\\/secure.gravatar.com\\\/avatar\\\/7c2d6d328de78931d92c8d6e08d766db4ba97f53879eaba54c71747faeed578d?s=96&d=mm&r=g\",\"caption\":\"Eve Kaiser\"}}]}<\/script>\n<!-- \/ Yoast SEO plugin. -->","yoast_head_json":{"title":"Standortbestimmung und ihr Wert f\u00fcr die eigene Entwicklung","description":"Standortbestimmungen und ihr Wert f\u00fcr die pers\u00f6nliche und berufliche Entwicklung - unabh\u00e4ngig vom Alter","robots":{"index":"index","follow":"follow","max-snippet":"max-snippet:-1","max-image-preview":"max-image-preview:large","max-video-preview":"max-video-preview:-1"},"canonical":"https:\/\/newplace.ch\/en\/fairer-trennungsprozess-moeglich\/","og_locale":"en_US","og_type":"article","og_title":"Standortbestimmung und ihr Wert f\u00fcr die eigene Entwicklung","og_description":"Standortbestimmungen und ihr Wert f\u00fcr die pers\u00f6nliche und berufliche Entwicklung - unabh\u00e4ngig vom Alter","og_url":"https:\/\/newplace.ch\/en\/fairer-trennungsprozess-moeglich\/","og_site_name":"newplace","article_published_time":"2023-08-09T08:41:26+00:00","article_modified_time":"2025-03-27T13:19:22+00:00","author":"Eve Kaiser","twitter_card":"summary_large_image","schema":{"@context":"https:\/\/schema.org","@graph":[{"@type":"Article","@id":"https:\/\/newplace.ch\/fairer-trennungsprozess-moeglich\/#article","isPartOf":{"@id":"https:\/\/newplace.ch\/fairer-trennungsprozess-moeglich\/"},"author":{"name":"Eve Kaiser","@id":"https:\/\/newplace.ch\/#\/schema\/person\/4fb9d1c27d6b96b5b88d45e150fa59aa"},"headline":"Ein fairer Trennungsprozess \u2013 ist das wirklich m\u00f6glich?","datePublished":"2023-08-09T08:41:26+00:00","dateModified":"2025-03-27T13:19:22+00:00","mainEntityOfPage":{"@id":"https:\/\/newplace.ch\/fairer-trennungsprozess-moeglich\/"},"wordCount":192,"commentCount":0,"publisher":{"@id":"https:\/\/newplace.ch\/#organization"},"articleSection":["aus der HR-Welt","von newplace"],"inLanguage":"en-US","potentialAction":[{"@type":"CommentAction","name":"Comment","target":["https:\/\/newplace.ch\/fairer-trennungsprozess-moeglich\/#respond"]}]},{"@type":"WebPage","@id":"https:\/\/newplace.ch\/fairer-trennungsprozess-moeglich\/","url":"https:\/\/newplace.ch\/fairer-trennungsprozess-moeglich\/","name":"Standortbestimmung und ihr Wert f\u00fcr die eigene Entwicklung","isPartOf":{"@id":"https:\/\/newplace.ch\/#website"},"datePublished":"2023-08-09T08:41:26+00:00","dateModified":"2025-03-27T13:19:22+00:00","description":"Standortbestimmungen und ihr Wert f\u00fcr die pers\u00f6nliche und berufliche Entwicklung - unabh\u00e4ngig vom Alter","breadcrumb":{"@id":"https:\/\/newplace.ch\/fairer-trennungsprozess-moeglich\/#breadcrumb"},"inLanguage":"en-US","potentialAction":[{"@type":"ReadAction","target":["https:\/\/newplace.ch\/fairer-trennungsprozess-moeglich\/"]}]},{"@type":"BreadcrumbList","@id":"https:\/\/newplace.ch\/fairer-trennungsprozess-moeglich\/#breadcrumb","itemListElement":[{"@type":"ListItem","position":1,"name":"Startseite","item":"https:\/\/newplace.ch\/"},{"@type":"ListItem","position":2,"name":"Ein fairer Trennungsprozess \u2013 ist das wirklich m\u00f6glich?"}]},{"@type":"WebSite","@id":"https:\/\/newplace.ch\/#website","url":"https:\/\/newplace.ch\/","name":"newplace","description":"","publisher":{"@id":"https:\/\/newplace.ch\/#organization"},"potentialAction":[{"@type":"SearchAction","target":{"@type":"EntryPoint","urlTemplate":"https:\/\/newplace.ch\/?s={search_term_string}"},"query-input":{"@type":"PropertyValueSpecification","valueRequired":true,"valueName":"search_term_string"}}],"inLanguage":"en-US"},{"@type":"Organization","@id":"https:\/\/newplace.ch\/#organization","name":"newplace AG","url":"https:\/\/newplace.ch\/","logo":{"@type":"ImageObject","inLanguage":"en-US","@id":"https:\/\/newplace.ch\/#\/schema\/logo\/image\/","url":"https:\/\/newplace.ch\/wp-content\/uploads\/2025\/02\/newplace.svg","contentUrl":"https:\/\/newplace.ch\/wp-content\/uploads\/2025\/02\/newplace.svg","width":345,"height":120,"caption":"newplace AG"},"image":{"@id":"https:\/\/newplace.ch\/#\/schema\/logo\/image\/"},"sameAs":["https:\/\/www.linkedin.com\/company\/newplace-ag"]},{"@type":"Person","@id":"https:\/\/newplace.ch\/#\/schema\/person\/4fb9d1c27d6b96b5b88d45e150fa59aa","name":"Eve Kaiser","image":{"@type":"ImageObject","inLanguage":"en-US","@id":"https:\/\/secure.gravatar.com\/avatar\/7c2d6d328de78931d92c8d6e08d766db4ba97f53879eaba54c71747faeed578d?s=96&d=mm&r=g","url":"https:\/\/secure.gravatar.com\/avatar\/7c2d6d328de78931d92c8d6e08d766db4ba97f53879eaba54c71747faeed578d?s=96&d=mm&r=g","contentUrl":"https:\/\/secure.gravatar.com\/avatar\/7c2d6d328de78931d92c8d6e08d766db4ba97f53879eaba54c71747faeed578d?s=96&d=mm&r=g","caption":"Eve Kaiser"}}]}},"_links":{"self":[{"href":"https:\/\/newplace.ch\/en\/wp-json\/wp\/v2\/posts\/3606","targetHints":{"allow":["GET"]}}],"collection":[{"href":"https:\/\/newplace.ch\/en\/wp-json\/wp\/v2\/posts"}],"about":[{"href":"https:\/\/newplace.ch\/en\/wp-json\/wp\/v2\/types\/post"}],"author":[{"embeddable":true,"href":"https:\/\/newplace.ch\/en\/wp-json\/wp\/v2\/users\/3"}],"replies":[{"embeddable":true,"href":"https:\/\/newplace.ch\/en\/wp-json\/wp\/v2\/comments?post=3606"}],"version-history":[{"count":1,"href":"https:\/\/newplace.ch\/en\/wp-json\/wp\/v2\/posts\/3606\/revisions"}],"predecessor-version":[{"id":4981,"href":"https:\/\/newplace.ch\/en\/wp-json\/wp\/v2\/posts\/3606\/revisions\/4981"}],"wp:attachment":[{"href":"https:\/\/newplace.ch\/en\/wp-json\/wp\/v2\/media?parent=3606"}],"wp:term":[{"taxonomy":"category","embeddable":true,"href":"https:\/\/newplace.ch\/en\/wp-json\/wp\/v2\/categories?post=3606"},{"taxonomy":"post_tag","embeddable":true,"href":"https:\/\/newplace.ch\/en\/wp-json\/wp\/v2\/tags?post=3606"}],"curies":[{"name":"wp","href":"https:\/\/api.w.org\/{rel}","templated":true}]}}